{"id":4895,"date":"2020-09-04T10:11:46","date_gmt":"2020-09-04T13:11:46","guid":{"rendered":"https:\/\/sincomavi.org.br\/?p=4895"},"modified":"2020-09-04T10:12:45","modified_gmt":"2020-09-04T13:12:45","slug":"lgpd-procon-sp-lanca-curso-online-com-os-principais-temas-da-nova-lei","status":"publish","type":"post","link":"https:\/\/sincomavi.org.br\/?p=4895","title":{"rendered":"LGPD: Procon-SP lan\u00e7a curso online com os principais temas da nova lei"},"content":{"rendered":"<style>.wp-block-kadence-spacer.kt-block-spacer-_22f030-a7 .kt-block-spacer{height:60px;}.wp-block-kadence-spacer.kt-block-spacer-_22f030-a7 .kt-divider{border-top-width:1px;height:1px;border-top-color:#eee;width:80%;border-top-style:solid;}<\/style>\n<div class=\"wp-block-kadence-spacer aligncenter kt-block-spacer-_22f030-a7\"><div class=\"kt-block-spacer kt-block-spacer-halign-center\" style=\"height:60px\"><hr class=\"kt-divider\" style=\"border-top-color:rgba(238, 238, 238, 1);border-top-width:1px;width:80%;border-top-style:solid\"\/><\/div><\/div>\n\n\n\n<p>Por meio da Escola de Prote\u00e7\u00e3o e Defesa do Consumidor (PDC), a Funda\u00e7\u00e3o Procon-SP oferecer\u00e1 v\u00eddeos explicando os principais pontos da Lei Geral de Prote\u00e7\u00e3o de Dados (LGPD), como: conceitos b\u00e1sicos, puni\u00e7\u00f5es previstas e a import\u00e2ncia da prote\u00e7\u00e3o dos dados pessoais dos cidad\u00e3os. O conte\u00fado ficou sob a responsabilidade de Marcus Vinicius Pujol, diretor da EPDC, e a economista e advogada Elaine Keller.<\/p>\n\n\n\n<p>O curso estar\u00e1 \u00e0 disposi\u00e7\u00e3o dos interessados a partir do dia 07 de setembro no canal do Procon-SP no YouTube e foi dividido em quatro partes: Prote\u00e7\u00e3o de Dados; Tratamento de Dados; Dados Sens\u00edveis; e Controlador, Operador e Encarregado.<\/p>\n\n\n<style>.wp-block-kadence-iconlist.kt-svg-icon-list-items_48ed8f-2a:not(.this-stops-third-party-issues){margin-top:0px;margin-bottom:0px;}.wp-block-kadence-iconlist.kt-svg-icon-list-items_48ed8f-2a ul.kt-svg-icon-list:not(.this-prevents-issues):not(.this-stops-third-party-issues):not(.tijsloc){margin-top:0px;margin-right:0px;margin-bottom:var(--global-kb-spacing-sm, 1.5rem);margin-left:0px;}.wp-block-kadence-iconlist.kt-svg-icon-list-items_48ed8f-2a ul.kt-svg-icon-list{grid-row-gap:5px;}.wp-block-kadence-iconlist.kt-svg-icon-list-items_48ed8f-2a ul.kt-svg-icon-list .kt-svg-icon-list-item-wrap .kt-svg-icon-list-single{margin-right:10px;}.kt-svg-icon-list-items_48ed8f-2a ul.kt-svg-icon-list .kt-svg-icon-list-item-wrap, .kt-svg-icon-list-items_48ed8f-2a ul.kt-svg-icon-list .kt-svg-icon-list-item-wrap a{color:#cf2e2e;color:#cf2e2e;}.kt-svg-icon-list-items_48ed8f-2a ul.kt-svg-icon-list .kt-svg-icon-list-level-0 .kt-svg-icon-list-single svg{font-size:20px;}<\/style>\n<div class=\"wp-block-kadence-iconlist kt-svg-icon-list-items kt-svg-icon-list-items_48ed8f-2a kt-svg-icon-list-columns-1 alignnone\"><ul class=\"kt-svg-icon-list\"><li class=\"kt-svg-icon-list-style-default kt-svg-icon-list-item-wrap kt-svg-icon-list-item-0\"><div style=\"display:inline-flex;justify-content:center;align-items:center\" class=\"kt-svg-icon-list-single kt-svg-icon-list-single-fe_checkCircle\"><svg style=\"display:inline-block;vertical-align:middle\" viewbox=\"0 0 24 24\" height=\"20\" width=\"20\" fill=\"none\" stroke=\"currentColor\" xmlns=\"http:\/\/www.w3.org\/2000\/svg\" stroke-width=\"2\" stroke-linecap=\"round\" stroke-linejoin=\"round\"><path d=\"M22 11.08V12a10 10 0 1 1-5.93-9.14\"><\/path><polyline points=\"22 4 12 14.01 9 11.01\"><\/polyline><\/svg><\/div><span class=\"kt-svg-icon-list-text\"><strong>Vale lembrar: o Sincomavi e a Quattro Consultoria em TI produziram o e-book \u201cDescomplicando a LGPD\u201d. O download gratuito pode ser feito no link abaixo.<\/strong><\/span><\/li><\/ul><\/div>\n\n\n<style>.wp-block-kadence-advancedbtn.kb-btns_258d6d-b9{gap:var(--global-kb-gap-xs, 0.5rem );justify-content:center;align-items:center;}.kt-btns_258d6d-b9 .kt-button{font-weight:normal;font-style:normal;}.kt-btns_258d6d-b9 .kt-btn-wrap-0{margin-right:5px;}.wp-block-kadence-advancedbtn.kt-btns_258d6d-b9 .kt-btn-wrap-0 .kt-button{color:#555555;border-color:#555555;}.wp-block-kadence-advancedbtn.kt-btns_258d6d-b9 .kt-btn-wrap-0 .kt-button:hover, .wp-block-kadence-advancedbtn.kt-btns_258d6d-b9 .kt-btn-wrap-0 .kt-button:focus{color:#ffffff;border-color:#444444;}.wp-block-kadence-advancedbtn.kt-btns_258d6d-b9 .kt-btn-wrap-0 .kt-button::before{display:none;}.wp-block-kadence-advancedbtn.kt-btns_258d6d-b9 .kt-btn-wrap-0 .kt-button:hover, .wp-block-kadence-advancedbtn.kt-btns_258d6d-b9 .kt-btn-wrap-0 .kt-button:focus{background:#444444;}<\/style>\n<div class=\"wp-block-kadence-advancedbtn kt-btn-align-center kt-btn-tablet-align-inherit kt-btn-mobile-align-inherit kt-btns-wrap kt-btns_258d6d-b9\"><div class=\"kt-btn-wrap kt-btn-wrap-0\"><a class=\"kt-button button kt-btn-0-action kt-btn-size-standard kt-btn-style-basic kt-btn-svg-show-always kt-btn-has-text-true kt-btn-has-svg-false\" href=\"https:\/\/sincomavi.org.br\/wp-content\/uploads\/2020\/09\/EBOOK_LGPD.pdf\" target=\"_blank\" rel=\"noreferrer noopener\"><span class=\"kt-btn-inner-text\">CLIQUE AQUI<\/span><\/a><\/div><\/div>\n\n\n<style>.wp-block-kadence-spacer.kt-block-spacer-_87aed8-f7 .kt-block-spacer{height:60px;}.wp-block-kadence-spacer.kt-block-spacer-_87aed8-f7 .kt-divider{border-top-width:1px;height:1px;border-top-color:#eee;width:80%;border-top-style:solid;}<\/style>\n<div class=\"wp-block-kadence-spacer aligncenter kt-block-spacer-_87aed8-f7\"><div class=\"kt-block-spacer kt-block-spacer-halign-center\" style=\"height:60px\"><hr class=\"kt-divider\" style=\"border-top-color:rgba(238, 238, 238, 1);border-top-width:1px;width:80%;border-top-style:solid\"\/><\/div><\/div>\n","protected":false},"excerpt":{"rendered":"<p>Por meio da Escola de Prote\u00e7\u00e3o e Defesa do Consumidor (PDC), a Funda\u00e7\u00e3o Procon-SP oferecer\u00e1 v\u00eddeos explicando os principais pontos da Lei Geral de Prote\u00e7\u00e3o de Dados (LGPD), como: conceitos b\u00e1sicos, puni\u00e7\u00f5es previstas e a import\u00e2ncia da prote\u00e7\u00e3o dos dados pessoais dos cidad\u00e3os. O conte\u00fado ficou sob a responsabilidade de Marcus Vinicius Pujol, diretor da [&hellip;]<\/p>\n","protected":false},"author":1,"featured_media":4896,"comment_status":"closed","ping_status":"open","sticky":false,"template":"","format":"standard","meta":{"tdm_status":"","tdm_grid_status":"","footnotes":""},"categories":[153],"tags":[511,96,489,290,71],"class_list":["post-4895","post","type-post","status-publish","format-standard","has-post-thumbnail","hentry","category-noticias","tag-e-book","tag-fiscalizacao","tag-lei-geral-de-protecao-de-dados","tag-lgpd","tag-procon"],"amp_enabled":true,"_links":{"self":[{"href":"https:\/\/sincomavi.org.br\/index.php?rest_route=\/wp\/v2\/posts\/4895","targetHints":{"allow":["GET"]}}],"collection":[{"href":"https:\/\/sincomavi.org.br\/index.php?rest_route=\/wp\/v2\/posts"}],"about":[{"href":"https:\/\/sincomavi.org.br\/index.php?rest_route=\/wp\/v2\/types\/post"}],"author":[{"embeddable":true,"href":"https:\/\/sincomavi.org.br\/index.php?rest_route=\/wp\/v2\/users\/1"}],"replies":[{"embeddable":true,"href":"https:\/\/sincomavi.org.br\/index.php?rest_route=%2Fwp%2Fv2%2Fcomments&post=4895"}],"version-history":[{"count":2,"href":"https:\/\/sincomavi.org.br\/index.php?rest_route=\/wp\/v2\/posts\/4895\/revisions"}],"predecessor-version":[{"id":4898,"href":"https:\/\/sincomavi.org.br\/index.php?rest_route=\/wp\/v2\/posts\/4895\/revisions\/4898"}],"wp:featuredmedia":[{"embeddable":true,"href":"https:\/\/sincomavi.org.br\/index.php?rest_route=\/wp\/v2\/media\/4896"}],"wp:attachment":[{"href":"https:\/\/sincomavi.org.br\/index.php?rest_route=%2Fwp%2Fv2%2Fmedia&parent=4895"}],"wp:term":[{"taxonomy":"category","embeddable":true,"href":"https:\/\/sincomavi.org.br\/index.php?rest_route=%2Fwp%2Fv2%2Fcategories&post=4895"},{"taxonomy":"post_tag","embeddable":true,"href":"https:\/\/sincomavi.org.br\/index.php?rest_route=%2Fwp%2Fv2%2Ftags&post=4895"}],"curies":[{"name":"wp","href":"https:\/\/api.w.org\/{rel}","templated":true}]}}