{"id":4788,"date":"2020-08-27T13:28:00","date_gmt":"2020-08-27T16:28:00","guid":{"rendered":"https:\/\/sincomavi.org.br\/?p=4788"},"modified":"2020-08-27T13:29:57","modified_gmt":"2020-08-27T16:29:57","slug":"esclarecimento-lgpd-nao-entra-imediatamente-em-vigor","status":"publish","type":"post","link":"https:\/\/sincomavi.org.br\/?p=4788","title":{"rendered":"Esclarecimento: LGPD n\u00e3o entra imediatamente em vigor"},"content":{"rendered":"<style>.wp-block-kadence-spacer.kt-block-spacer-_7ebbba-97 .kt-block-spacer{height:60px;}.wp-block-kadence-spacer.kt-block-spacer-_7ebbba-97 .kt-divider{border-top-width:1px;height:1px;border-top-color:#eee;width:80%;border-top-style:solid;}<\/style>\n<div class=\"wp-block-kadence-spacer aligncenter kt-block-spacer-_7ebbba-97\"><div class=\"kt-block-spacer kt-block-spacer-halign-center\" style=\"height:60px\"><hr class=\"kt-divider\" style=\"border-top-color:rgba(238, 238, 238, 1);border-top-width:1px;width:80%;border-top-style:solid\"\/><\/div><\/div>\n\n\n\n<p>27\/08\/20 | O Sincomavi, diante da aprova\u00e7\u00e3o da Medida Provis\u00f3ria 959\/20, com exclus\u00e3o do dispositivo que previa o adiamento at\u00e9 maio de 2021 pelo Senado Federal, informa aos empres\u00e1rios que a Lei Geral de Prote\u00e7\u00e3o de Dados (LGPD), que regulamenta o uso de dados pessoais de clientes e usu\u00e1rios por empresas p\u00fablicas e privadas, necessita ainda da san\u00e7\u00e3o da presid\u00eancia da Rep\u00fablica no prazo de 15 dias. Dessa maneira, a medida provis\u00f3ria, que previa o adiamento at\u00e9 maio de 2021, continua temporariamente em vigor.<\/p>\n\n\n\n<p>No entanto, diante do quadro apresentado, a recomenda\u00e7\u00e3o \u00e0s empresas \u00e9 rapidez nas medidas de adequa\u00e7\u00e3o \u00e0 nova legisla\u00e7\u00e3o, uma vez que o prazo para san\u00e7\u00e3o do projeto \u00e9 muito curto. O&nbsp;advogado Mario Barros Filhos, s\u00f3cio do escrit\u00f3rio BFAP Advogados, comenta que apesar das penalidades administrativas previstas na LGPD estarem suspensas at\u00e9 agosto de 2021, \u201ca Lei poder\u00e1 ser evocada pelo Minist\u00e9rio P\u00fablico, Procons e fundamento de decis\u00f5es judiciais na discuss\u00e3o da responsabilidade das empresas em rela\u00e7\u00e3o \u00e0 coleta e an\u00e1lise de dados pessoais&#8221;.<\/p>\n\n\n<style>.wp-block-kadence-spacer.kt-block-spacer-_bc4864-f2 .kt-block-spacer{height:60px;}.wp-block-kadence-spacer.kt-block-spacer-_bc4864-f2 .kt-divider{border-top-width:1px;height:1px;border-top-color:#eee;width:80%;border-top-style:solid;}<\/style>\n<div class=\"wp-block-kadence-spacer aligncenter kt-block-spacer-_bc4864-f2\"><div class=\"kt-block-spacer kt-block-spacer-halign-center\" style=\"height:60px\"><hr class=\"kt-divider\" style=\"border-top-color:rgba(238, 238, 238, 1);border-top-width:1px;width:80%;border-top-style:solid\"\/><\/div><\/div>\n","protected":false},"excerpt":{"rendered":"<p>27\/08\/20 | O Sincomavi, diante da aprova\u00e7\u00e3o da Medida Provis\u00f3ria 959\/20, com exclus\u00e3o do dispositivo que previa o adiamento at\u00e9 maio de 2021 pelo Senado Federal, informa aos empres\u00e1rios que a Lei Geral de Prote\u00e7\u00e3o de Dados (LGPD), que regulamenta o uso de dados pessoais de clientes e usu\u00e1rios por empresas p\u00fablicas e privadas, necessita [&hellip;]<\/p>\n","protected":false},"author":1,"featured_media":4789,"comment_status":"closed","ping_status":"open","sticky":false,"template":"","format":"standard","meta":{"tdm_status":"","tdm_grid_status":"","footnotes":""},"categories":[153],"tags":[489,290],"class_list":["post-4788","post","type-post","status-publish","format-standard","has-post-thumbnail","hentry","category-noticias","tag-lei-geral-de-protecao-de-dados","tag-lgpd"],"amp_enabled":true,"_links":{"self":[{"href":"https:\/\/sincomavi.org.br\/index.php?rest_route=\/wp\/v2\/posts\/4788","targetHints":{"allow":["GET"]}}],"collection":[{"href":"https:\/\/sincomavi.org.br\/index.php?rest_route=\/wp\/v2\/posts"}],"about":[{"href":"https:\/\/sincomavi.org.br\/index.php?rest_route=\/wp\/v2\/types\/post"}],"author":[{"embeddable":true,"href":"https:\/\/sincomavi.org.br\/index.php?rest_route=\/wp\/v2\/users\/1"}],"replies":[{"embeddable":true,"href":"https:\/\/sincomavi.org.br\/index.php?rest_route=%2Fwp%2Fv2%2Fcomments&post=4788"}],"version-history":[{"count":3,"href":"https:\/\/sincomavi.org.br\/index.php?rest_route=\/wp\/v2\/posts\/4788\/revisions"}],"predecessor-version":[{"id":4792,"href":"https:\/\/sincomavi.org.br\/index.php?rest_route=\/wp\/v2\/posts\/4788\/revisions\/4792"}],"wp:featuredmedia":[{"embeddable":true,"href":"https:\/\/sincomavi.org.br\/index.php?rest_route=\/wp\/v2\/media\/4789"}],"wp:attachment":[{"href":"https:\/\/sincomavi.org.br\/index.php?rest_route=%2Fwp%2Fv2%2Fmedia&parent=4788"}],"wp:term":[{"taxonomy":"category","embeddable":true,"href":"https:\/\/sincomavi.org.br\/index.php?rest_route=%2Fwp%2Fv2%2Fcategories&post=4788"},{"taxonomy":"post_tag","embeddable":true,"href":"https:\/\/sincomavi.org.br\/index.php?rest_route=%2Fwp%2Fv2%2Ftags&post=4788"}],"curies":[{"name":"wp","href":"https:\/\/api.w.org\/{rel}","templated":true}]}}