{"id":4752,"date":"2020-08-10T15:05:00","date_gmt":"2020-08-10T18:05:00","guid":{"rendered":"https:\/\/sincomavi.org.br\/?p=4752"},"modified":"2020-09-03T10:20:27","modified_gmt":"2020-09-03T13:20:27","slug":"cct-biritiba-mirim-guararema-salesopolis-e-suzano-2018-2020","status":"publish","type":"post","link":"https:\/\/sincomavi.org.br\/?p=4752","title":{"rendered":"CCT Biritiba Mirim, Guararema, Sales\u00f3polis e Suzano 2018\/2020"},"content":{"rendered":"<style>.wp-block-kadence-spacer.kt-block-spacer-_586043-92 .kt-block-spacer{height:60px;}.wp-block-kadence-spacer.kt-block-spacer-_586043-92 .kt-divider{border-top-width:1px;height:1px;border-top-color:#eee;width:80%;border-top-style:solid;}<\/style>\n<div class=\"wp-block-kadence-spacer aligncenter kt-block-spacer-_586043-92\"><div class=\"kt-block-spacer kt-block-spacer-halign-center\" style=\"height:60px\"><hr class=\"kt-divider\" style=\"border-top-color:rgba(238, 238, 238, 1);border-top-width:1px;width:80%;border-top-style:solid\"\/><\/div><\/div>\n\n\n\n<p>25\/08\/2020 | Ap\u00f3s dois anos de \u00e1rduas negocia\u00e7\u00f5es, o Sincomavi, por meio de procura\u00e7\u00e3o outorgada \u00e0 Federa\u00e7\u00e3o do Com\u00e9rcio de Bens, Servi\u00e7os e Turismo do Estado de S\u00e3o Paulo (FecomercioSP), assinou a Conven\u00e7\u00e3o Coletiva de Trabalho (CCT) dos comerci\u00e1rios do interior do Estado de S\u00e3o Paulo, que no \u00e2mbito de representa\u00e7\u00e3o do Sincomavi compreende as cidades acima, com data-base em 1\u00ba de setembro, referente ao per\u00edodo de 2018 a 2020.<\/p>\n\n\n\n<p>A norma, celebrada com a Federa\u00e7\u00e3o dos Comerci\u00e1rios do Estado de S\u00e3o Paulo (Fecomerci\u00e1rios), que representa os trabalhadores do setor, regulariza as rela\u00e7\u00f5es de trabalho dos \u00faltimos dois anos. Os termos s\u00e3o v\u00e1lidos at\u00e9 o pr\u00f3ximo dia 31 de agosto de 2020.<\/p>\n\n\n\n<p>O \u00edndice de reajuste salarial \u00e9 de 8,58% (4,4% referentes ao per\u00edodo de 2017\/2018 e 4% referentes ao per\u00edodo 2018\/2019), de acordo com a proporcionalidade prevista na norma.<\/p>\n\n\n\n<p>Tamb\u00e9m ficou acertado o pagamento de abonos junto ao sal\u00e1rio do m\u00eas de agosto de 2020 no valor de R$ 60,00 para os empregados admitidos at\u00e9 31 de agosto de 2018, e de R$ 120,00 para os empregados contratados at\u00e9 a mesma data no ano de 2017, desde que tenham os contratos ativos na data de assinatura da norma coletiva.<\/p>\n\n\n\n<p>As empresas que j\u00e1 concederam reajuste em valor igual ou superior \u00e0 somat\u00f3ria do \u00edndice e do abono ficam dispensadas da atualiza\u00e7\u00e3o salarial dos empregados.<\/p>\n\n\n\n<p>As diferen\u00e7as salariais, inclusive o d\u00e9cimo terceiro e as f\u00e9rias, podem ser pagas em at\u00e9 quatro parcelas, de agosto a novembro deste ano. Tamb\u00e9m \u00e9 permitida a compensa\u00e7\u00e3o de qualquer valor que tenha sido antecipado.<\/p>\n\n\n\n<p>A norma ainda prev\u00ea disposi\u00e7\u00f5es sobre Regime Especial de Piso Salarial (Repis), Jornada de trabalho, banco de horas e feriados, Flexibiliza\u00e7\u00e3o da legisla\u00e7\u00e3o trabalhista em meio \u00e0 pandemia, Dia do Comerci\u00e1rio, Acordos coletivos e defini\u00e7\u00e3o de grupo econ\u00f4mico.<\/p>\n\n\n\n<p>O Departamento Jur\u00eddico do Sincomavi alerta ainda que tamb\u00e9m foi assinado TERMO DE ADITAMENTO \u00e0 conven\u00e7\u00e3o, corrigindo a reda\u00e7\u00e3o do par\u00e1grafo terceiro da cl\u00e1usula primeira, nominada \u201cREAJUSTE SALARIAL\u201d e acrescentando a \u201cCL\u00c1USULA TRINTA E DOIS &#8211; DIA DO COMERCI\u00c1RIO (ABONO)&#8221;, renumerando-se as seguintes.<\/p>\n\n\n\n<p>Dada a extens\u00e3o e os efeitos das normas, \u00e9 recomendado o estudo completo das mesmas, cujos excertos est\u00e3o dispon\u00edveis nos links abaixo.<\/p>\n\n\n<style>.wp-block-kadence-advancedbtn.kb-btns_94bce6-61{gap:var(--global-kb-gap-xs, 0.5rem );justify-content:center;align-items:center;}.kt-btns_94bce6-61 .kt-button{font-weight:normal;font-style:normal;}.kt-btns_94bce6-61 .kt-btn-wrap-0{margin-right:5px;}.wp-block-kadence-advancedbtn.kt-btns_94bce6-61 .kt-btn-wrap-0 .kt-button{color:#555555;border-color:#555555;}.wp-block-kadence-advancedbtn.kt-btns_94bce6-61 .kt-btn-wrap-0 .kt-button:hover, .wp-block-kadence-advancedbtn.kt-btns_94bce6-61 .kt-btn-wrap-0 .kt-button:focus{color:#ffffff;border-color:#444444;}.wp-block-kadence-advancedbtn.kt-btns_94bce6-61 .kt-btn-wrap-0 .kt-button::before{display:none;}.wp-block-kadence-advancedbtn.kt-btns_94bce6-61 .kt-btn-wrap-0 .kt-button:hover, .wp-block-kadence-advancedbtn.kt-btns_94bce6-61 .kt-btn-wrap-0 .kt-button:focus{background:#444444;}<\/style>\n<div class=\"wp-block-kadence-advancedbtn kt-btn-align-center kt-btn-tablet-align-inherit kt-btn-mobile-align-inherit kt-btns-wrap kt-btns_94bce6-61\"><div class=\"kt-btn-wrap kt-btn-wrap-0\"><a class=\"kt-button button kt-btn-0-action kt-btn-size-standard kt-btn-style-basic kt-btn-svg-show-always kt-btn-has-text-true kt-btn-has-svg-false\" href=\"https:\/\/sincomavi.org.br\/wp-content\/uploads\/2020\/08\/CCT-SUZANO-E-REGI\u00c3O-2018_2020.pdf\" target=\"_blank\" rel=\"noreferrer noopener\"><span class=\"kt-btn-inner-text\">CCT 2018\/2020<\/span><\/a><\/div><\/div>\n\n\n<style>.wp-block-kadence-advancedbtn.kb-btns_90871c-56{gap:var(--global-kb-gap-xs, 0.5rem );justify-content:center;align-items:center;}.kt-btns_90871c-56 .kt-button{font-weight:normal;font-style:normal;}.kt-btns_90871c-56 .kt-btn-wrap-0{margin-right:5px;}.wp-block-kadence-advancedbtn.kt-btns_90871c-56 .kt-btn-wrap-0 .kt-button{color:#555555;border-color:#555555;}.wp-block-kadence-advancedbtn.kt-btns_90871c-56 .kt-btn-wrap-0 .kt-button:hover, .wp-block-kadence-advancedbtn.kt-btns_90871c-56 .kt-btn-wrap-0 .kt-button:focus{color:#ffffff;border-color:#444444;}.wp-block-kadence-advancedbtn.kt-btns_90871c-56 .kt-btn-wrap-0 .kt-button::before{display:none;}.wp-block-kadence-advancedbtn.kt-btns_90871c-56 .kt-btn-wrap-0 .kt-button:hover, .wp-block-kadence-advancedbtn.kt-btns_90871c-56 .kt-btn-wrap-0 .kt-button:focus{background:#444444;}<\/style>\n<div class=\"wp-block-kadence-advancedbtn kt-btn-align-center kt-btn-tablet-align-inherit kt-btn-mobile-align-inherit kt-btns-wrap kt-btns_90871c-56\"><div class=\"kt-btn-wrap kt-btn-wrap-0\"><a class=\"kt-button button kt-btn-0-action kt-btn-size-standard kt-btn-style-basic kt-btn-svg-show-always kt-btn-has-text-true kt-btn-has-svg-false\" href=\"https:\/\/sincomavi.org.br\/wp-content\/uploads\/2020\/08\/TERMO-ADITIVO-\u00c0-CCT-SUZANO-E-REGI\u00c3O-2018_2020.pdf\" target=\"_blank\" rel=\"noreferrer noopener\"><span class=\"kt-btn-inner-text\">TERMO ADITIVO<\/span><\/a><\/div><\/div>\n\n\n<style>.wp-block-kadence-spacer.kt-block-spacer-_25616e-3e .kt-block-spacer{height:60px;}.wp-block-kadence-spacer.kt-block-spacer-_25616e-3e .kt-divider{border-top-width:1px;height:1px;border-top-color:#eee;width:80%;border-top-style:solid;}<\/style>\n<div class=\"wp-block-kadence-spacer aligncenter kt-block-spacer-_25616e-3e\"><div class=\"kt-block-spacer kt-block-spacer-halign-center\" style=\"height:60px\"><hr class=\"kt-divider\" style=\"border-top-color:rgba(238, 238, 238, 1);border-top-width:1px;width:80%;border-top-style:solid\"\/><\/div><\/div>\n","protected":false},"excerpt":{"rendered":"<p>25\/08\/2020 | Ap\u00f3s dois anos de \u00e1rduas negocia\u00e7\u00f5es, o Sincomavi, por meio de procura\u00e7\u00e3o outorgada \u00e0 Federa\u00e7\u00e3o do Com\u00e9rcio de Bens, Servi\u00e7os e Turismo do Estado de S\u00e3o Paulo (FecomercioSP), assinou a Conven\u00e7\u00e3o Coletiva de Trabalho (CCT) dos comerci\u00e1rios do interior do Estado de S\u00e3o Paulo, que no \u00e2mbito de representa\u00e7\u00e3o do Sincomavi compreende as [&hellip;]<\/p>\n","protected":false},"author":1,"featured_media":4753,"comment_status":"closed","ping_status":"open","sticky":false,"template":"","format":"standard","meta":{"tdm_status":"","tdm_grid_status":"","footnotes":""},"categories":[157],"tags":[468,473,472,469,470,471],"class_list":["post-4752","post","type-post","status-publish","format-standard","has-post-thumbnail","hentry","category-alerta","tag-biritiba-mirim","tag-celebracao","tag-convencao","tag-guararema","tag-salesopolis","tag-suzano"],"amp_enabled":true,"_links":{"self":[{"href":"https:\/\/sincomavi.org.br\/index.php?rest_route=\/wp\/v2\/posts\/4752","targetHints":{"allow":["GET"]}}],"collection":[{"href":"https:\/\/sincomavi.org.br\/index.php?rest_route=\/wp\/v2\/posts"}],"about":[{"href":"https:\/\/sincomavi.org.br\/index.php?rest_route=\/wp\/v2\/types\/post"}],"author":[{"embeddable":true,"href":"https:\/\/sincomavi.org.br\/index.php?rest_route=\/wp\/v2\/users\/1"}],"replies":[{"embeddable":true,"href":"https:\/\/sincomavi.org.br\/index.php?rest_route=%2Fwp%2Fv2%2Fcomments&post=4752"}],"version-history":[{"count":1,"href":"https:\/\/sincomavi.org.br\/index.php?rest_route=\/wp\/v2\/posts\/4752\/revisions"}],"predecessor-version":[{"id":4754,"href":"https:\/\/sincomavi.org.br\/index.php?rest_route=\/wp\/v2\/posts\/4752\/revisions\/4754"}],"wp:featuredmedia":[{"embeddable":true,"href":"https:\/\/sincomavi.org.br\/index.php?rest_route=\/wp\/v2\/media\/4753"}],"wp:attachment":[{"href":"https:\/\/sincomavi.org.br\/index.php?rest_route=%2Fwp%2Fv2%2Fmedia&parent=4752"}],"wp:term":[{"taxonomy":"category","embeddable":true,"href":"https:\/\/sincomavi.org.br\/index.php?rest_route=%2Fwp%2Fv2%2Fcategories&post=4752"},{"taxonomy":"post_tag","embeddable":true,"href":"https:\/\/sincomavi.org.br\/index.php?rest_route=%2Fwp%2Fv2%2Ftags&post=4752"}],"curies":[{"name":"wp","href":"https:\/\/api.w.org\/{rel}","templated":true}]}}