{"id":4729,"date":"2020-08-25T13:05:05","date_gmt":"2020-08-25T16:05:05","guid":{"rendered":"https:\/\/sincomavi.org.br\/?p=4729"},"modified":"2020-08-25T13:06:39","modified_gmt":"2020-08-25T16:06:39","slug":"prorrogacao-da-reducao-suspensao-e-beneficios-emergenciais","status":"publish","type":"post","link":"https:\/\/sincomavi.org.br\/?p=4729","title":{"rendered":"Prorroga\u00e7\u00e3o da redu\u00e7\u00e3o, suspens\u00e3o e benef\u00edcios emergenciais"},"content":{"rendered":"<style>.wp-block-kadence-spacer.kt-block-spacer-_7aa8c3-34 .kt-block-spacer{height:60px;}.wp-block-kadence-spacer.kt-block-spacer-_7aa8c3-34 .kt-divider{border-top-width:1px;height:1px;border-top-color:#eee;width:80%;border-top-style:solid;}<\/style>\n<div class=\"wp-block-kadence-spacer aligncenter kt-block-spacer-_7aa8c3-34\"><div class=\"kt-block-spacer kt-block-spacer-halign-center\" style=\"height:60px\"><hr class=\"kt-divider\" style=\"border-top-color:rgba(238, 238, 238, 1);border-top-width:1px;width:80%;border-top-style:solid\"\/><\/div><\/div>\n\n\n\n<p>25\/08\/2020 &#8211; Decretada a prorroga\u00e7\u00e3o dos prazos para celebrar os acordos de redu\u00e7\u00e3o proporcional de jornada de trabalho e de sal\u00e1rio, de suspens\u00e3o tempor\u00e1ria de contrato de trabalho e para uso dos benef\u00edcios emergenciais de que tratam a Lei n\u00ba 14.020\/20 e o Decreto n\u00ba 10.422\/20. Apesar de, praticamente, repetirem os mecanismos previstos nos textos legais citados, \u00e9 poss\u00edvel observar que:<\/p>\n\n\n\n<ul class=\"wp-block-list\"><li>Os prazos m\u00e1ximos para celebrar acordo de redu\u00e7\u00e3o proporcional da jornada de trabalho e de sal\u00e1rio e de suspens\u00e3o tempor\u00e1ria de contrato de trabalho, ainda que em per\u00edodos sucessivos ou intercalados, ficam acrescidos de sessenta dias, de modo a completar o total de cento e oitenta dias, limitados \u00e0 dura\u00e7\u00e3o do estado de calamidade p\u00fablica.<\/li><\/ul>\n\n\n\n<ul class=\"wp-block-list\"><li>Os per\u00edodos de redu\u00e7\u00e3o proporcional de jornada de trabalho e de sal\u00e1rio e de suspens\u00e3o tempor\u00e1ria de contrato de trabalho, j\u00e1 utilizados at\u00e9 a data de publica\u00e7\u00e3o do decreto, ser\u00e3o computados para fins de contagem do limite m\u00e1ximo de 180 dias, obedecida \u00e0 dura\u00e7\u00e3o do estado de calamidade p\u00fablica.<\/li><\/ul>\n\n\n\n<ul class=\"wp-block-list\"><li>O empregado com contrato de trabalho intermitente formalizado at\u00e9 01 de abril de 2020 far\u00e1 jus ao benef\u00edcio emergencial mensal no valor de R$ 600,00 pelo per\u00edodo adicional de dois meses, contado da data de encerramento do per\u00edodo total de quatro meses de que tratam o art. 18 da Lei n\u00ba 14.020\/20 e o art. 6\u00ba do Decreto n\u00ba 10.422\/20.<\/li><\/ul>\n\n\n\n<ul class=\"wp-block-list\"><li>Observe-se que a concess\u00e3o e o pagamento do BEm &#8211; Benef\u00edcio Emergencial de Preserva\u00e7\u00e3o do Emprego e da Renda, bem como do benef\u00edcio emergencial mensal previsto, ficam condicionados \u00e0s disponibilidades or\u00e7ament\u00e1rias e \u00e0 dura\u00e7\u00e3o do estado de calamidade p\u00fablica.<\/li><\/ul>\n\n\n\n<p>\u00c9 necess\u00e1rio ressaltar ainda que a &#8220;dura\u00e7\u00e3o do estado de calamidade p\u00fablica&#8221;, citada diversas vezes acima e no texto legal, \u00e9 a determinada no art. 1\u00ba da Lei n\u00ba 14.020\/20 e est\u00e1, por enquanto, prevista para terminar em 31\/12\/2020.<\/p>\n\n\n\n<p><strong>Decreto 10.470 &#8211; DOU Extra 24\/08\/20<\/strong><\/p>\n\n\n<style>.wp-block-kadence-spacer.kt-block-spacer-_e835f9-58 .kt-block-spacer{height:60px;}.wp-block-kadence-spacer.kt-block-spacer-_e835f9-58 .kt-divider{border-top-width:1px;height:1px;border-top-color:#eee;width:80%;border-top-style:solid;}<\/style>\n<div class=\"wp-block-kadence-spacer aligncenter kt-block-spacer-_e835f9-58\"><div class=\"kt-block-spacer kt-block-spacer-halign-center\" style=\"height:60px\"><hr class=\"kt-divider\" style=\"border-top-color:rgba(238, 238, 238, 1);border-top-width:1px;width:80%;border-top-style:solid\"\/><\/div><\/div>\n","protected":false},"excerpt":{"rendered":"<p>25\/08\/2020 &#8211; Decretada a prorroga\u00e7\u00e3o dos prazos para celebrar os acordos de redu\u00e7\u00e3o proporcional de jornada de trabalho e de sal\u00e1rio, de suspens\u00e3o tempor\u00e1ria de contrato de trabalho e para uso dos benef\u00edcios emergenciais de que tratam a Lei n\u00ba 14.020\/20 e o Decreto n\u00ba 10.422\/20. Apesar de, praticamente, repetirem os mecanismos previstos nos textos [&hellip;]<\/p>\n","protected":false},"author":1,"featured_media":4730,"comment_status":"closed","ping_status":"open","sticky":false,"template":"","format":"standard","meta":{"tdm_status":"","tdm_grid_status":"","footnotes":""},"categories":[157],"tags":[349,397,467,147,466,465],"class_list":["post-4729","post","type-post","status-publish","format-standard","has-post-thumbnail","hentry","category-alerta","tag-coronavirus","tag-covid-19","tag-decreto-10422-20","tag-jornada-de-trabalho","tag-lei-14020-20","tag-salario"],"amp_enabled":true,"_links":{"self":[{"href":"https:\/\/sincomavi.org.br\/index.php?rest_route=\/wp\/v2\/posts\/4729","targetHints":{"allow":["GET"]}}],"collection":[{"href":"https:\/\/sincomavi.org.br\/index.php?rest_route=\/wp\/v2\/posts"}],"about":[{"href":"https:\/\/sincomavi.org.br\/index.php?rest_route=\/wp\/v2\/types\/post"}],"author":[{"embeddable":true,"href":"https:\/\/sincomavi.org.br\/index.php?rest_route=\/wp\/v2\/users\/1"}],"replies":[{"embeddable":true,"href":"https:\/\/sincomavi.org.br\/index.php?rest_route=%2Fwp%2Fv2%2Fcomments&post=4729"}],"version-history":[{"count":2,"href":"https:\/\/sincomavi.org.br\/index.php?rest_route=\/wp\/v2\/posts\/4729\/revisions"}],"predecessor-version":[{"id":4733,"href":"https:\/\/sincomavi.org.br\/index.php?rest_route=\/wp\/v2\/posts\/4729\/revisions\/4733"}],"wp:featuredmedia":[{"embeddable":true,"href":"https:\/\/sincomavi.org.br\/index.php?rest_route=\/wp\/v2\/media\/4730"}],"wp:attachment":[{"href":"https:\/\/sincomavi.org.br\/index.php?rest_route=%2Fwp%2Fv2%2Fmedia&parent=4729"}],"wp:term":[{"taxonomy":"category","embeddable":true,"href":"https:\/\/sincomavi.org.br\/index.php?rest_route=%2Fwp%2Fv2%2Fcategories&post=4729"},{"taxonomy":"post_tag","embeddable":true,"href":"https:\/\/sincomavi.org.br\/index.php?rest_route=%2Fwp%2Fv2%2Ftags&post=4729"}],"curies":[{"name":"wp","href":"https:\/\/api.w.org\/{rel}","templated":true}]}}