{"id":4629,"date":"2020-08-24T12:06:45","date_gmt":"2020-08-24T15:06:45","guid":{"rendered":"https:\/\/sincomavi.org.br\/?p=4629"},"modified":"2020-08-24T12:06:46","modified_gmt":"2020-08-24T15:06:46","slug":"importante-fiscalizacao-de-uso-de-mascaras-no-comercio","status":"publish","type":"post","link":"https:\/\/sincomavi.org.br\/?p=4629","title":{"rendered":"Importante: fiscaliza\u00e7\u00e3o de uso de m\u00e1scaras no com\u00e9rcio"},"content":{"rendered":"<style>.wp-block-kadence-spacer.kt-block-spacer-_38a819-a9 .kt-block-spacer{height:60px;}.wp-block-kadence-spacer.kt-block-spacer-_38a819-a9 .kt-divider{border-top-width:1px;height:1px;border-top-color:#eee;width:80%;border-top-style:solid;}<\/style>\n<div class=\"wp-block-kadence-spacer aligncenter kt-block-spacer-_38a819-a9\"><div class=\"kt-block-spacer kt-block-spacer-halign-center\" style=\"height:60px\"><hr class=\"kt-divider\" style=\"border-top-color:rgba(238, 238, 238, 1);border-top-width:1px;width:80%;border-top-style:solid\"\/><\/div><\/div>\n\n\n\n<p>A Secretaria de Estado da Sa\u00fade, desde a \u00faltima sexta-feira, 21 de agosto de 2020, intensificou as opera\u00e7\u00f5es da Vigil\u00e2ncia Sanit\u00e1ria e aumentou a fiscaliza\u00e7\u00e3o do uso de m\u00e1scaras e o respeito \u00e0s orienta\u00e7\u00f5es com rela\u00e7\u00e3o ao distanciamento social nos estabelecimentos comerciais, conforme Decreto Estadual n\u00ba 64.959, de 04 de maio de 2020.<\/p>\n\n\n\n<p>A programa\u00e7\u00e3o previa a visita da fiscaliza\u00e7\u00e3o a v\u00e1rios pontos da capital paulista, incluindo Zona Norte, Vila Madalena, Centro, Itaim, Tatuap\u00e9 e Barra Funda. O Departamento Jur\u00eddico do Sincomavi recomenda aos comerciantes que reforcem as a\u00e7\u00f5es para o atendimento do decreto estadual. Al\u00e9m de garantir a sa\u00fade de colaboradores e consumidores, esse cuidado ser\u00e1 capaz de evitar que o estabelecimento sofra as pesadas penaliza\u00e7\u00f5es previstas: multa de R$ 5.025,02 para pessoa jur\u00eddica, por cliente sem m\u00e1scara a cada fiscaliza\u00e7\u00e3o. Vale ressaltar ainda o investimento de R$ 1,2 milh\u00e3o, anunciado pela Secretaria da Sa\u00fade, com o objetivo de dobrar o contingente de fiscais.<\/p>\n\n\n\n<p><strong>Veja mais detalhes no Sincomavi Alerta<\/strong><\/p>\n\n\n<style>.wp-block-kadence-advancedbtn.kb-btns_eb2594-67{gap:var(--global-kb-gap-xs, 0.5rem );justify-content:center;align-items:center;}.kt-btns_eb2594-67 .kt-button{font-weight:normal;font-style:normal;}.kt-btns_eb2594-67 .kt-btn-wrap-0{margin-right:5px;}.wp-block-kadence-advancedbtn.kt-btns_eb2594-67 .kt-btn-wrap-0 .kt-button{color:#555555;border-color:#555555;}.wp-block-kadence-advancedbtn.kt-btns_eb2594-67 .kt-btn-wrap-0 .kt-button:hover, .wp-block-kadence-advancedbtn.kt-btns_eb2594-67 .kt-btn-wrap-0 .kt-button:focus{color:#ffffff;border-color:#444444;}.wp-block-kadence-advancedbtn.kt-btns_eb2594-67 .kt-btn-wrap-0 .kt-button::before{display:none;}.wp-block-kadence-advancedbtn.kt-btns_eb2594-67 .kt-btn-wrap-0 .kt-button:hover, .wp-block-kadence-advancedbtn.kt-btns_eb2594-67 .kt-btn-wrap-0 .kt-button:focus{background:#444444;}<\/style>\n<div class=\"wp-block-kadence-advancedbtn kt-btn-align-center kt-btn-tablet-align-inherit kt-btn-mobile-align-inherit kt-btns-wrap kt-btns_eb2594-67\"><div class=\"kt-btn-wrap kt-btn-wrap-0\"><a class=\"kt-button button kt-btn-0-action kt-btn-size-standard kt-btn-style-basic kt-btn-svg-show-always kt-btn-has-text-true kt-btn-has-svg-false\" href=\"http:\/\/sincomavialerta.org.br\" target=\"_blank\" rel=\"noreferrer noopener\"><span class=\"kt-btn-inner-text\">CLIQUE AQUI<\/span><\/a><\/div><\/div>\n\n\n<style>.wp-block-kadence-spacer.kt-block-spacer-_b408f7-f9 .kt-block-spacer{height:60px;}.wp-block-kadence-spacer.kt-block-spacer-_b408f7-f9 .kt-divider{border-top-width:1px;height:1px;border-top-color:#eee;width:80%;border-top-style:solid;}<\/style>\n<div class=\"wp-block-kadence-spacer aligncenter kt-block-spacer-_b408f7-f9\"><div class=\"kt-block-spacer kt-block-spacer-halign-center\" style=\"height:60px\"><hr class=\"kt-divider\" style=\"border-top-color:rgba(238, 238, 238, 1);border-top-width:1px;width:80%;border-top-style:solid\"\/><\/div><\/div>\n","protected":false},"excerpt":{"rendered":"<p>A Secretaria de Estado da Sa\u00fade, desde a \u00faltima sexta-feira, 21 de agosto de 2020, intensificou as opera\u00e7\u00f5es da Vigil\u00e2ncia Sanit\u00e1ria e aumentou a fiscaliza\u00e7\u00e3o do uso de m\u00e1scaras e o respeito \u00e0s orienta\u00e7\u00f5es com rela\u00e7\u00e3o ao distanciamento social nos estabelecimentos comerciais, conforme Decreto Estadual n\u00ba 64.959, de 04 de maio de 2020. A programa\u00e7\u00e3o [&hellip;]<\/p>\n","protected":false},"author":1,"featured_media":4630,"comment_status":"closed","ping_status":"open","sticky":false,"template":"","format":"standard","meta":{"tdm_status":"","tdm_grid_status":"","footnotes":""},"categories":[157],"tags":[70,69,349,397,283,96,402,463,464,383],"class_list":["post-4629","post","type-post","status-publish","format-standard","has-post-thumbnail","hentry","category-alerta","tag-cdc","tag-codigo-de-defesa-do-consumidor","tag-coronavirus","tag-covid-19","tag-decreto","tag-fiscalizacao","tag-governo-estadual","tag-multa","tag-penalizacoes","tag-relacoes-de-consumo"],"amp_enabled":true,"_links":{"self":[{"href":"https:\/\/sincomavi.org.br\/index.php?rest_route=\/wp\/v2\/posts\/4629","targetHints":{"allow":["GET"]}}],"collection":[{"href":"https:\/\/sincomavi.org.br\/index.php?rest_route=\/wp\/v2\/posts"}],"about":[{"href":"https:\/\/sincomavi.org.br\/index.php?rest_route=\/wp\/v2\/types\/post"}],"author":[{"embeddable":true,"href":"https:\/\/sincomavi.org.br\/index.php?rest_route=\/wp\/v2\/users\/1"}],"replies":[{"embeddable":true,"href":"https:\/\/sincomavi.org.br\/index.php?rest_route=%2Fwp%2Fv2%2Fcomments&post=4629"}],"version-history":[{"count":1,"href":"https:\/\/sincomavi.org.br\/index.php?rest_route=\/wp\/v2\/posts\/4629\/revisions"}],"predecessor-version":[{"id":4631,"href":"https:\/\/sincomavi.org.br\/index.php?rest_route=\/wp\/v2\/posts\/4629\/revisions\/4631"}],"wp:featuredmedia":[{"embeddable":true,"href":"https:\/\/sincomavi.org.br\/index.php?rest_route=\/wp\/v2\/media\/4630"}],"wp:attachment":[{"href":"https:\/\/sincomavi.org.br\/index.php?rest_route=%2Fwp%2Fv2%2Fmedia&parent=4629"}],"wp:term":[{"taxonomy":"category","embeddable":true,"href":"https:\/\/sincomavi.org.br\/index.php?rest_route=%2Fwp%2Fv2%2Fcategories&post=4629"},{"taxonomy":"post_tag","embeddable":true,"href":"https:\/\/sincomavi.org.br\/index.php?rest_route=%2Fwp%2Fv2%2Ftags&post=4629"}],"curies":[{"name":"wp","href":"https:\/\/api.w.org\/{rel}","templated":true}]}}