{"id":4624,"date":"2020-08-24T10:56:28","date_gmt":"2020-08-24T13:56:28","guid":{"rendered":"https:\/\/sincomavi.org.br\/?p=4624"},"modified":"2020-08-24T10:56:56","modified_gmt":"2020-08-24T13:56:56","slug":"boa-vista-registra-alta-de-45-no-movimento-do-comercio","status":"publish","type":"post","link":"https:\/\/sincomavi.org.br\/?p=4624","title":{"rendered":"Boa Vista registra alta de 4,5% no movimento do com\u00e9rcio"},"content":{"rendered":"<style>.wp-block-kadence-spacer.kt-block-spacer-_a54aff-9e .kt-block-spacer{height:60px;}.wp-block-kadence-spacer.kt-block-spacer-_a54aff-9e .kt-divider{border-top-width:1px;height:1px;border-top-color:#eee;width:80%;border-top-style:solid;}<\/style>\n<div class=\"wp-block-kadence-spacer aligncenter kt-block-spacer-_a54aff-9e\"><div class=\"kt-block-spacer kt-block-spacer-halign-center\" style=\"height:60px\"><hr class=\"kt-divider\" style=\"border-top-color:rgba(238, 238, 238, 1);border-top-width:1px;width:80%;border-top-style:solid\"\/><\/div><\/div>\n\n\n\n<p>Em julho, o Indicador Movimento do Com\u00e9rcio, da Boa Vista, contou com uma eleva\u00e7\u00e3o de 4,5% na compara\u00e7\u00e3o mensal dessazonalizada. Nos \u00faltimos 12 meses, o indicador acumula uma varia\u00e7\u00e3o negativa de 3,2%. No ano, de janeiro a julho, o resultado tamb\u00e9m se mostra inferior: queda de 7,5% contra o mesmo per\u00edodo do ano passado.<\/p>\n\n\n\n<div class=\"wp-block-image\"><figure class=\"aligncenter size-large\"><img loading=\"lazy\" decoding=\"async\" width=\"500\" height=\"191\" src=\"https:\/\/sincomavi.org.br\/wp-content\/uploads\/2020\/08\/BV1.png\" alt=\"\" class=\"wp-image-4625\" srcset=\"https:\/\/sincomavi.org.br\/wp-content\/uploads\/2020\/08\/BV1.png 500w, https:\/\/sincomavi.org.br\/wp-content\/uploads\/2020\/08\/BV1-300x115.png 300w\" sizes=\"auto, (max-width: 500px) 100vw, 500px\" \/><\/figure><\/div>\n\n\n\n<p>Os setores que contaram com os melhores desempenhos em julho foram \u201cM\u00f3veis e Eletrodom\u00e9sticos\u201d, alta de 12,8%, e \u201cTecidos, Vestu\u00e1rios e Cal\u00e7ados\u201d, com 6,1% de crescimento.<\/p>\n\n\n\n<div class=\"wp-block-image\"><figure class=\"aligncenter size-large\"><img loading=\"lazy\" decoding=\"async\" width=\"500\" height=\"154\" src=\"https:\/\/sincomavi.org.br\/wp-content\/uploads\/2020\/08\/BV2.png\" alt=\"\" class=\"wp-image-4626\" srcset=\"https:\/\/sincomavi.org.br\/wp-content\/uploads\/2020\/08\/BV2.png 500w, https:\/\/sincomavi.org.br\/wp-content\/uploads\/2020\/08\/BV2-300x92.png 300w\" sizes=\"auto, (max-width: 500px) 100vw, 500px\" \/><\/figure><\/div>\n\n\n<style>.wp-block-kadence-spacer.kt-block-spacer-_2def56-c7 .kt-block-spacer{height:60px;}.wp-block-kadence-spacer.kt-block-spacer-_2def56-c7 .kt-divider{border-top-width:1px;height:1px;border-top-color:#eee;width:80%;border-top-style:solid;}<\/style>\n<div class=\"wp-block-kadence-spacer aligncenter kt-block-spacer-_2def56-c7\"><div class=\"kt-block-spacer kt-block-spacer-halign-center\" style=\"height:60px\"><hr class=\"kt-divider\" style=\"border-top-color:rgba(238, 238, 238, 1);border-top-width:1px;width:80%;border-top-style:solid\"\/><\/div><\/div>\n","protected":false},"excerpt":{"rendered":"<p>Em julho, o Indicador Movimento do Com\u00e9rcio, da Boa Vista, contou com uma eleva\u00e7\u00e3o de 4,5% na compara\u00e7\u00e3o mensal dessazonalizada. Nos \u00faltimos 12 meses, o indicador acumula uma varia\u00e7\u00e3o negativa de 3,2%. No ano, de janeiro a julho, o resultado tamb\u00e9m se mostra inferior: queda de 7,5% contra o mesmo per\u00edodo do ano passado. Os [&hellip;]<\/p>\n","protected":false},"author":1,"featured_media":4627,"comment_status":"closed","ping_status":"open","sticky":false,"template":"","format":"standard","meta":{"tdm_status":"","tdm_grid_status":"","footnotes":""},"categories":[153],"tags":[199,201,160,200],"class_list":["post-4624","post","type-post","status-publish","format-standard","has-post-thumbnail","hentry","category-noticias","tag-comercio","tag-movimento","tag-pesquisa","tag-varejo"],"amp_enabled":true,"_links":{"self":[{"href":"https:\/\/sincomavi.org.br\/index.php?rest_route=\/wp\/v2\/posts\/4624","targetHints":{"allow":["GET"]}}],"collection":[{"href":"https:\/\/sincomavi.org.br\/index.php?rest_route=\/wp\/v2\/posts"}],"about":[{"href":"https:\/\/sincomavi.org.br\/index.php?rest_route=\/wp\/v2\/types\/post"}],"author":[{"embeddable":true,"href":"https:\/\/sincomavi.org.br\/index.php?rest_route=\/wp\/v2\/users\/1"}],"replies":[{"embeddable":true,"href":"https:\/\/sincomavi.org.br\/index.php?rest_route=%2Fwp%2Fv2%2Fcomments&post=4624"}],"version-history":[{"count":1,"href":"https:\/\/sincomavi.org.br\/index.php?rest_route=\/wp\/v2\/posts\/4624\/revisions"}],"predecessor-version":[{"id":4628,"href":"https:\/\/sincomavi.org.br\/index.php?rest_route=\/wp\/v2\/posts\/4624\/revisions\/4628"}],"wp:featuredmedia":[{"embeddable":true,"href":"https:\/\/sincomavi.org.br\/index.php?rest_route=\/wp\/v2\/media\/4627"}],"wp:attachment":[{"href":"https:\/\/sincomavi.org.br\/index.php?rest_route=%2Fwp%2Fv2%2Fmedia&parent=4624"}],"wp:term":[{"taxonomy":"category","embeddable":true,"href":"https:\/\/sincomavi.org.br\/index.php?rest_route=%2Fwp%2Fv2%2Fcategories&post=4624"},{"taxonomy":"post_tag","embeddable":true,"href":"https:\/\/sincomavi.org.br\/index.php?rest_route=%2Fwp%2Fv2%2Ftags&post=4624"}],"curies":[{"name":"wp","href":"https:\/\/api.w.org\/{rel}","templated":true}]}}