{"id":4591,"date":"2020-08-20T09:09:47","date_gmt":"2020-08-20T12:09:47","guid":{"rendered":"https:\/\/sincomavi.org.br\/?p=4591"},"modified":"2020-08-20T09:10:30","modified_gmt":"2020-08-20T12:10:30","slug":"venda-de-computadores-tem-queda-de-126-no-segundo-trimestre","status":"publish","type":"post","link":"https:\/\/sincomavi.org.br\/?p=4591","title":{"rendered":"Venda de computadores tem queda de 12,6% no segundo trimestre"},"content":{"rendered":"<style>.wp-block-kadence-spacer.kt-block-spacer-_902167-b0 .kt-block-spacer{height:60px;}.wp-block-kadence-spacer.kt-block-spacer-_902167-b0 .kt-divider{border-top-width:1px;height:1px;border-top-color:#eee;width:80%;border-top-style:solid;}<\/style>\n<div class=\"wp-block-kadence-spacer aligncenter kt-block-spacer-_902167-b0\"><div class=\"kt-block-spacer kt-block-spacer-halign-center\" style=\"height:60px\"><hr class=\"kt-divider\" style=\"border-top-color:rgba(238, 238, 238, 1);border-top-width:1px;width:80%;border-top-style:solid\"\/><\/div><\/div>\n\n\n\n<p>20\/08\/2020 | Depois de registrar aumento de 16% na demanda nos primeiros tr\u00eas meses do ano, o estudo IDC Brazil PCs Tracker aponta recuo de 12,6% no mercado de computadores no segundo trimestre de 2020 em rela\u00e7\u00e3o ao mesmo per\u00edodo do ano passado. Foram comercializadas 1,265 milh\u00e3o de m\u00e1quinas entre abril, maio e junho de 2020, 183 mil a menos do que no 2\u00ba trimestre de 2019 e 205 mil menos do que no 1\u00ba trimestre deste ano.<\/p>\n\n\n\n<p>O trabalho mostra ainda que o maior recuo foi causado pelo mercado corporativo. Segundo Rodrigo Okayama Pereira, analista de mercado da<strong> <a href=\"https:\/\/www.idc.com\/latam\">IDC Brasil<\/a><\/strong>, \u201cmais do que uma terr\u00edvel crise sanit\u00e1ria, as empresas est\u00e3o enfrentando uma crise de fluxo de caixa e precisam congelar investimentos&#8221;. Em sua opini\u00e3o, o aumento de pre\u00e7os devido ao valor do d\u00f3lar e mudan\u00e7as nas cobran\u00e7as do IPI e ICMS tamb\u00e9m influenciaram as compras empresariais no per\u00edodo.<\/p>\n\n\n\n<p>Por outro lado, o setor educacional continua com bons resultados. Essa categoria contou no segundo trimestre com um crescimento de 11,2% nas vendas. Outro desempenho positivo foi registrado pelas lojas f\u00edsicas, com\u00e9rcio eletr\u00f4nico e supermercado em raz\u00e3o de se manterem com atendimento durante toda a quarentena, com a venda de 906.423 unidades, sendo 111.072 desktops e 795.351 notebooks. &#8220;O que chamou aten\u00e7\u00e3o foi o crescimento de 90% (ano a ano) de m\u00e1quinas de alto desempenho\u201d, comenta Rodrigo. \u201cApesar de ainda representarem nichos de mercado, gamers, editores de arte, fot\u00f3grafos, arquitetos etc., que precisam de m\u00e1quinas de alta performance, com maior poder de processamento, compraram 92 mil notebooks e 20,4 mil desktops&#8221;.<\/p>\n\n\n\n<h2 class=\"wp-block-heading\">Pre\u00e7os<\/h2>\n\n\n\n<p>O varejo de computadores tamb\u00e9m tem sofrido com o aumento de pre\u00e7os dos produtos. O estudo do IDC Brasil revela que houve uma alta em rela\u00e7\u00e3o ao ano passado nos valores de microcomputadores e notebooks de 67,8% e 62.6%, respectivamente. Tendo como refer\u00eancia os tr\u00eas primeiros meses de 2020, a alta foi de 46,7% para desktops e de 38,2% para notebooks. &#8220;O segundo trimestre foi marcado pelo repasse de pre\u00e7os para o consumidor&#8221;, afirma Rodrigo. Quanto \u00e0 receita total do mercado de computadores no 2\u00ba trimestre de 2020 foi de R$5,314 bilh\u00f5es, ante R$4,545 do 2\u00ba tri de 2019 e ante R$5,252 do 1\u00ba tri de 2020<\/p>\n\n\n\n<h2 class=\"wp-block-heading\">Perspectiva<\/h2>\n\n\n\n<p>Estimativa feita pelo IDC Brasil aponta para uma pequena varia\u00e7\u00e3o positiva no mercado de computadores nos pr\u00f3ximos meses: 1,2% no 3\u00ba tri e de 3,5% no 4\u00ba tri de 2020. Rodrigo acredita que aos poucos as empresas voltar\u00e3o a fazer neg\u00f3cios, principalmente as pequenas e m\u00e9dias que sofreram muito com a pandemia, mas t\u00eam condi\u00e7\u00f5es de reagir mais rapidamente. \u201cAo mesmo tempo, observamos \u00edndices ascendentes de confian\u00e7a. Nada que represente uma grande virada. De certo mesmo, \u00e9 que os notebooks v\u00e3o fazer os n\u00fameros do ano, tanto no varejo como no mercado corporativo&#8221;, avalia.<\/p>\n\n\n\n<p>A proje\u00e7\u00e3o de crescimento para 2020 da IDC Brasil \u00e9 de 4,4% no varejo e de queda de 9,9% no corporativo.<\/p>\n\n\n<style>.wp-block-kadence-spacer.kt-block-spacer-_ff8733-96 .kt-block-spacer{height:60px;}.wp-block-kadence-spacer.kt-block-spacer-_ff8733-96 .kt-divider{border-top-width:1px;height:1px;border-top-color:#eee;width:80%;border-top-style:solid;}<\/style>\n<div class=\"wp-block-kadence-spacer aligncenter kt-block-spacer-_ff8733-96\"><div class=\"kt-block-spacer kt-block-spacer-halign-center\" style=\"height:60px\"><hr class=\"kt-divider\" style=\"border-top-color:rgba(238, 238, 238, 1);border-top-width:1px;width:80%;border-top-style:solid\"\/><\/div><\/div>\n","protected":false},"excerpt":{"rendered":"<p>20\/08\/2020 | Depois de registrar aumento de 16% na demanda nos primeiros tr\u00eas meses do ano, o estudo IDC Brazil PCs Tracker aponta recuo de 12,6% no mercado de computadores no segundo trimestre de 2020 em rela\u00e7\u00e3o ao mesmo per\u00edodo do ano passado. Foram comercializadas 1,265 milh\u00e3o de m\u00e1quinas entre abril, maio e junho de [&hellip;]<\/p>\n","protected":false},"author":1,"featured_media":4592,"comment_status":"closed","ping_status":"open","sticky":false,"template":"","format":"standard","meta":{"tdm_status":"","tdm_grid_status":"","footnotes":""},"categories":[153],"tags":[199,34,453,455,159,334,454,200,75],"class_list":["post-4591","post","type-post","status-publish","format-standard","has-post-thumbnail","hentry","category-noticias","tag-comercio","tag-comercio-eletronico","tag-computadores","tag-desktop","tag-informatica","tag-mercado","tag-notebook","tag-varejo","tag-vendas"],"amp_enabled":true,"_links":{"self":[{"href":"https:\/\/sincomavi.org.br\/index.php?rest_route=\/wp\/v2\/posts\/4591","targetHints":{"allow":["GET"]}}],"collection":[{"href":"https:\/\/sincomavi.org.br\/index.php?rest_route=\/wp\/v2\/posts"}],"about":[{"href":"https:\/\/sincomavi.org.br\/index.php?rest_route=\/wp\/v2\/types\/post"}],"author":[{"embeddable":true,"href":"https:\/\/sincomavi.org.br\/index.php?rest_route=\/wp\/v2\/users\/1"}],"replies":[{"embeddable":true,"href":"https:\/\/sincomavi.org.br\/index.php?rest_route=%2Fwp%2Fv2%2Fcomments&post=4591"}],"version-history":[{"count":2,"href":"https:\/\/sincomavi.org.br\/index.php?rest_route=\/wp\/v2\/posts\/4591\/revisions"}],"predecessor-version":[{"id":4594,"href":"https:\/\/sincomavi.org.br\/index.php?rest_route=\/wp\/v2\/posts\/4591\/revisions\/4594"}],"wp:featuredmedia":[{"embeddable":true,"href":"https:\/\/sincomavi.org.br\/index.php?rest_route=\/wp\/v2\/media\/4592"}],"wp:attachment":[{"href":"https:\/\/sincomavi.org.br\/index.php?rest_route=%2Fwp%2Fv2%2Fmedia&parent=4591"}],"wp:term":[{"taxonomy":"category","embeddable":true,"href":"https:\/\/sincomavi.org.br\/index.php?rest_route=%2Fwp%2Fv2%2Fcategories&post=4591"},{"taxonomy":"post_tag","embeddable":true,"href":"https:\/\/sincomavi.org.br\/index.php?rest_route=%2Fwp%2Fv2%2Ftags&post=4591"}],"curies":[{"name":"wp","href":"https:\/\/api.w.org\/{rel}","templated":true}]}}