{"id":4538,"date":"2020-08-13T13:32:16","date_gmt":"2020-08-13T16:32:16","guid":{"rendered":"https:\/\/sincomavi.org.br\/?p=4538"},"modified":"2022-09-23T10:14:53","modified_gmt":"2022-09-23T13:14:53","slug":"covid-19-atualizacao-dos-impactos-mensurados-no-varejo-de-materiais-de-construcao","status":"publish","type":"post","link":"https:\/\/sincomavi.org.br\/?p=4538","title":{"rendered":"Covid-19 | Atualiza\u00e7\u00e3o dos impactos mensurados no varejo de material de constru\u00e7\u00e3o"},"content":{"rendered":"<style>.wp-block-kadence-spacer.kt-block-spacer-_4f9dd6-8c .kt-block-spacer{height:60px;}.wp-block-kadence-spacer.kt-block-spacer-_4f9dd6-8c .kt-divider{border-top-width:1px;height:1px;border-top-color:#eee;width:80%;border-top-style:solid;}<\/style>\n<div class=\"wp-block-kadence-spacer aligncenter kt-block-spacer-_4f9dd6-8c\"><div class=\"kt-block-spacer kt-block-spacer-halign-center\"><hr class=\"kt-divider\"\/><\/div><\/div>\n\n\n\n<p>13\/08\/2020 | Por Jaime Vasconcellos, economista.<\/p>\n\n\n\n<p>Depois do crescimento de mais de 20% em maio, novamente o IBGE, atrav\u00e9s da PMC, mostrou forte crescimento mensal do volume de vendas do com\u00e9rcio varejista de materiais de constru\u00e7\u00e3o. Em junho o volume avan\u00e7ou 16,6% em rela\u00e7\u00e3o ao m\u00eas anterior e 22,2% na contraposi\u00e7\u00e3o a junho de 2019. Considerando o total do com\u00e9rcio varejista ampliado brasileiro, para efeito de compara\u00e7\u00e3o, observou-se crescimento de 12,6% em rela\u00e7\u00e3o a maio e houve uma queda de 0,9% na taxa interanual. Os dados foram divulgados pelo IBGE em 12 de agosto de 2020.<\/p>\n\n\n\n<p>J\u00e1 a atualiza\u00e7\u00e3o do \u00cdndice Cielo do Varejo Ampliado (ICVA), trouxe que o faturamento do varejo total no Brasil apresentou queda de -24,6% entre 01 de mar\u00e7o e 08 de agosto, possuindo um recuo de -12,3% na \u00faltima semana. Especificamente ao varejo de material de constru\u00e7\u00e3o contou com avan\u00e7o de 8,0% no per\u00edodo acumulado a partir de mar\u00e7o, 36,7% na primeira semana de agosto. Este \u00e9 o melhor desempenho semanal desde o in\u00edcio dos primeiros impactos da Covid-19. Tais registros est\u00e3o comparados com os dias equivalentes de fevereiro de 2020, com ajuste de calend\u00e1rio.<\/p>\n\n\n\n<p>Os cen\u00e1rios expostos por meio de dois indicadores de desempenho s\u00e3o consonantes e otimistas. As vendas do setor ca\u00edram na transi\u00e7\u00e3o de mar\u00e7o e abril, mas rapidamente se recuperaram, estando nas \u00faltimas semanas acima do registrado no ano passado. No acumulado do semestre, a despeito da derrocada econ\u00f4mica trazida pela pandemia do novo coronav\u00edrus, o volume de vendas est\u00e1 apenas 1,9% abaixo do visto nos primeiros seis meses de 2019. Para se ter uma ideia, o total do varejo ampliado brasileiro ficou 7,4% menor em rela\u00e7\u00e3o ao primeiro semestre do ano passado. Os resultados de doze meses ao segmento de materiais de constru\u00e7\u00e3o se revelam positivo em 1,4%, sendo composto de julho de 2019 a junho de 2020.<\/p>\n\n\n\n<p>O espectro do \u201cFa\u00e7a voc\u00ea mesmo\u201d intensificou as vendas \u00e0s fam\u00edlias que necessitavam de ajustes ou melhorias em seus domic\u00edlios. Tal cen\u00e1rio, aliado a juros em patamares baixos recordes, proporcionou retorno de lan\u00e7amento e vendas de im\u00f3veis, bem como maior capacidade do consumidor final em tomar financiamentos. Contudo, no horizonte a cautela se d\u00e1 pelo fim do aux\u00edlio emergencial de R$ 600,00, bem como pela trajet\u00f3ria crescente do desemprego, o que traz inseguran\u00e7a inclusive \u00e0s atividades varejistas que possu\u00edram melhor desempenho e recupera\u00e7\u00e3o frente \u00e0 crise sanit\u00e1ria e econ\u00f4mica.<\/p>\n\n\n<style>.wp-block-kadence-spacer.kt-block-spacer-_9581eb-1b .kt-block-spacer{height:60px;}.wp-block-kadence-spacer.kt-block-spacer-_9581eb-1b .kt-divider{border-top-width:1px;height:1px;border-top-color:#eee;width:80%;border-top-style:solid;}<\/style>\n<div class=\"wp-block-kadence-spacer aligncenter kt-block-spacer-_9581eb-1b\"><div class=\"kt-block-spacer kt-block-spacer-halign-center\"><hr class=\"kt-divider\"\/><\/div><\/div>\n","protected":false},"excerpt":{"rendered":"<p>13\/08\/2020 | Por Jaime Vasconcellos, economista. Depois do crescimento de mais de 20% em maio, novamente o IBGE, atrav\u00e9s da PMC, mostrou forte crescimento mensal do volume de vendas do com\u00e9rcio varejista de materiais de constru\u00e7\u00e3o. Em junho o volume avan\u00e7ou 16,6% em rela\u00e7\u00e3o ao m\u00eas anterior e 22,2% na contraposi\u00e7\u00e3o a junho de 2019. [&hellip;]<\/p>\n","protected":false},"author":1,"featured_media":4539,"comment_status":"closed","ping_status":"open","sticky":false,"template":"","format":"standard","meta":{"tdm_status":"","tdm_grid_status":"","footnotes":""},"categories":[210],"tags":[349,397,158,160,162,200],"class_list":["post-4538","post","type-post","status-publish","format-standard","has-post-thumbnail","hentry","category-artigos","tag-coronavirus","tag-covid-19","tag-material-de-construcao","tag-pesquisa","tag-pmc","tag-varejo"],"amp_enabled":true,"_links":{"self":[{"href":"https:\/\/sincomavi.org.br\/index.php?rest_route=\/wp\/v2\/posts\/4538","targetHints":{"allow":["GET"]}}],"collection":[{"href":"https:\/\/sincomavi.org.br\/index.php?rest_route=\/wp\/v2\/posts"}],"about":[{"href":"https:\/\/sincomavi.org.br\/index.php?rest_route=\/wp\/v2\/types\/post"}],"author":[{"embeddable":true,"href":"https:\/\/sincomavi.org.br\/index.php?rest_route=\/wp\/v2\/users\/1"}],"replies":[{"embeddable":true,"href":"https:\/\/sincomavi.org.br\/index.php?rest_route=%2Fwp%2Fv2%2Fcomments&post=4538"}],"version-history":[{"count":2,"href":"https:\/\/sincomavi.org.br\/index.php?rest_route=\/wp\/v2\/posts\/4538\/revisions"}],"predecessor-version":[{"id":8842,"href":"https:\/\/sincomavi.org.br\/index.php?rest_route=\/wp\/v2\/posts\/4538\/revisions\/8842"}],"wp:featuredmedia":[{"embeddable":true,"href":"https:\/\/sincomavi.org.br\/index.php?rest_route=\/wp\/v2\/media\/4539"}],"wp:attachment":[{"href":"https:\/\/sincomavi.org.br\/index.php?rest_route=%2Fwp%2Fv2%2Fmedia&parent=4538"}],"wp:term":[{"taxonomy":"category","embeddable":true,"href":"https:\/\/sincomavi.org.br\/index.php?rest_route=%2Fwp%2Fv2%2Fcategories&post=4538"},{"taxonomy":"post_tag","embeddable":true,"href":"https:\/\/sincomavi.org.br\/index.php?rest_route=%2Fwp%2Fv2%2Ftags&post=4538"}],"curies":[{"name":"wp","href":"https:\/\/api.w.org\/{rel}","templated":true}]}}