{"id":4511,"date":"2020-08-12T13:36:08","date_gmt":"2020-08-12T16:36:08","guid":{"rendered":"https:\/\/sincomavi.org.br\/?p=4511"},"modified":"2020-08-12T13:36:10","modified_gmt":"2020-08-12T16:36:10","slug":"debitos-de-dificil-recuperacao-com-o-simples-podem-ser-parcelados","status":"publish","type":"post","link":"https:\/\/sincomavi.org.br\/?p=4511","title":{"rendered":"D\u00e9bitos de dif\u00edcil recupera\u00e7\u00e3o com o Simples podem ser parcelados"},"content":{"rendered":"<style>.wp-block-kadence-spacer.kt-block-spacer-_c7dac5-10 .kt-block-spacer{height:60px;}.wp-block-kadence-spacer.kt-block-spacer-_c7dac5-10 .kt-divider{border-top-width:1px;height:1px;border-top-color:#eee;width:80%;border-top-style:solid;}<\/style>\n<div class=\"wp-block-kadence-spacer aligncenter kt-block-spacer-_c7dac5-10\"><div class=\"kt-block-spacer kt-block-spacer-halign-center\" style=\"height:60px\"><hr class=\"kt-divider\" style=\"border-top-color:rgba(238, 238, 238, 1);border-top-width:1px;width:80%;border-top-style:solid\"\/><\/div><\/div>\n\n\n\n<p>At\u00e9 29 de dezembro, micro e pequenas empresas com d\u00e9bitos no Simples Nacional considerados de dif\u00edcil recupera\u00e7\u00e3o podem pedir o parcelamento em quase 12 anos com desconto nas multas e nos juros. A Procuradoria-Geral da Fazenda Nacional (PGFN) regulamentou o parcelamento especial para os neg\u00f3cios de pequeno porte afetados pela pandemia do novo coronav\u00edrus (covid-19).<img decoding=\"async\" src=\"https:\/\/ci5.googleusercontent.com\/proxy\/dis2i6Kcsil21mhTNXyqR14M0pur7ru1GrHCRjTC-4C4t3hPFZtdtmMC_4YeNPnDpI3JmAssdKEh1I3x700ucqlEpE_Fbx01O6EGiQ=s0-d-e1-ft#https:\/\/agenciabrasil.ebc.com.br\/ebc.png?id=1313353&amp;o=rss\"><img decoding=\"async\" src=\"https:\/\/ci3.googleusercontent.com\/proxy\/Jj9i9FO0KLE8dmYrfXcV3YaXsnxhH5fcaBkjUNi8k5I7-IrvobzWuNYr0xHJ87Jn_G_BadzwAff_UpOGVC4wbYqilJvBygKdWSdRWg=s0-d-e1-ft#https:\/\/agenciabrasil.ebc.com.br\/ebc.gif?id=1313353&amp;o=rss\"><\/p>\n\n\n\n<p>Somente d\u00edvidas com classifica\u00e7\u00e3o C e D \u2013 de recupera\u00e7\u00e3o dif\u00edcil ou muito dif\u00edcil \u2013 poder\u00e3o ser parceladas. D\u00edvidas de pequenos neg\u00f3cios falidos ou em recupera\u00e7\u00e3o judicial automaticamente ser\u00e3o consideradas irrecuper\u00e1veis, segundo a PGFN.<\/p>\n\n\n\n<p>O contribuinte dever\u00e1 demonstrar \u00e0 PGFN os impactos financeiros sofridos pela pandemia. O \u00f3rg\u00e3o estimar\u00e1 a capacidade de pagamento da micro e pequena empresa e formalizar\u00e1 uma proposta de parcelamento, composta de entrada de 4% dos d\u00e9bitos com classifica\u00e7\u00e3o C e D parcelada em 12 meses e divis\u00e3o do saldo restante em at\u00e9 133 meses, com presta\u00e7\u00e3o m\u00ednima de R$ 100.<\/p>\n\n\n\n<h2 class=\"wp-block-heading\">Desconto<\/h2>\n\n\n\n<p>Dependendo do n\u00famero de parcelas, o contribuinte pode obter desconto de at\u00e9 100% nas multas, nos juros e nos encargos legais. O percentual ser\u00e1 definido com base na capacidade de pagamento e no prazo de negocia\u00e7\u00e3o escolhido, mas o desconto n\u00e3o poder\u00e1 ser superior a 70% do valor total da d\u00edvida.<\/p>\n\n\n\n<p>Pela regulamenta\u00e7\u00e3o da PGFN, considera-se impacto na capacidade de pagamento a redu\u00e7\u00e3o, em qualquer percentual, da soma da receita bruta mensal de 2020, com in\u00edcio em mar\u00e7o e fim no m\u00eas imediatamente anterior ao m\u00eas de ades\u00e3o, em rela\u00e7\u00e3o \u00e0 soma da receita bruta mensal do mesmo per\u00edodo de 2019.<\/p>\n\n\n\n<h2 class=\"wp-block-heading\">Como aderir<\/h2>\n\n\n\n<p>A ades\u00e3o pode ser feita no&nbsp;<a href=\"http:\/\/www.regularize.pgfn.gov.br\/\" target=\"_blank\" rel=\"noreferrer noopener\">site da PGFN<\/a>. O contribuinte dever\u00e1 escolher a op\u00e7\u00e3o \u201cnegocia\u00e7\u00e3o de d\u00edvida\u201d e clicar em \u201cacessar o Sispar\u201d. No menu \u201cdeclara\u00e7\u00e3o de receita\/rendimento\u201d, o contribuinte dever\u00e1 preencher um formul\u00e1rio eletr\u00f4nico e aguardar a proposta da PGFN.<\/p>\n\n\n\n<p>Somente ap\u00f3s ter a d\u00edvida confirmada com classifica\u00e7\u00e3o C ou D, o contribuinte receber\u00e1 a proposta e poder\u00e1 pedir a ades\u00e3o, dispon\u00edvel no menu \u201cades\u00e3o\u201d e na op\u00e7\u00e3o \u201ctransa\u00e7\u00e3o\u201d. O parcelamento especial s\u00f3 \u00e9 efetivado depois do pagamento da primeira parcela.<\/p>\n\n\n\n<p>O acordo ser\u00e1 cancelado se a primeira parcela n\u00e3o for paga at\u00e9 a data de vencimento, que \u00e9 o \u00faltimo dia \u00fatil do m\u00eas da ades\u00e3o. Nesse caso, o contribuinte dever\u00e1 fazer o pedido de ades\u00e3o novamente, at\u00e9 o \u00faltimo dia do prazo, em 29 de dezembro.<\/p>\n\n\n\n<p>Fonte: Ag\u00eancia Brasil<\/p>\n\n\n<style>.wp-block-kadence-spacer.kt-block-spacer-_043e7c-42 .kt-block-spacer{height:60px;}.wp-block-kadence-spacer.kt-block-spacer-_043e7c-42 .kt-divider{border-top-width:1px;height:1px;border-top-color:#eee;width:80%;border-top-style:solid;}<\/style>\n<div class=\"wp-block-kadence-spacer aligncenter kt-block-spacer-_043e7c-42\"><div class=\"kt-block-spacer kt-block-spacer-halign-center\" style=\"height:60px\"><hr class=\"kt-divider\" style=\"border-top-color:rgba(238, 238, 238, 1);border-top-width:1px;width:80%;border-top-style:solid\"\/><\/div><\/div>\n","protected":false},"excerpt":{"rendered":"<p>At\u00e9 29 de dezembro, micro e pequenas empresas com d\u00e9bitos no Simples Nacional considerados de dif\u00edcil recupera\u00e7\u00e3o podem pedir o parcelamento em quase 12 anos com desconto nas multas e nos juros. A Procuradoria-Geral da Fazenda Nacional (PGFN) regulamentou o parcelamento especial para os neg\u00f3cios de pequeno porte afetados pela pandemia do novo coronav\u00edrus (covid-19). [&hellip;]<\/p>\n","protected":false},"author":1,"featured_media":4512,"comment_status":"closed","ping_status":"open","sticky":false,"template":"","format":"standard","meta":{"tdm_status":"","tdm_grid_status":"","footnotes":""},"categories":[153],"tags":[349,397,393,384,115],"class_list":["post-4511","post","type-post","status-publish","format-standard","has-post-thumbnail","hentry","category-noticias","tag-coronavirus","tag-covid-19","tag-divida","tag-governo-federal","tag-simples-nacional"],"amp_enabled":true,"_links":{"self":[{"href":"https:\/\/sincomavi.org.br\/index.php?rest_route=\/wp\/v2\/posts\/4511","targetHints":{"allow":["GET"]}}],"collection":[{"href":"https:\/\/sincomavi.org.br\/index.php?rest_route=\/wp\/v2\/posts"}],"about":[{"href":"https:\/\/sincomavi.org.br\/index.php?rest_route=\/wp\/v2\/types\/post"}],"author":[{"embeddable":true,"href":"https:\/\/sincomavi.org.br\/index.php?rest_route=\/wp\/v2\/users\/1"}],"replies":[{"embeddable":true,"href":"https:\/\/sincomavi.org.br\/index.php?rest_route=%2Fwp%2Fv2%2Fcomments&post=4511"}],"version-history":[{"count":1,"href":"https:\/\/sincomavi.org.br\/index.php?rest_route=\/wp\/v2\/posts\/4511\/revisions"}],"predecessor-version":[{"id":4513,"href":"https:\/\/sincomavi.org.br\/index.php?rest_route=\/wp\/v2\/posts\/4511\/revisions\/4513"}],"wp:featuredmedia":[{"embeddable":true,"href":"https:\/\/sincomavi.org.br\/index.php?rest_route=\/wp\/v2\/media\/4512"}],"wp:attachment":[{"href":"https:\/\/sincomavi.org.br\/index.php?rest_route=%2Fwp%2Fv2%2Fmedia&parent=4511"}],"wp:term":[{"taxonomy":"category","embeddable":true,"href":"https:\/\/sincomavi.org.br\/index.php?rest_route=%2Fwp%2Fv2%2Fcategories&post=4511"},{"taxonomy":"post_tag","embeddable":true,"href":"https:\/\/sincomavi.org.br\/index.php?rest_route=%2Fwp%2Fv2%2Ftags&post=4511"}],"curies":[{"name":"wp","href":"https:\/\/api.w.org\/{rel}","templated":true}]}}