{"id":4480,"date":"2020-08-07T11:03:11","date_gmt":"2020-08-07T14:03:11","guid":{"rendered":"https:\/\/sincomavi.org.br\/?p=4480"},"modified":"2020-08-07T11:03:50","modified_gmt":"2020-08-07T14:03:50","slug":"varejo-de-material-de-construcao-sofre-com-aumentos-sucessivos-de-precos","status":"publish","type":"post","link":"https:\/\/sincomavi.org.br\/?p=4480","title":{"rendered":"Varejo de material de constru\u00e7\u00e3o sofre com aumentos sucessivos de pre\u00e7os"},"content":{"rendered":"<style>.wp-block-kadence-spacer.kt-block-spacer-_ee5a9c-b1 .kt-block-spacer{height:60px;}.wp-block-kadence-spacer.kt-block-spacer-_ee5a9c-b1 .kt-divider{border-top-width:1px;height:1px;border-top-color:#eee;width:80%;border-top-style:solid;}<\/style>\n<div class=\"wp-block-kadence-spacer aligncenter kt-block-spacer-_ee5a9c-b1\"><div class=\"kt-block-spacer kt-block-spacer-halign-center\" style=\"height:60px\"><hr class=\"kt-divider\" style=\"border-top-color:rgba(238, 238, 238, 1);border-top-width:1px;width:80%;border-top-style:solid\"\/><\/div><\/div>\n\n\n\n<p>As dificuldades enfrentadas pelos com\u00e9rcios de material de constru\u00e7\u00e3o v\u00eam superando com facilidade as proje\u00e7\u00f5es mais pessimistas. Apesar do setor ter conseguido retomar as vendas durante a quarentena da Covid-19, em fun\u00e7\u00e3o de ser considerado setor essencial para a economia, as empresas enfrentam desde o come\u00e7o do ano aumentos sucessivos nos pre\u00e7os dos produtos comercializados. Tal realidade acabou por ganhar novo impulso nos \u00faltimos dias, o que causa indigna\u00e7\u00e3o dos consumidores e motiva fiscaliza\u00e7\u00e3o por parte da Funda\u00e7\u00e3o Procon-SP.<\/p>\n\n\n\n<p>A majora\u00e7\u00e3o de algumas categorias de produtos tem superado com sobras a infla\u00e7\u00e3o oficial. Dentre os casos, destaca-se o cimento Portland, que de fevereiro a julho de 2020 teve uma eleva\u00e7\u00e3o de pre\u00e7o de 24%. Segundo Claudio Ara\u00fajo de Lima, diretor do Sincomavi, o crescimento nas vendas para o mesmo per\u00edodo foi inferior a 5%, o que n\u00e3o justificaria esse n\u00edvel de aumento. \u201cOutros exemplos emblem\u00e1ticos s\u00e3o os tubos e conex\u00f5es em PVC, com eleva\u00e7\u00e3o variando entre 25% e 33%, a\u00e7o para constru\u00e7\u00e3o, com 20% de aumento, e tijolos cer\u00e2micos com 15% e o agravante da falta de produ\u00e7\u00e3o para atender a demanda\u201d, ressalta.<\/p>\n\n\n\n<p>Essa onda de aumentos tamb\u00e9m atingiu os materiais el\u00e9tricos, como fios e cabos, e tubos e conex\u00f5es em bronze e cobre. No entanto, Claudio faz quest\u00e3o de explicar que existe uma motiva\u00e7\u00e3o para tais reajustes: a jazida de cobre no Chile, principal produtor mundial, est\u00e1 com suas opera\u00e7\u00f5es paralisadas. \u201cN\u00e3o quero acusar ningu\u00e9m, mas vejo com muita estranheza esses aumentos, pois d\u00e1 a falsa impress\u00e3o que est\u00e1 ocorrendo um crescimento espantoso nas vendas no setor, o que n\u00e3o \u00e9 verdade\u201d, pondera. \u201cOs n\u00fameros parciais mostram apenas que existe uma retomada de mercado em patamares muito similares aos obtidos em 2019, que foi considerado um ano fraco\u201d.<\/p>\n\n\n\n<p>Como consequ\u00eancia de tal cen\u00e1rio, muitos consumidores atribuem o papel de vil\u00f5es aos comerciantes, o que n\u00e3o poderia ser mais injusto. \u00c9 preciso ressaltar que o varejo acabou por se tornar ref\u00e9m da falta de planejamento de alguns fornecedores para o enfrentamento adequado da pandemia da Covid-19, que adotaram como estrat\u00e9gia a paraliza\u00e7\u00e3o total das atividades e a dispensa de m\u00e3o de obra especializada. Hoje, tais atitudes cobram o seu pre\u00e7o. Al\u00e9m disso, o varejo se ressente da baixa competitividade de alguns segmentos, que beiram ao monop\u00f3lio, maiores exig\u00eancias e garantias para a concess\u00e3o de cr\u00e9dito na compra de produtos e baixo investimento em amplia\u00e7\u00e3o ou melhoria nas plantas industriais.<\/p>\n\n\n\n<p>Essa realidade de mercado tem se mostrado ainda mais dura com as empresas de micro e pequeno portes, que n\u00e3o possuem capital de giro, est\u00e3o distantes dos recursos oficiais emergenciais e n\u00e3o conseguem negociar melhores condi\u00e7\u00f5es com os fornecedores. \u201cAl\u00e9m dos problemas decorrentes da pandemia, \u00e9 preciso ainda enfrentar de peito aberto a falta de produtos para vender e a pecha de vil\u00e3o frente ao mercado. A realidade, como sempre, tem sido muito dura com os microempres\u00e1rios\u201d, finaliza.<\/p>\n\n\n<style>.wp-block-kadence-spacer.kt-block-spacer-_0f6976-e2 .kt-block-spacer{height:60px;}.wp-block-kadence-spacer.kt-block-spacer-_0f6976-e2 .kt-divider{border-top-width:1px;height:1px;border-top-color:#eee;width:80%;border-top-style:solid;}<\/style>\n<div class=\"wp-block-kadence-spacer aligncenter kt-block-spacer-_0f6976-e2\"><div class=\"kt-block-spacer kt-block-spacer-halign-center\" style=\"height:60px\"><hr class=\"kt-divider\" style=\"border-top-color:rgba(238, 238, 238, 1);border-top-width:1px;width:80%;border-top-style:solid\"\/><\/div><\/div>\n","protected":false},"excerpt":{"rendered":"<p>As dificuldades enfrentadas pelos com\u00e9rcios de material de constru\u00e7\u00e3o v\u00eam superando com facilidade as proje\u00e7\u00f5es mais pessimistas. Apesar do setor ter conseguido retomar as vendas durante a quarentena da Covid-19, em fun\u00e7\u00e3o de ser considerado setor essencial para a economia, as empresas enfrentam desde o come\u00e7o do ano aumentos sucessivos nos pre\u00e7os dos produtos comercializados. [&hellip;]<\/p>\n","protected":false},"author":1,"featured_media":4481,"comment_status":"closed","ping_status":"open","sticky":false,"template":"","format":"standard","meta":{"tdm_status":"","tdm_grid_status":"","footnotes":""},"categories":[153],"tags":[349,397,331,158,237,200],"class_list":["post-4480","post","type-post","status-publish","format-standard","has-post-thumbnail","hentry","category-noticias","tag-coronavirus","tag-covid-19","tag-inflacao","tag-material-de-construcao","tag-precos","tag-varejo"],"amp_enabled":true,"_links":{"self":[{"href":"https:\/\/sincomavi.org.br\/index.php?rest_route=\/wp\/v2\/posts\/4480","targetHints":{"allow":["GET"]}}],"collection":[{"href":"https:\/\/sincomavi.org.br\/index.php?rest_route=\/wp\/v2\/posts"}],"about":[{"href":"https:\/\/sincomavi.org.br\/index.php?rest_route=\/wp\/v2\/types\/post"}],"author":[{"embeddable":true,"href":"https:\/\/sincomavi.org.br\/index.php?rest_route=\/wp\/v2\/users\/1"}],"replies":[{"embeddable":true,"href":"https:\/\/sincomavi.org.br\/index.php?rest_route=%2Fwp%2Fv2%2Fcomments&post=4480"}],"version-history":[{"count":2,"href":"https:\/\/sincomavi.org.br\/index.php?rest_route=\/wp\/v2\/posts\/4480\/revisions"}],"predecessor-version":[{"id":4483,"href":"https:\/\/sincomavi.org.br\/index.php?rest_route=\/wp\/v2\/posts\/4480\/revisions\/4483"}],"wp:featuredmedia":[{"embeddable":true,"href":"https:\/\/sincomavi.org.br\/index.php?rest_route=\/wp\/v2\/media\/4481"}],"wp:attachment":[{"href":"https:\/\/sincomavi.org.br\/index.php?rest_route=%2Fwp%2Fv2%2Fmedia&parent=4480"}],"wp:term":[{"taxonomy":"category","embeddable":true,"href":"https:\/\/sincomavi.org.br\/index.php?rest_route=%2Fwp%2Fv2%2Fcategories&post=4480"},{"taxonomy":"post_tag","embeddable":true,"href":"https:\/\/sincomavi.org.br\/index.php?rest_route=%2Fwp%2Fv2%2Ftags&post=4480"}],"curies":[{"name":"wp","href":"https:\/\/api.w.org\/{rel}","templated":true}]}}