{"id":4342,"date":"2020-08-03T14:34:47","date_gmt":"2020-08-03T17:34:47","guid":{"rendered":"https:\/\/sincomavi.org.br\/?p=4342"},"modified":"2020-08-03T14:34:48","modified_gmt":"2020-08-03T17:34:48","slug":"comercio-eletronico-tem-alta-de-110-em-junho","status":"publish","type":"post","link":"https:\/\/sincomavi.org.br\/?p=4342","title":{"rendered":"Com\u00e9rcio eletr\u00f4nico tem alta de 110% em junho"},"content":{"rendered":"<style>.wp-block-kadence-spacer.kt-block-spacer-_d28501-6d .kt-block-spacer{height:60px;}.wp-block-kadence-spacer.kt-block-spacer-_d28501-6d .kt-divider{border-top-width:1px;height:1px;border-top-color:#eee;width:80%;border-top-style:solid;}<\/style>\n<div class=\"wp-block-kadence-spacer aligncenter kt-block-spacer-_d28501-6d\"><div class=\"kt-block-spacer kt-block-spacer-halign-center\" style=\"height:60px\"><hr class=\"kt-divider\" style=\"border-top-color:rgba(238, 238, 238, 1);border-top-width:1px;width:80%;border-top-style:solid\"\/><\/div><\/div>\n\n\n\n<p>O \u00cdndice MCC-ENET, desenvolvido pelo Comit\u00ea de M\u00e9tricas da C\u00e2mara Brasileira de Com\u00e9rcio Eletr\u00f4nico (c\u00e2mara-e.net), registrou um crescimento de 110,52% em junho nas vendas do e-commerce em rela\u00e7\u00e3o ao mesmo per\u00edodo do ano passado. J\u00e1 o faturamento do setor contou com uma eleva\u00e7\u00e3o de 108,84%. A participa\u00e7\u00e3o do com\u00e9rcio eletr\u00f4nico no varejo restrito tamb\u00e9m contou com alta de 12,6% &#8211; dados referentes a maio. Andr\u00e9 Dias, coordenador do Comit\u00ea de M\u00e9tricas da camara-e.net e diretor executivo do Compre &amp; Confie, comenta que o pa\u00eds vive uma mudan\u00e7a com a antecipa\u00e7\u00e3o de patamares de vendas pela internet, que certamente s\u00f3 seriam registrados daqui cinco anos. \u201cO mercado realmente passou por uma grande transforma\u00e7\u00e3o, com vendas de categorias de produtos de consumo di\u00e1rio e entrada de novos consumidores no varejo digital&#8221;, avalia.<\/p>\n\n\n\n<p>Entretanto, vale a pena ressaltar, as vendas de junho tiveram uma queda em rela\u00e7\u00e3o a maio passado: -13,11. Andr\u00e9 Dias argumenta que esse recuo foi motivado em fun\u00e7\u00e3o do impulsionamento natural das vendas do Dia das M\u00e3es. Logicamente, o mesmo fen\u00f4meno ocorreu com a mesma base comparativa no faturamento do com\u00e9rcio eletr\u00f4nico, -6,91%.<\/p>\n\n\n\n<p>Os segmentos que continuam concentrado as compras s\u00e3o equipamentos e materiais para escrit\u00f3rio, inform\u00e1tica e comunica\u00e7\u00e3o (39,3%); m\u00f3veis e eletrodom\u00e9sticos (23,6%); e tecidos, vestu\u00e1rio e cal\u00e7ados (13,4%).<\/p>\n\n\n<style>.wp-block-kadence-spacer.kt-block-spacer-_a41657-bd .kt-block-spacer{height:60px;}.wp-block-kadence-spacer.kt-block-spacer-_a41657-bd .kt-divider{border-top-width:1px;height:1px;border-top-color:#eee;width:80%;border-top-style:solid;}<\/style>\n<div class=\"wp-block-kadence-spacer aligncenter kt-block-spacer-_a41657-bd\"><div class=\"kt-block-spacer kt-block-spacer-halign-center\" style=\"height:60px\"><hr class=\"kt-divider\" style=\"border-top-color:rgba(238, 238, 238, 1);border-top-width:1px;width:80%;border-top-style:solid\"\/><\/div><\/div>\n","protected":false},"excerpt":{"rendered":"<p>O \u00cdndice MCC-ENET, desenvolvido pelo Comit\u00ea de M\u00e9tricas da C\u00e2mara Brasileira de Com\u00e9rcio Eletr\u00f4nico (c\u00e2mara-e.net), registrou um crescimento de 110,52% em junho nas vendas do e-commerce em rela\u00e7\u00e3o ao mesmo per\u00edodo do ano passado. J\u00e1 o faturamento do setor contou com uma eleva\u00e7\u00e3o de 108,84%. A participa\u00e7\u00e3o do com\u00e9rcio eletr\u00f4nico no varejo restrito tamb\u00e9m contou [&hellip;]<\/p>\n","protected":false},"author":1,"featured_media":4343,"comment_status":"closed","ping_status":"open","sticky":false,"template":"","format":"standard","meta":{"tdm_status":"","tdm_grid_status":"","footnotes":""},"categories":[153],"tags":[199,34,165,227,75],"class_list":["post-4342","post","type-post","status-publish","format-standard","has-post-thumbnail","hentry","category-noticias","tag-comercio","tag-comercio-eletronico","tag-e-commerce","tag-faturamento","tag-vendas"],"amp_enabled":true,"_links":{"self":[{"href":"https:\/\/sincomavi.org.br\/index.php?rest_route=\/wp\/v2\/posts\/4342","targetHints":{"allow":["GET"]}}],"collection":[{"href":"https:\/\/sincomavi.org.br\/index.php?rest_route=\/wp\/v2\/posts"}],"about":[{"href":"https:\/\/sincomavi.org.br\/index.php?rest_route=\/wp\/v2\/types\/post"}],"author":[{"embeddable":true,"href":"https:\/\/sincomavi.org.br\/index.php?rest_route=\/wp\/v2\/users\/1"}],"replies":[{"embeddable":true,"href":"https:\/\/sincomavi.org.br\/index.php?rest_route=%2Fwp%2Fv2%2Fcomments&post=4342"}],"version-history":[{"count":1,"href":"https:\/\/sincomavi.org.br\/index.php?rest_route=\/wp\/v2\/posts\/4342\/revisions"}],"predecessor-version":[{"id":4344,"href":"https:\/\/sincomavi.org.br\/index.php?rest_route=\/wp\/v2\/posts\/4342\/revisions\/4344"}],"wp:featuredmedia":[{"embeddable":true,"href":"https:\/\/sincomavi.org.br\/index.php?rest_route=\/wp\/v2\/media\/4343"}],"wp:attachment":[{"href":"https:\/\/sincomavi.org.br\/index.php?rest_route=%2Fwp%2Fv2%2Fmedia&parent=4342"}],"wp:term":[{"taxonomy":"category","embeddable":true,"href":"https:\/\/sincomavi.org.br\/index.php?rest_route=%2Fwp%2Fv2%2Fcategories&post=4342"},{"taxonomy":"post_tag","embeddable":true,"href":"https:\/\/sincomavi.org.br\/index.php?rest_route=%2Fwp%2Fv2%2Ftags&post=4342"}],"curies":[{"name":"wp","href":"https:\/\/api.w.org\/{rel}","templated":true}]}}