{"id":4334,"date":"2020-07-31T14:09:42","date_gmt":"2020-07-31T17:09:42","guid":{"rendered":"https:\/\/sincomavi.org.br\/?p=4334"},"modified":"2020-07-31T14:12:20","modified_gmt":"2020-07-31T17:12:20","slug":"receita-federal-suspensao-de-acoes-de-cobranca-prorrogada-ate-31-de-agosto","status":"publish","type":"post","link":"https:\/\/sincomavi.org.br\/?p=4334","title":{"rendered":"Receita: suspens\u00e3o de a\u00e7\u00f5es de cobran\u00e7a prorrogada at\u00e9 31 de agosto"},"content":{"rendered":"<style>.wp-block-kadence-spacer.kt-block-spacer-_926591-54 .kt-block-spacer{height:60px;}.wp-block-kadence-spacer.kt-block-spacer-_926591-54 .kt-divider{border-top-width:1px;height:1px;border-top-color:#eee;width:80%;border-top-style:solid;}<\/style>\n<div class=\"wp-block-kadence-spacer aligncenter kt-block-spacer-_926591-54\"><div class=\"kt-block-spacer kt-block-spacer-halign-center\" style=\"height:60px\"><hr class=\"kt-divider\" style=\"border-top-color:rgba(238, 238, 238, 1);border-top-width:1px;width:80%;border-top-style:solid\"\/><\/div><\/div>\n\n\n\n<p>Foi publicada hoje, 31 de julho, no Di\u00e1rio Oficial da Uni\u00e3o, a Portaria RFB 4.105\/2020, que prorroga at\u00e9 31 de agosto as medidas tempor\u00e1rias adotadas pela Receita Federal por conta da pandemia da Covid-19. Ficam suspensos os seguintes procedimentos administrativos: &nbsp;<\/p>\n\n\n\n<p>I &#8211; emiss\u00e3o eletr\u00f4nica automatizada de aviso de cobran\u00e7a e intima\u00e7\u00e3o para pagamento de tributos;<br>II &#8211; notifica\u00e7\u00e3o de lan\u00e7amento da malha fiscal da pessoa f\u00edsica;<br>III &#8211; procedimento de exclus\u00e3o de contribuinte de parcelamento por inadimpl\u00eancia de parcelas;<\/p>\n\n\n\n<p>Ficam prorrogados tamb\u00e9m o prazo para atendimento a intima\u00e7\u00f5es da Malha Fiscal da Pessoa F\u00edsica e apresenta\u00e7\u00e3o de contesta\u00e7\u00e3o a Notifica\u00e7\u00f5es de Lan\u00e7amento, tamb\u00e9m da Malha Fiscal PF, e dos despachos decis\u00f3rios dos Pedidos de Restitui\u00e7\u00e3o, Ressarcimento e Reembolso, e Declara\u00e7\u00f5es de Compensa\u00e7\u00e3o. Vale ressaltar que a emiss\u00e3o eletr\u00f4nica de despachos decis\u00f3rios com an\u00e1lise de m\u00e9rito em Pedidos de Restitui\u00e7\u00e3o, Ressarcimento e Reembolso, e Declara\u00e7\u00f5es de Compensa\u00e7\u00e3o, retomam \u00e0 normalidade. Segundo a Receita Federal, &nbsp;o contribuinte n\u00e3o ser\u00e1 prejudicado pois o prazo de impugna\u00e7\u00e3o desses atos permanece suspenso at\u00e9 o dia 31 de agosto. A norma determina ainda a restri\u00e7\u00e3o, at\u00e9 31 de agosto de 2020, do atendimento presencial nas unidades de atendimento da Secretaria da Receita Federal (RFB), que ser\u00e1 realizado somente com agendamento pr\u00e9vio obrigat\u00f3rio para os seguintes servi\u00e7os:<\/p>\n\n\n\n<p>I &#8211; Regulariza\u00e7\u00e3o de Cadastro de Pessoas F\u00edsicas (CPF);<br>II &#8211; c\u00f3pia de documentos relativos \u00e0 Declara\u00e7\u00e3o de Ajuste Anual do Imposto sobre a Renda da Pessoa F\u00edsica (DIRPF) e \u00e0 Declara\u00e7\u00e3o do Imposto sobre a Renda Retido na Fonte (Dirf) &#8211; benefici\u00e1rio;<br>III &#8211; parcelamentos e reparcelamentos n\u00e3o dispon\u00edveis na internet;<br>IV &#8211; procura\u00e7\u00e3o RFB; e<br>V &#8211; protocolo de processos relativos aos servi\u00e7os de:<br>a) an\u00e1lise e libera\u00e7\u00e3o de certid\u00e3o de regularidade fiscal perante a Fazenda Nacional;<br>b) an\u00e1lise e libera\u00e7\u00e3o de certid\u00e3o de regularidade fiscal de im\u00f3vel rural;<br>c) an\u00e1lise e libera\u00e7\u00e3o de certid\u00e3o para averba\u00e7\u00e3o de obra de constru\u00e7\u00e3o civil;<br>d) retifica\u00e7\u00f5es de pagamento; e<br>e) Cadastro Nacional da Pessoa Jur\u00eddica (CNPJ).<\/p>\n\n\n\n<p><strong>Texto completo da Portaria RFB 4.105\/2020<\/strong><\/p>\n\n\n<style>.wp-block-kadence-advancedbtn.kb-btns_2d5624-39{gap:var(--global-kb-gap-xs, 0.5rem );justify-content:center;align-items:center;}.kt-btns_2d5624-39 .kt-button{font-weight:normal;font-style:normal;}.kt-btns_2d5624-39 .kt-btn-wrap-0{margin-right:5px;}.wp-block-kadence-advancedbtn.kt-btns_2d5624-39 .kt-btn-wrap-0 .kt-button{color:#555555;border-color:#555555;}.wp-block-kadence-advancedbtn.kt-btns_2d5624-39 .kt-btn-wrap-0 .kt-button:hover, .wp-block-kadence-advancedbtn.kt-btns_2d5624-39 .kt-btn-wrap-0 .kt-button:focus{color:#ffffff;border-color:#444444;}.wp-block-kadence-advancedbtn.kt-btns_2d5624-39 .kt-btn-wrap-0 .kt-button::before{display:none;}.wp-block-kadence-advancedbtn.kt-btns_2d5624-39 .kt-btn-wrap-0 .kt-button:hover, .wp-block-kadence-advancedbtn.kt-btns_2d5624-39 .kt-btn-wrap-0 .kt-button:focus{background:#444444;}<\/style>\n<div class=\"wp-block-kadence-advancedbtn kt-btn-align-center kt-btn-tablet-align-inherit kt-btn-mobile-align-inherit kt-btns-wrap kt-btns_2d5624-39\"><div class=\"kt-btn-wrap kt-btn-wrap-0\"><a class=\"kt-button button kt-btn-0-action kt-btn-size-standard kt-btn-style-basic kt-btn-svg-show-always kt-btn-has-text-true kt-btn-has-svg-false\" href=\"https:\/\/sincomavi.org.br\/wp-content\/uploads\/2020\/07\/PORTARIA-N\u00ba-4.105-DE-30-DE-JULHO-DE-2020-PORTARIA-N\u00ba-4.105-DE-30-DE-JULHO-DE-2020-DOU-Imprensa-Nacional.pdf\" target=\"_blank\" rel=\"noreferrer noopener\"><span class=\"kt-btn-inner-text\"><strong>DOWNLOAD<\/strong><\/span><\/a><\/div><\/div>\n\n\n<style>.wp-block-kadence-spacer.kt-block-spacer-_ddcc14-5a .kt-block-spacer{height:60px;}.wp-block-kadence-spacer.kt-block-spacer-_ddcc14-5a .kt-divider{border-top-width:1px;height:1px;border-top-color:#eee;width:80%;border-top-style:solid;}<\/style>\n<div class=\"wp-block-kadence-spacer aligncenter kt-block-spacer-_ddcc14-5a\"><div class=\"kt-block-spacer kt-block-spacer-halign-center\" style=\"height:60px\"><hr class=\"kt-divider\" style=\"border-top-color:rgba(238, 238, 238, 1);border-top-width:1px;width:80%;border-top-style:solid\"\/><\/div><\/div>\n","protected":false},"excerpt":{"rendered":"<p>Foi publicada hoje, 31 de julho, no Di\u00e1rio Oficial da Uni\u00e3o, a Portaria RFB 4.105\/2020, que prorroga at\u00e9 31 de agosto as medidas tempor\u00e1rias adotadas pela Receita Federal por conta da pandemia da Covid-19. Ficam suspensos os seguintes procedimentos administrativos: &nbsp; I &#8211; emiss\u00e3o eletr\u00f4nica automatizada de aviso de cobran\u00e7a e intima\u00e7\u00e3o para pagamento de [&hellip;]<\/p>\n","protected":false},"author":1,"featured_media":4336,"comment_status":"closed","ping_status":"open","sticky":false,"template":"","format":"standard","meta":{"tdm_status":"","tdm_grid_status":"","footnotes":""},"categories":[153],"tags":[349,397,256,351,311],"class_list":["post-4334","post","type-post","status-publish","format-standard","has-post-thumbnail","hentry","category-noticias","tag-coronavirus","tag-covid-19","tag-portaria","tag-prorrogacao","tag-receita-federal"],"amp_enabled":true,"_links":{"self":[{"href":"https:\/\/sincomavi.org.br\/index.php?rest_route=\/wp\/v2\/posts\/4334","targetHints":{"allow":["GET"]}}],"collection":[{"href":"https:\/\/sincomavi.org.br\/index.php?rest_route=\/wp\/v2\/posts"}],"about":[{"href":"https:\/\/sincomavi.org.br\/index.php?rest_route=\/wp\/v2\/types\/post"}],"author":[{"embeddable":true,"href":"https:\/\/sincomavi.org.br\/index.php?rest_route=\/wp\/v2\/users\/1"}],"replies":[{"embeddable":true,"href":"https:\/\/sincomavi.org.br\/index.php?rest_route=%2Fwp%2Fv2%2Fcomments&post=4334"}],"version-history":[{"count":2,"href":"https:\/\/sincomavi.org.br\/index.php?rest_route=\/wp\/v2\/posts\/4334\/revisions"}],"predecessor-version":[{"id":4340,"href":"https:\/\/sincomavi.org.br\/index.php?rest_route=\/wp\/v2\/posts\/4334\/revisions\/4340"}],"wp:featuredmedia":[{"embeddable":true,"href":"https:\/\/sincomavi.org.br\/index.php?rest_route=\/wp\/v2\/media\/4336"}],"wp:attachment":[{"href":"https:\/\/sincomavi.org.br\/index.php?rest_route=%2Fwp%2Fv2%2Fmedia&parent=4334"}],"wp:term":[{"taxonomy":"category","embeddable":true,"href":"https:\/\/sincomavi.org.br\/index.php?rest_route=%2Fwp%2Fv2%2Fcategories&post=4334"},{"taxonomy":"post_tag","embeddable":true,"href":"https:\/\/sincomavi.org.br\/index.php?rest_route=%2Fwp%2Fv2%2Ftags&post=4334"}],"curies":[{"name":"wp","href":"https:\/\/api.w.org\/{rel}","templated":true}]}}