{"id":4293,"date":"2020-07-29T16:41:10","date_gmt":"2020-07-29T19:41:10","guid":{"rendered":"https:\/\/sincomavi.org.br\/?p=4293"},"modified":"2020-07-29T16:41:11","modified_gmt":"2020-07-29T19:41:11","slug":"sancionada-lei-que-amplia-prazo-para-assembleias-de-empresas-e-cooperativas","status":"publish","type":"post","link":"https:\/\/sincomavi.org.br\/?p=4293","title":{"rendered":"Sancionada lei que amplia prazo para assembleias de empresas e cooperativas"},"content":{"rendered":"<style>.wp-block-kadence-spacer.kt-block-spacer-_cdad36-d9 .kt-block-spacer{height:60px;}.wp-block-kadence-spacer.kt-block-spacer-_cdad36-d9 .kt-divider{border-top-width:1px;height:1px;border-top-color:#eee;width:80%;border-top-style:solid;}<\/style>\n<div class=\"wp-block-kadence-spacer aligncenter kt-block-spacer-_cdad36-d9\"><div class=\"kt-block-spacer kt-block-spacer-halign-center\" style=\"height:60px\"><hr class=\"kt-divider\" style=\"border-top-color:rgba(238, 238, 238, 1);border-top-width:1px;width:80%;border-top-style:solid\"\/><\/div><\/div>\n\n\n\n<p>Foi publicado nesta quarta-feira, 29 de julho, no Di\u00e1rio Oficial da Uni\u00e3o (DOU), a Lei 14.030\/2020, que prorroga o prazo, em raz\u00e3o da pandemia de covid-19, para a realiza\u00e7\u00e3o das assembleias gerais ordin\u00e1rias&nbsp;(AGOs) de acionistas ou s\u00f3cios de empresas e de associados de cooperativas. Essa legisla\u00e7\u00e3o teve como origem a Medida Provis\u00f3ria 931\/2020.<\/p>\n\n\n\n<p>A Lei 14.030 estabelece que as sociedades an\u00f4nimas, o que inclui companhias abertas e fechadas, empresas p\u00fablicas e sociedades de economia mista e suas subsidi\u00e1rias, e as sociedades limitadas, que conclu\u00edram o exerc\u00edcio social entre 31 de dezembro de 2019 e 31 de mar\u00e7o de 2020, ter\u00e3o at\u00e9 sete meses para realizar AGOs. Vale lembrar que antes da MP 931, o prazo para as companhias fazerem uma assembleia geral ordin\u00e1ria de seus acionistas era de at\u00e9 quatro meses ap\u00f3s o encerramento do exerc\u00edcio social (12 meses de atividades), n\u00e3o necessariamente coincidente com o ano civil.<\/p>\n\n\n\n<p><strong>Fonte: Senado Federal<\/strong><\/p>\n\n\n<style>.wp-block-kadence-spacer.kt-block-spacer-_f9ab64-47 .kt-block-spacer{height:60px;}.wp-block-kadence-spacer.kt-block-spacer-_f9ab64-47 .kt-divider{border-top-width:1px;height:1px;border-top-color:#eee;width:80%;border-top-style:solid;}<\/style>\n<div class=\"wp-block-kadence-spacer aligncenter kt-block-spacer-_f9ab64-47\"><div class=\"kt-block-spacer kt-block-spacer-halign-center\" style=\"height:60px\"><hr class=\"kt-divider\" style=\"border-top-color:rgba(238, 238, 238, 1);border-top-width:1px;width:80%;border-top-style:solid\"\/><\/div><\/div>\n","protected":false},"excerpt":{"rendered":"<p>Foi publicado nesta quarta-feira, 29 de julho, no Di\u00e1rio Oficial da Uni\u00e3o (DOU), a Lei 14.030\/2020, que prorroga o prazo, em raz\u00e3o da pandemia de covid-19, para a realiza\u00e7\u00e3o das assembleias gerais ordin\u00e1rias&nbsp;(AGOs) de acionistas ou s\u00f3cios de empresas e de associados de cooperativas. Essa legisla\u00e7\u00e3o teve como origem a Medida Provis\u00f3ria 931\/2020. A Lei [&hellip;]<\/p>\n","protected":false},"author":1,"featured_media":4294,"comment_status":"closed","ping_status":"open","sticky":false,"template":"","format":"standard","meta":{"tdm_status":"","tdm_grid_status":"","footnotes":""},"categories":[153],"tags":[349,397,168],"class_list":["post-4293","post","type-post","status-publish","format-standard","has-post-thumbnail","hentry","category-noticias","tag-coronavirus","tag-covid-19","tag-legislacao"],"amp_enabled":true,"_links":{"self":[{"href":"https:\/\/sincomavi.org.br\/index.php?rest_route=\/wp\/v2\/posts\/4293","targetHints":{"allow":["GET"]}}],"collection":[{"href":"https:\/\/sincomavi.org.br\/index.php?rest_route=\/wp\/v2\/posts"}],"about":[{"href":"https:\/\/sincomavi.org.br\/index.php?rest_route=\/wp\/v2\/types\/post"}],"author":[{"embeddable":true,"href":"https:\/\/sincomavi.org.br\/index.php?rest_route=\/wp\/v2\/users\/1"}],"replies":[{"embeddable":true,"href":"https:\/\/sincomavi.org.br\/index.php?rest_route=%2Fwp%2Fv2%2Fcomments&post=4293"}],"version-history":[{"count":1,"href":"https:\/\/sincomavi.org.br\/index.php?rest_route=\/wp\/v2\/posts\/4293\/revisions"}],"predecessor-version":[{"id":4295,"href":"https:\/\/sincomavi.org.br\/index.php?rest_route=\/wp\/v2\/posts\/4293\/revisions\/4295"}],"wp:featuredmedia":[{"embeddable":true,"href":"https:\/\/sincomavi.org.br\/index.php?rest_route=\/wp\/v2\/media\/4294"}],"wp:attachment":[{"href":"https:\/\/sincomavi.org.br\/index.php?rest_route=%2Fwp%2Fv2%2Fmedia&parent=4293"}],"wp:term":[{"taxonomy":"category","embeddable":true,"href":"https:\/\/sincomavi.org.br\/index.php?rest_route=%2Fwp%2Fv2%2Fcategories&post=4293"},{"taxonomy":"post_tag","embeddable":true,"href":"https:\/\/sincomavi.org.br\/index.php?rest_route=%2Fwp%2Fv2%2Ftags&post=4293"}],"curies":[{"name":"wp","href":"https:\/\/api.w.org\/{rel}","templated":true}]}}