{"id":4185,"date":"2020-08-27T17:31:00","date_gmt":"2020-08-27T20:31:00","guid":{"rendered":"https:\/\/sincomavi.org.br\/?p=4185"},"modified":"2020-08-27T18:40:55","modified_gmt":"2020-08-27T21:40:55","slug":"atencao-procon-sp-esta-fiscalizando-lojas-do-setor","status":"publish","type":"post","link":"https:\/\/sincomavi.org.br\/?p=4185","title":{"rendered":"Opera\u00e7\u00e3o M\u00e3os \u00e0 Obra: Procon-SP fiscaliza lojas do setor"},"content":{"rendered":"<style>.wp-block-kadence-spacer.kt-block-spacer-_0479bb-c4 .kt-block-spacer{height:60px;}.wp-block-kadence-spacer.kt-block-spacer-_0479bb-c4 .kt-divider{border-top-width:1px;height:1px;border-top-color:#eee;width:80%;border-top-style:solid;}<\/style>\n<div class=\"wp-block-kadence-spacer aligncenter kt-block-spacer-_0479bb-c4\"><div class=\"kt-block-spacer kt-block-spacer-halign-center\" style=\"height:60px\"><hr class=\"kt-divider\" style=\"border-top-color:rgba(238, 238, 238, 1);border-top-width:1px;width:80%;border-top-style:solid\"\/><\/div><\/div>\n\n\n\n<p>27\/08\/2020 &#8211; 18h01 | Muitos comerciantes est\u00e3o recebendo a visita de fiscais da Funda\u00e7\u00e3o Procon-SP na chamada &#8220;Opera\u00e7\u00e3o M\u00e3os \u00e0 Obra&#8221;, que foca especificamente as lojas de material de constru\u00e7\u00e3o e acabamento a fim de verificar o cumprimento ao C\u00f3digo de Defesa do Consumidor.<\/p>\n\n\n\n<p>A principal motiva\u00e7\u00e3o tem sido o n\u00famero expressivo de den\u00fancias sobre o aumento abusivo de pre\u00e7o de alguns produtos. A varia\u00e7\u00e3o \u00e9 verificada a partir da compara\u00e7\u00e3o entre as notas fiscais de compra e de venda dos \u00faltimos meses, para se constatar ou n\u00e3o a infra\u00e7\u00e3o.<\/p>\n\n\n\n<p>A visita concentra sua aten\u00e7\u00e3o tamb\u00e9m na disponibilidade de exemplar do C\u00f3digo de Defesa do Consumidor para consulta; placas e cartazes obrigat\u00f3rios; informa\u00e7\u00e3o adequada de pre\u00e7os; exist\u00eancia de produtos fora da data de validade; cumprimento de ofertas em produtos e servi\u00e7os (instala\u00e7\u00e3o); e disponibilidade de produtos anunciados em folhetos promocionais.<\/p>\n\n\n\n<p>Recomenda-se que os empres\u00e1rios do setor fiquem atentos ainda aos procedimentos quanto aos produtos sujeitos \u00e0 fiscaliza\u00e7\u00e3o e controle de \u00f3rg\u00e3os especiais, como Pol\u00edcia Federal e Ex\u00e9rcito.<\/p>\n\n\n\n<p class=\"has-luminous-vivid-orange-color has-text-color\"><strong>Para maior comodidade e evitar problemas com a fiscaliza\u00e7\u00e3o, o Sincomavi disponibiliza uma s\u00e9rie de publica\u00e7\u00f5es para orientar o comerciante, confira:<\/strong><\/p>\n\n\n\n<ul class=\"wp-block-list\"><li><strong>Cartazes e avisos obrigat\u00f3rios: <a aria-label=\"undefined (opens in a new tab)\" href=\"https:\/\/sincomavi.org.br\/placas-e-cartazes\/\" target=\"_blank\" rel=\"noreferrer noopener\">link<\/a><\/strong><\/li><\/ul>\n\n\n\n<ul class=\"wp-block-list\"><li><strong>Cartaz obrigat\u00f3rio \u201cuso de m\u00e1scara de prote\u00e7\u00e3o facial\u201d (Resolu\u00e7\u00e3o SS-96): <a aria-label=\"undefined (opens in a new tab)\" href=\"https:\/\/sincomavi.org.br\/cartaz-obrigatorio-uso-mascara\/\" target=\"_blank\" rel=\"noreferrer noopener\">link<\/a><\/strong><\/li><\/ul>\n\n\n\n<ul class=\"wp-block-list\"><li><strong>Lista de produtos sujeitos \u00e0 fiscaliza\u00e7\u00e3o: <a aria-label=\"undefined (opens in a new tab)\" href=\"https:\/\/sincomavi.org.br\/lista-de-produtos-sujeitos-a-fiscalizacao-e-controle-de-orgaos\/\" target=\"_blank\" rel=\"noreferrer noopener\">link<\/a><\/strong><\/li><\/ul>\n\n\n\n<ul class=\"wp-block-list\"><li><strong>Manual de Fiscaliza\u00e7\u00e3o das Rela\u00e7\u00f5es de Consumo: <a href=\"https:\/\/sincomavi.org.br\/manual-de-fiscalizacao-das-relacoes-de-consumo\/\">link<\/a><\/strong><\/li><\/ul>\n\n\n\n<ul class=\"wp-block-list\"><li><strong>Exemplar do C\u00f3digo de Defesa do Consumidor simplificado para impress\u00e3o (atualizado at\u00e9 21\/07\/2020): <a href=\"https:\/\/sincomavi.org.br\/wp-content\/uploads\/2020\/07\/200721-CDC-ATUALIZADO-AT\u00c9-21-07-20-.pdf\" target=\"_blank\" aria-label=\"undefined (opens in a new tab)\" rel=\"noreferrer noopener\">link<\/a><\/strong><\/li><\/ul>\n\n\n\n<ul class=\"wp-block-list\"><li><strong>C\u00f3digo de Defesa do Consumidor completo, com legisla\u00e7\u00e3o complementar: <a aria-label=\"undefined (opens in a new tab)\" href=\"https:\/\/sincomavi.org.br\/codigo-de-defesa-e-protecao-do-consumidor-sincomavi\/\" target=\"_blank\" rel=\"noreferrer noopener\">link<\/a><\/strong><\/li><\/ul>\n\n\n\n<ul class=\"wp-block-list\"><li><strong>Cartilha de afixa\u00e7\u00e3o de pre\u00e7os: <a href=\"https:\/\/sincomavi.org.br\/wp-content\/uploads\/2020\/07\/CARTILHA-AFIXA\u00c7\u00c3O-DE-PRE\u00c7OS.pdf\">link<\/a><\/strong><\/li><\/ul>\n\n\n<style>.wp-block-kadence-spacer.kt-block-spacer-_b0d0ba-80 .kt-block-spacer{height:60px;}.wp-block-kadence-spacer.kt-block-spacer-_b0d0ba-80 .kt-divider{border-top-width:1px;height:1px;border-top-color:#eee;width:80%;border-top-style:solid;}<\/style>\n<div class=\"wp-block-kadence-spacer aligncenter kt-block-spacer-_b0d0ba-80\"><div class=\"kt-block-spacer kt-block-spacer-halign-center\" style=\"height:60px\"><hr class=\"kt-divider\" style=\"border-top-color:rgba(238, 238, 238, 1);border-top-width:1px;width:80%;border-top-style:solid\"\/><\/div><\/div>\n\n\n\n<p><strong>Veja tamb\u00e9m:<a href=\"http:\/\/www.capital.sp.gov.br\/noticia\/prefeitura-faz-vistorias-em-estabelecimentos-para-reforcar-a-necessidade-do-uso-correto-de-mascaras\" target=\"_blank\" aria-label=\"undefined (opens in a new tab)\" rel=\"noreferrer noopener\"> Prefeitura do Munic\u00edpio de S\u00e3o Paulo faz vistorias em estabelecimentos para refor\u00e7ar a necessidade do uso correto de m\u00e1scaras<\/a><\/strong><\/p>\n","protected":false},"excerpt":{"rendered":"<p>27\/08\/2020 &#8211; 18h01 | Muitos comerciantes est\u00e3o recebendo a visita de fiscais da Funda\u00e7\u00e3o Procon-SP na chamada &#8220;Opera\u00e7\u00e3o M\u00e3os \u00e0 Obra&#8221;, que foca especificamente as lojas de material de constru\u00e7\u00e3o e acabamento a fim de verificar o cumprimento ao C\u00f3digo de Defesa do Consumidor. A principal motiva\u00e7\u00e3o tem sido o n\u00famero expressivo de den\u00fancias sobre [&hellip;]<\/p>\n","protected":false},"author":1,"featured_media":4824,"comment_status":"closed","ping_status":"open","sticky":false,"template":"","format":"standard","meta":{"tdm_status":"","tdm_grid_status":"","footnotes":""},"categories":[153],"tags":[70,96,237,71],"class_list":["post-4185","post","type-post","status-publish","format-standard","has-post-thumbnail","hentry","category-noticias","tag-cdc","tag-fiscalizacao","tag-precos","tag-procon"],"amp_enabled":true,"_links":{"self":[{"href":"https:\/\/sincomavi.org.br\/index.php?rest_route=\/wp\/v2\/posts\/4185","targetHints":{"allow":["GET"]}}],"collection":[{"href":"https:\/\/sincomavi.org.br\/index.php?rest_route=\/wp\/v2\/posts"}],"about":[{"href":"https:\/\/sincomavi.org.br\/index.php?rest_route=\/wp\/v2\/types\/post"}],"author":[{"embeddable":true,"href":"https:\/\/sincomavi.org.br\/index.php?rest_route=\/wp\/v2\/users\/1"}],"replies":[{"embeddable":true,"href":"https:\/\/sincomavi.org.br\/index.php?rest_route=%2Fwp%2Fv2%2Fcomments&post=4185"}],"version-history":[{"count":18,"href":"https:\/\/sincomavi.org.br\/index.php?rest_route=\/wp\/v2\/posts\/4185\/revisions"}],"predecessor-version":[{"id":4823,"href":"https:\/\/sincomavi.org.br\/index.php?rest_route=\/wp\/v2\/posts\/4185\/revisions\/4823"}],"wp:featuredmedia":[{"embeddable":true,"href":"https:\/\/sincomavi.org.br\/index.php?rest_route=\/wp\/v2\/media\/4824"}],"wp:attachment":[{"href":"https:\/\/sincomavi.org.br\/index.php?rest_route=%2Fwp%2Fv2%2Fmedia&parent=4185"}],"wp:term":[{"taxonomy":"category","embeddable":true,"href":"https:\/\/sincomavi.org.br\/index.php?rest_route=%2Fwp%2Fv2%2Fcategories&post=4185"},{"taxonomy":"post_tag","embeddable":true,"href":"https:\/\/sincomavi.org.br\/index.php?rest_route=%2Fwp%2Fv2%2Ftags&post=4185"}],"curies":[{"name":"wp","href":"https:\/\/api.w.org\/{rel}","templated":true}]}}