{"id":4155,"date":"2020-07-17T11:36:08","date_gmt":"2020-07-17T14:36:08","guid":{"rendered":"https:\/\/sincomavi.org.br\/?p=4155"},"modified":"2020-07-17T11:36:41","modified_gmt":"2020-07-17T14:36:41","slug":"tributos-federais-transacao","status":"publish","type":"post","link":"https:\/\/sincomavi.org.br\/?p=4155","title":{"rendered":"Tributos Federais \u2013 transa\u00e7\u00e3o"},"content":{"rendered":"<style>.wp-block-kadence-spacer.kt-block-spacer-_be479a-23 .kt-block-spacer{height:60px;}.wp-block-kadence-spacer.kt-block-spacer-_be479a-23 .kt-divider{border-top-width:1px;height:1px;border-top-color:#eee;width:80%;border-top-style:solid;}<\/style>\n<div class=\"wp-block-kadence-spacer aligncenter kt-block-spacer-_be479a-23\"><div class=\"kt-block-spacer kt-block-spacer-halign-center\" style=\"height:60px\"><hr class=\"kt-divider\" style=\"border-top-color:rgba(238, 238, 238, 1);border-top-width:1px;width:80%;border-top-style:solid\"\/><\/div><\/div>\n\n\n\n<p>Regulamentada, pela Portaria AGU N\u00ba 249, a transa\u00e7\u00e3o por proposta individual dos cr\u00e9ditos administrados pela Procuradoria-Geral Federal e tamb\u00e9m dos cr\u00e9ditos cuja cobran\u00e7a compete \u00e0 Procuradoria-Geral da Uni\u00e3o, conforme previsto na Lei n\u00ba 13.988\/2020. A transa\u00e7\u00e3o tem como finalidade a resolu\u00e7\u00e3o de lit\u00edgios administrativos ou judiciais e abrange apenas os cr\u00e9ditos consolidados, de pessoas f\u00edsicas ou jur\u00eddicas, classificados como irrecuper\u00e1veis ou de dif\u00edcil recupera\u00e7\u00e3o, a crit\u00e9rio da autoridade administrativa competente, desde que n\u00e3o existam ind\u00edcios de esvaziamento patrimonial fraudulento e outros crit\u00e9rios citados como impeditivos. Entre as normas estabelecidas podemos observar que:<\/p>\n\n\n\n<ul class=\"wp-block-list\"><li>A consolida\u00e7\u00e3o dos cr\u00e9ditos poder\u00e1 ser feita de forma isolada ou cumulativa pelos j\u00e1 citados \u00f3rg\u00e3os.<\/li><li>A transa\u00e7\u00e3o fica condicionada \u00e0 implementa\u00e7\u00e3o por parte da Uni\u00e3o e das autarquias e funda\u00e7\u00f5es p\u00fablicas federais de mecanismos e modifica\u00e7\u00f5es em seus sistemas informatizados de cobran\u00e7a que propiciem a realiza\u00e7\u00e3o da transa\u00e7\u00e3o por proposta individual.<\/li><li>N\u00e3o se aplica o benef\u00edcio aos acordos ou transa\u00e7\u00f5es realizados com fundamento exclusivamente na Lei n\u00ba 9.469\/1997 e aos cr\u00e9ditos que foram objeto de transa\u00e7\u00e3o, acordo ou parcelamento, ainda que distintos, pelo prazo de dois anos, contado da data da rescis\u00e3o.<\/li><li>Consideram-se: (a) cr\u00e9ditos administrados pela Procuradoria-Geral Federal: aqueles que, ap\u00f3s regular constitui\u00e7\u00e3o no \u00e2mbito das autarquias e funda\u00e7\u00f5es p\u00fablicas federais, encontram-se inscritos em d\u00edvida ativa e estejam aptos a serem cobrados pelos \u00f3rg\u00e3os de execu\u00e7\u00e3o da Procuradoria-Geral Federal e (b) cr\u00e9ditos cuja cobran\u00e7a compete \u00e0 Procuradoria-Geral da Uni\u00e3o: os cr\u00e9ditos da Uni\u00e3o n\u00e3o classific\u00e1veis como d\u00edvida ativa da Fazenda P\u00fablica.<\/li><li>O diploma legal ainda traz disposi\u00e7\u00f5es sobre: as condi\u00e7\u00f5es e requisitos para a realiza\u00e7\u00e3o da transa\u00e7\u00e3o; transa\u00e7\u00e3o individual proposta pela Procuradoria-Geral Federal e pela Procuradoria-Geral da Uni\u00e3o; transa\u00e7\u00e3o individual proposta pelo devedor; cr\u00e9ditos irrecuper\u00e1veis ou de dif\u00edcil recupera\u00e7\u00e3o; termo de transa\u00e7\u00e3o e seus efeitos e a rescis\u00e3o da transa\u00e7\u00e3o.<\/li><\/ul>\n\n\n\n<p>Adicionalmente \u00e9 preciso citar que, como foi determinado pelo pr\u00f3prio texto legal, a Procuradoria-Geral Federal e a Procuradoria-Geral da Uni\u00e3o podem disciplinar, nos seus respectivos \u00e2mbitos, o procedimento aplic\u00e1vel \u00e0 mat\u00e9ria, o que j\u00e1 ocorreu quanto \u00e0 Procuradoria-Geral Federal, que editou a Portaria PGF N\u00ba 333. Em raz\u00e3o desses detalhes, aconselha-se aos interessados o estudo completo dos diplomas j\u00e1 emitidos e acompanhamento quanto a futuras determina\u00e7\u00f5es.<\/p>\n\n\n\n<p><strong>Portaria AGU N\u00ba 249 DOU 09\/07\/20 e\u00a0Portaria PGF N\u00ba 333 DOU 10\/07\/20<\/strong><\/p>\n","protected":false},"excerpt":{"rendered":"<p>Regulamentada, pela Portaria AGU N\u00ba 249, a transa\u00e7\u00e3o por proposta individual dos cr\u00e9ditos administrados pela Procuradoria-Geral Federal e tamb\u00e9m dos cr\u00e9ditos cuja cobran\u00e7a compete \u00e0 Procuradoria-Geral da Uni\u00e3o, conforme previsto na Lei n\u00ba 13.988\/2020. A transa\u00e7\u00e3o tem como finalidade a resolu\u00e7\u00e3o de lit\u00edgios administrativos ou judiciais e abrange apenas os cr\u00e9ditos consolidados, de pessoas f\u00edsicas [&hellip;]<\/p>\n","protected":false},"author":1,"featured_media":4156,"comment_status":"closed","ping_status":"open","sticky":false,"template":"","format":"standard","meta":{"tdm_status":"","tdm_grid_status":"","footnotes":""},"categories":[157],"tags":[38],"class_list":["post-4155","post","type-post","status-publish","format-standard","has-post-thumbnail","hentry","category-alerta","tag-tributos"],"amp_enabled":true,"_links":{"self":[{"href":"https:\/\/sincomavi.org.br\/index.php?rest_route=\/wp\/v2\/posts\/4155","targetHints":{"allow":["GET"]}}],"collection":[{"href":"https:\/\/sincomavi.org.br\/index.php?rest_route=\/wp\/v2\/posts"}],"about":[{"href":"https:\/\/sincomavi.org.br\/index.php?rest_route=\/wp\/v2\/types\/post"}],"author":[{"embeddable":true,"href":"https:\/\/sincomavi.org.br\/index.php?rest_route=\/wp\/v2\/users\/1"}],"replies":[{"embeddable":true,"href":"https:\/\/sincomavi.org.br\/index.php?rest_route=%2Fwp%2Fv2%2Fcomments&post=4155"}],"version-history":[{"count":2,"href":"https:\/\/sincomavi.org.br\/index.php?rest_route=\/wp\/v2\/posts\/4155\/revisions"}],"predecessor-version":[{"id":4158,"href":"https:\/\/sincomavi.org.br\/index.php?rest_route=\/wp\/v2\/posts\/4155\/revisions\/4158"}],"wp:featuredmedia":[{"embeddable":true,"href":"https:\/\/sincomavi.org.br\/index.php?rest_route=\/wp\/v2\/media\/4156"}],"wp:attachment":[{"href":"https:\/\/sincomavi.org.br\/index.php?rest_route=%2Fwp%2Fv2%2Fmedia&parent=4155"}],"wp:term":[{"taxonomy":"category","embeddable":true,"href":"https:\/\/sincomavi.org.br\/index.php?rest_route=%2Fwp%2Fv2%2Fcategories&post=4155"},{"taxonomy":"post_tag","embeddable":true,"href":"https:\/\/sincomavi.org.br\/index.php?rest_route=%2Fwp%2Fv2%2Ftags&post=4155"}],"curies":[{"name":"wp","href":"https:\/\/api.w.org\/{rel}","templated":true}]}}