{"id":4139,"date":"2020-07-16T11:18:42","date_gmt":"2020-07-16T14:18:42","guid":{"rendered":"https:\/\/sincomavi.org.br\/?p=4139"},"modified":"2020-07-16T11:18:43","modified_gmt":"2020-07-16T14:18:43","slug":"ecf-entrega-prorrogada","status":"publish","type":"post","link":"https:\/\/sincomavi.org.br\/?p=4139","title":{"rendered":"ECF &#8211; entrega prorrogada"},"content":{"rendered":"\n<p>A Receita Federal prorrogou o prazo para entrega da Escritura\u00e7\u00e3o Cont\u00e1bil Fiscal (ECF), referente ao exerc\u00edcio de 2020, para o \u00faltimo dia \u00fatil do m\u00eas de setembro deste ano.<\/p>\n\n\n\n<p><br>Normalmente a ECF deve ser transmitida at\u00e9 o \u00faltimo dia \u00fatil do m\u00eas de julho de cada ano. Por\u00e9m, tendo em vista a pandemia da Covid-19, foram adotadas medidas que resultaram em restri\u00e7\u00f5es n\u00e3o apenas para a atividade econ\u00f4mica, mas tamb\u00e9m, ao exerc\u00edcio de v\u00e1rias atividades profissionais, inclusive a dos profissionais cont\u00e1beis respons\u00e1veis pela elabora\u00e7\u00e3o e entrega das escritura\u00e7\u00f5es societ\u00e1rias e fiscais das pessoas jur\u00eddicas.<\/p>\n\n\n\n<p><br>Diante dessa situa\u00e7\u00e3o de excepcionalidade e considerando que, para a escritura\u00e7\u00e3o da ECF, se faz necess\u00e1ria a pr\u00e9via escritura\u00e7\u00e3o da Escritura\u00e7\u00e3o Cont\u00e1bil Digital (ECD), que j\u00e1 teve seu prazo de transmiss\u00e3o prorrogado, tamb\u00e9m em car\u00e1ter excepcional, at\u00e9 o \u00faltimo dia \u00fatil do m\u00eas de julho de 2020, conforme disposto na IN RFB n\u00ba 1.950\/2020, a apresenta\u00e7\u00e3o da Escritura\u00e7\u00e3o Cont\u00e1bil Fiscal, tamb\u00e9m teve de ser postergada.<\/p>\n\n\n\n<p>Aplica-se o prazo estabelecido no texto legal inclusive nos casos de extin\u00e7\u00e3o, cis\u00e3o parcial, cis\u00e3o total, fus\u00e3o ou incorpora\u00e7\u00e3o, ocorridos no per\u00edodo entre janeiro e abril do ano-calend\u00e1rio de 2020.<\/p>\n\n\n\n<p><strong>Fonte: <a href=\"https:\/\/receita.economia.gov.br\/noticias\/ascom\/2020\/julho\/receita-federal-prorroga-para-30-de-setembro-prazo-para-apresentacao-da-escrituracao-contabil-fiscal\" target=\"_blank\" aria-label=\"undefined (opens in a new tab)\" rel=\"noreferrer noopener\">Receita Federal<\/a> e IN RFB n\u00ba 1.965 &#8211; DOU 15\/07\/20<\/strong><\/p>\n","protected":false},"excerpt":{"rendered":"<p>A Receita Federal prorrogou o prazo para entrega da Escritura\u00e7\u00e3o Cont\u00e1bil Fiscal (ECF), referente ao exerc\u00edcio de 2020, para o \u00faltimo dia \u00fatil do m\u00eas de setembro deste ano. Normalmente a ECF deve ser transmitida at\u00e9 o \u00faltimo dia \u00fatil do m\u00eas de julho de cada ano. Por\u00e9m, tendo em vista a pandemia da Covid-19, [&hellip;]<\/p>\n","protected":false},"author":1,"featured_media":4140,"comment_status":"closed","ping_status":"open","sticky":false,"template":"","format":"standard","meta":{"tdm_status":"","tdm_grid_status":"","footnotes":""},"categories":[157],"tags":[375,397,441,311],"class_list":["post-4139","post","type-post","status-publish","format-standard","has-post-thumbnail","hentry","category-alerta","tag-coronavirus-2","tag-covid-19","tag-ecf","tag-receita-federal"],"amp_enabled":true,"_links":{"self":[{"href":"https:\/\/sincomavi.org.br\/index.php?rest_route=\/wp\/v2\/posts\/4139","targetHints":{"allow":["GET"]}}],"collection":[{"href":"https:\/\/sincomavi.org.br\/index.php?rest_route=\/wp\/v2\/posts"}],"about":[{"href":"https:\/\/sincomavi.org.br\/index.php?rest_route=\/wp\/v2\/types\/post"}],"author":[{"embeddable":true,"href":"https:\/\/sincomavi.org.br\/index.php?rest_route=\/wp\/v2\/users\/1"}],"replies":[{"embeddable":true,"href":"https:\/\/sincomavi.org.br\/index.php?rest_route=%2Fwp%2Fv2%2Fcomments&post=4139"}],"version-history":[{"count":1,"href":"https:\/\/sincomavi.org.br\/index.php?rest_route=\/wp\/v2\/posts\/4139\/revisions"}],"predecessor-version":[{"id":4141,"href":"https:\/\/sincomavi.org.br\/index.php?rest_route=\/wp\/v2\/posts\/4139\/revisions\/4141"}],"wp:featuredmedia":[{"embeddable":true,"href":"https:\/\/sincomavi.org.br\/index.php?rest_route=\/wp\/v2\/media\/4140"}],"wp:attachment":[{"href":"https:\/\/sincomavi.org.br\/index.php?rest_route=%2Fwp%2Fv2%2Fmedia&parent=4139"}],"wp:term":[{"taxonomy":"category","embeddable":true,"href":"https:\/\/sincomavi.org.br\/index.php?rest_route=%2Fwp%2Fv2%2Fcategories&post=4139"},{"taxonomy":"post_tag","embeddable":true,"href":"https:\/\/sincomavi.org.br\/index.php?rest_route=%2Fwp%2Fv2%2Ftags&post=4139"}],"curies":[{"name":"wp","href":"https:\/\/api.w.org\/{rel}","templated":true}]}}