{"id":4111,"date":"2020-07-14T11:40:02","date_gmt":"2020-07-14T14:40:02","guid":{"rendered":"https:\/\/sincomavi.org.br\/?p=4111"},"modified":"2020-07-14T11:40:29","modified_gmt":"2020-07-14T14:40:29","slug":"prorrogacao-da-reducao-e-ou-suspensao-dos-contratos-de-trabalho","status":"publish","type":"post","link":"https:\/\/sincomavi.org.br\/?p=4111","title":{"rendered":"Prorroga\u00e7\u00e3o da Redu\u00e7\u00e3o e\/ou Suspens\u00e3o dos Contratos de Trabalho"},"content":{"rendered":"\n<p><strong>14\/07\/2020 | <\/strong>Permitida a prorroga\u00e7\u00e3o dos prazos para celebra\u00e7\u00e3o de acordos de redu\u00e7\u00e3o proporcional de jornada e de sal\u00e1rio e\/ou de suspens\u00e3o tempor\u00e1ria do contrato de trabalho e para efetuar o pagamento dos benef\u00edcios emergenciais, como permitido pela&nbsp;Lei n\u00ba 14.020\/2020. De um modo geral, esses prazos foram alterados para se permitir a redu\u00e7\u00e3o e\/ou a suspens\u00e3o em at\u00e9 120 dias no total. Do texto legal podemos ainda destacar:<\/p>\n\n\n\n<ul class=\"wp-block-list\"><li>A suspens\u00e3o do contrato de trabalho poder\u00e1 ser efetuada de forma fracionada, em per\u00edodos sucessivos ou intercalados, desde que esses per\u00edodos sejam iguais ou superiores a dez dias e que n\u00e3o seja excedido o prazo de cento de vinte dias.<\/li><li>Os per\u00edodos de redu\u00e7\u00e3o proporcional de jornada e de sal\u00e1rio e\/ou de suspens\u00e3o tempor\u00e1ria do contrato de trabalho, utilizados at\u00e9 a data de publica\u00e7\u00e3o do decreto, ser\u00e3o obrigatoriamente computados para fins do limite m\u00e1ximo de 120 dias.<\/li><li>O empregado com contrato de trabalho intermitente, nos termos da CLT e de eventual CCT, formalizado at\u00e9 a data de publica\u00e7\u00e3o da MP 936\/2020, far\u00e1 jus ao benef\u00edcio emergencial mensal no valor de R$ 600,00 pelo per\u00edodo adicional de um m\u00eas, contado da data de encerramento do per\u00edodo de tr\u00eas meses de que trata o\u00a0art. 18 da Lei n\u00ba 14.020, de 2020.<\/li><li>A concess\u00e3o e o pagamento do benef\u00edcio emergencial de preserva\u00e7\u00e3o do emprego e da renda e do benef\u00edcio emergencial mensal, observadas as prorroga\u00e7\u00f5es de prazo acima, ficam condicionados \u00e0s disponibilidades or\u00e7ament\u00e1rias.<\/li><\/ul>\n\n\n\n<p><strong>Aos interessados \u00e9 aconselh\u00e1vel o estudo completo do Decreto n\u00ba 10.422 &#8211; DOU 14\/07\/2020, dispon\u00edvel na \u00edntegra para download no link abaixo.<\/strong><\/p>\n\n\n<style>.wp-block-kadence-advancedbtn.kb-btns_44ba59-d3{gap:var(--global-kb-gap-xs, 0.5rem );justify-content:center;align-items:center;}.kt-btns_44ba59-d3 .kt-button{font-weight:normal;font-style:normal;}.kt-btns_44ba59-d3 .kt-btn-wrap-0{margin-right:5px;}.wp-block-kadence-advancedbtn.kt-btns_44ba59-d3 .kt-btn-wrap-0 .kt-button{color:#555555;border-color:#555555;}.wp-block-kadence-advancedbtn.kt-btns_44ba59-d3 .kt-btn-wrap-0 .kt-button:hover, .wp-block-kadence-advancedbtn.kt-btns_44ba59-d3 .kt-btn-wrap-0 .kt-button:focus{color:#ffffff;border-color:#444444;}.wp-block-kadence-advancedbtn.kt-btns_44ba59-d3 .kt-btn-wrap-0 .kt-button::before{display:none;}.wp-block-kadence-advancedbtn.kt-btns_44ba59-d3 .kt-btn-wrap-0 .kt-button:hover, .wp-block-kadence-advancedbtn.kt-btns_44ba59-d3 .kt-btn-wrap-0 .kt-button:focus{background:#444444;}<\/style>\n<div class=\"wp-block-kadence-advancedbtn kt-btn-align-center kt-btn-tablet-align-inherit kt-btn-mobile-align-inherit kt-btns-wrap kt-btns_44ba59-d3\"><div class=\"kt-btn-wrap kt-btn-wrap-0\"><a class=\"kt-button button kt-btn-0-action kt-btn-size-standard kt-btn-style-basic kt-btn-svg-show-always kt-btn-has-text-true kt-btn-has-svg-false\" href=\"https:\/\/sincomavi.org.br\/wp-content\/uploads\/2020\/07\/D10422-PRORROGA-PRAZOS-MP-936-.pdf\" target=\"_blank\" rel=\"noreferrer noopener\"><span class=\"kt-btn-inner-text\"><strong>CLIQUE AQUI<\/strong><\/span><\/a><\/div><\/div>\n","protected":false},"excerpt":{"rendered":"<p>14\/07\/2020 | Permitida a prorroga\u00e7\u00e3o dos prazos para celebra\u00e7\u00e3o de acordos de redu\u00e7\u00e3o proporcional de jornada e de sal\u00e1rio e\/ou de suspens\u00e3o tempor\u00e1ria do contrato de trabalho e para efetuar o pagamento dos benef\u00edcios emergenciais, como permitido pela&nbsp;Lei n\u00ba 14.020\/2020. De um modo geral, esses prazos foram alterados para se permitir a redu\u00e7\u00e3o e\/ou a [&hellip;]<\/p>\n","protected":false},"author":1,"featured_media":4113,"comment_status":"closed","ping_status":"open","sticky":false,"template":"","format":"standard","meta":{"tdm_status":"","tdm_grid_status":"","footnotes":""},"categories":[157],"tags":[349,397,168,363],"class_list":["post-4111","post","type-post","status-publish","format-standard","has-post-thumbnail","hentry","category-alerta","tag-coronavirus","tag-covid-19","tag-legislacao","tag-relacoes-trabalhistas"],"amp_enabled":true,"_links":{"self":[{"href":"https:\/\/sincomavi.org.br\/index.php?rest_route=\/wp\/v2\/posts\/4111","targetHints":{"allow":["GET"]}}],"collection":[{"href":"https:\/\/sincomavi.org.br\/index.php?rest_route=\/wp\/v2\/posts"}],"about":[{"href":"https:\/\/sincomavi.org.br\/index.php?rest_route=\/wp\/v2\/types\/post"}],"author":[{"embeddable":true,"href":"https:\/\/sincomavi.org.br\/index.php?rest_route=\/wp\/v2\/users\/1"}],"replies":[{"embeddable":true,"href":"https:\/\/sincomavi.org.br\/index.php?rest_route=%2Fwp%2Fv2%2Fcomments&post=4111"}],"version-history":[{"count":1,"href":"https:\/\/sincomavi.org.br\/index.php?rest_route=\/wp\/v2\/posts\/4111\/revisions"}],"predecessor-version":[{"id":4114,"href":"https:\/\/sincomavi.org.br\/index.php?rest_route=\/wp\/v2\/posts\/4111\/revisions\/4114"}],"wp:featuredmedia":[{"embeddable":true,"href":"https:\/\/sincomavi.org.br\/index.php?rest_route=\/wp\/v2\/media\/4113"}],"wp:attachment":[{"href":"https:\/\/sincomavi.org.br\/index.php?rest_route=%2Fwp%2Fv2%2Fmedia&parent=4111"}],"wp:term":[{"taxonomy":"category","embeddable":true,"href":"https:\/\/sincomavi.org.br\/index.php?rest_route=%2Fwp%2Fv2%2Fcategories&post=4111"},{"taxonomy":"post_tag","embeddable":true,"href":"https:\/\/sincomavi.org.br\/index.php?rest_route=%2Fwp%2Fv2%2Ftags&post=4111"}],"curies":[{"name":"wp","href":"https:\/\/api.w.org\/{rel}","templated":true}]}}