{"id":4081,"date":"2020-07-13T14:26:52","date_gmt":"2020-07-13T17:26:52","guid":{"rendered":"https:\/\/sincomavi.org.br\/?p=4081"},"modified":"2020-07-13T14:26:53","modified_gmt":"2020-07-13T17:26:53","slug":"carta-de-conjuntura-julho-de-2020","status":"publish","type":"post","link":"https:\/\/sincomavi.org.br\/?p=4081","title":{"rendered":"Carta de Conjuntura &#8211; julho de 2020"},"content":{"rendered":"\n<p>13\/07\/2020 | Por Jaime Vasconcellos, economista.<\/p>\n\n\n\n<p>O segundo trimestre chega ao seu fim com a expectativa que o fundo do po\u00e7o ficou para tr\u00e1s. Em verdade, o que se viu foi o m\u00eas de abril como o pior momento e o processo de recupera\u00e7\u00e3o deu seus primeiros passos em maio e junho. Ainda que o \u00faltimo bimestre esteja com portentosos percentuais positivos para diversos indicadores, isso ocorre apenas como efeito estat\u00edstico de base fraqu\u00edssima de compara\u00e7\u00e3o mensal. Em outras palavras, estamos numa grave situa\u00e7\u00e3o em rela\u00e7\u00e3o ao ano passado, ainda que com tend\u00eancias melhores do que as esperadas.<\/p>\n\n\n\n<p>O relaxamento parcial das medidas de isolamento social proporcionou f\u00f4lego aos setores de com\u00e9rcio e servi\u00e7os, por\u00e9m n\u00e3o se espera que a recupera\u00e7\u00e3o econ\u00f4mica brasileira seja r\u00e1pida ou linear. A ind\u00fastria est\u00e1 com produ\u00e7\u00e3o 22% menor que 2019, o mercado de trabalho ainda n\u00e3o atingiu seu pior patamar de ocupa\u00e7\u00f5es ativas (formais e informais) e as contas p\u00fabicas ainda est\u00e3o em processo de agravamento das expectativas &#8211; d\u00e9ficit prim\u00e1rio acima dos 11% do Produto Interno Bruto (PIB) e d\u00edvida bruta do setor p\u00fablico acima dos 95% do PIB.<\/p>\n\n\n\n<p>Observamos atualmente que as expectativas quanto ao desempenho da economia brasileira em 2020 variam entre -4,5% a -10%. Obviamente a proje\u00e7\u00e3o mais amena s\u00e3o opini\u00f5es de representantes do governo federal e as mais graves s\u00e3o de entidades e agentes internacionais. O Boletim Focus (BCB) do dia 13 de julho mostra uma proje\u00e7\u00e3o de -6,1%, ainda com melhores expectativas hoje que um m\u00eas atr\u00e1s. Temos a impress\u00e3o de que a dire\u00e7\u00e3o aponta para algo entre -6% a -7% para o ano. Entretanto, tendendo mais pr\u00f3ximo da pior margem do que da melhor.<\/p>\n\n\n\n<p>Dois ter\u00e7os da nossa economia prov\u00eam do consumo das fam\u00edlias. E a base desse consumo, infelizmente, ainda n\u00e3o sangrou como o projetado, dado que os informativos sobre o mercado de trabalho mostram vagas formais ainda sendo extintas e uma gama imensa de indiv\u00edduos que n\u00e3o consegue ao menos procurar trabalho. Sendo que os n\u00edveis de endividamento e inadimpl\u00eancia se mant\u00eam em crescimento.<\/p>\n\n\n\n<p>E a situa\u00e7\u00e3o s\u00f3 n\u00e3o \u00e9 pior pois o programa que possibilita redu\u00e7\u00e3o ou suspens\u00e3o de contratos de trabalho foi prorrogado. Ou seja, ainda n\u00e3o \u00e9 poss\u00edvel estimar com alguma precis\u00e3o em que plat\u00f4 a massa de rendimentos da popula\u00e7\u00e3o se estacionar\u00e1. Podemos at\u00e9 ter surpresas positivas, por\u00e9m ser\u00e1 algo dif\u00edcil de ocorrer.<\/p>\n\n\n\n<h2 class=\"wp-block-heading\">Seguem abaixo, nossas proje\u00e7\u00f5es atualizadas para 2020:\u00a0\u00a0\u00a0\u00a0\u00a0\u00a0\u00a0\u00a0\u00a0\u00a0\u00a0\u00a0\u00a0\u00a0\u00a0\u00a0\u00a0\u00a0\u00a0\u00a0\u00a0\u00a0\u00a0\u00a0\u00a0\u00a0\u00a0\u00a0\u00a0\u00a0\u00a0\u00a0\u00a0\u00a0\u00a0\u00a0\u00a0\u00a0\u00a0\u00a0\u00a0\u00a0\u00a0\u00a0\u00a0\u00a0\u00a0\u00a0\u00a0\u00a0\u00a0\u00a0\u00a0\u00a0\u00a0\u00a0\u00a0\u00a0\u00a0\u00a0\u00a0\u00a0\u00a0\u00a0\u00a0\u00a0\u00a0\u00a0\u00a0\u00a0\u00a0\u00a0\u00a0\u00a0\u00a0\u00a0<\/h2>\n\n\n\n<ul class=\"wp-block-list\"><li><strong>PIB<\/strong>: -6,5% (\u2194)\u00a0\u00a0\u00a0\u00a0\u00a0\u00a0\u00a0\u00a0\u00a0\u00a0\u00a0\u00a0\u00a0\u00a0\u00a0\u00a0\u00a0\u00a0\u00a0\u00a0\u00a0\u00a0\u00a0\u00a0<\/li><li><strong>IPCA\/IBGE<\/strong>: +1,8% (\u2191)\u00a0\u00a0\u00a0\u00a0\u00a0\u00a0\u00a0\u00a0\u00a0\u00a0\u00a0\u00a0\u00a0\u00a0\u00a0\u00a0\u00a0\u00a0\u00a0\u00a0\u00a0\u00a0\u00a0\u00a0\u00a0\u00a0\u00a0\u00a0\u00a0\u00a0\u00a0\u00a0\u00a0\u00a0\u00a0<\/li><li><strong>SELIC<\/strong>: 2,00% (\u2193)\u00a0\u00a0\u00a0\u00a0\u00a0\u00a0\u00a0\u00a0\u00a0\u00a0\u00a0\u00a0\u00a0\u00a0\u00a0\u00a0\u00a0\u00a0\u00a0\u00a0\u00a0\u00a0\u00a0\u00a0\u00a0<\/li><li><strong>Taxa de C\u00e2mbio<\/strong>: 5,20 (\u2193)\u00a0\u00a0\u00a0\u00a0\u00a0\u00a0\u00a0\u00a0\u00a0\u00a0\u00a0<\/li><li><strong>Balan\u00e7a comercial<\/strong>: + US$ 50 bi (\u2191)<\/li><li><strong>Vendas do varejo<\/strong>: -8,0% (\u2194)\u00a0\u00a0\u00a0<\/li><li><strong>Volume dos servi\u00e7os<\/strong>: -6,0% (\u2194)<\/li><\/ul>\n","protected":false},"excerpt":{"rendered":"<p>13\/07\/2020 | Por Jaime Vasconcellos, economista. O segundo trimestre chega ao seu fim com a expectativa que o fundo do po\u00e7o ficou para tr\u00e1s. Em verdade, o que se viu foi o m\u00eas de abril como o pior momento e o processo de recupera\u00e7\u00e3o deu seus primeiros passos em maio e junho. Ainda que o [&hellip;]<\/p>\n","protected":false},"author":1,"featured_media":4082,"comment_status":"closed","ping_status":"open","sticky":false,"template":"","format":"standard","meta":{"tdm_status":"","tdm_grid_status":"","footnotes":""},"categories":[210],"tags":[275,272,199,156,161,273,202,203,274,200,75,276],"class_list":["post-4081","post","type-post","status-publish","format-standard","has-post-thumbnail","hentry","category-artigos","tag-balanca-comercial","tag-carta-de-conjuntura","tag-comercio","tag-economia","tag-ibge","tag-ipca","tag-pib","tag-selic","tag-taxa-de-cambio","tag-varejo","tag-vendas","tag-volume-de-servicos"],"amp_enabled":true,"_links":{"self":[{"href":"https:\/\/sincomavi.org.br\/index.php?rest_route=\/wp\/v2\/posts\/4081","targetHints":{"allow":["GET"]}}],"collection":[{"href":"https:\/\/sincomavi.org.br\/index.php?rest_route=\/wp\/v2\/posts"}],"about":[{"href":"https:\/\/sincomavi.org.br\/index.php?rest_route=\/wp\/v2\/types\/post"}],"author":[{"embeddable":true,"href":"https:\/\/sincomavi.org.br\/index.php?rest_route=\/wp\/v2\/users\/1"}],"replies":[{"embeddable":true,"href":"https:\/\/sincomavi.org.br\/index.php?rest_route=%2Fwp%2Fv2%2Fcomments&post=4081"}],"version-history":[{"count":1,"href":"https:\/\/sincomavi.org.br\/index.php?rest_route=\/wp\/v2\/posts\/4081\/revisions"}],"predecessor-version":[{"id":4083,"href":"https:\/\/sincomavi.org.br\/index.php?rest_route=\/wp\/v2\/posts\/4081\/revisions\/4083"}],"wp:featuredmedia":[{"embeddable":true,"href":"https:\/\/sincomavi.org.br\/index.php?rest_route=\/wp\/v2\/media\/4082"}],"wp:attachment":[{"href":"https:\/\/sincomavi.org.br\/index.php?rest_route=%2Fwp%2Fv2%2Fmedia&parent=4081"}],"wp:term":[{"taxonomy":"category","embeddable":true,"href":"https:\/\/sincomavi.org.br\/index.php?rest_route=%2Fwp%2Fv2%2Fcategories&post=4081"},{"taxonomy":"post_tag","embeddable":true,"href":"https:\/\/sincomavi.org.br\/index.php?rest_route=%2Fwp%2Fv2%2Ftags&post=4081"}],"curies":[{"name":"wp","href":"https:\/\/api.w.org\/{rel}","templated":true}]}}