{"id":4071,"date":"2020-07-13T11:00:02","date_gmt":"2020-07-13T14:00:02","guid":{"rendered":"https:\/\/sincomavi.org.br\/?p=4071"},"modified":"2020-07-13T11:00:05","modified_gmt":"2020-07-13T14:00:05","slug":"receita-alerta-para-retorno-de-obrigacoes-adiadas-na-pandemia","status":"publish","type":"post","link":"https:\/\/sincomavi.org.br\/?p=4071","title":{"rendered":"Receita alerta para retorno de obriga\u00e7\u00f5es adiadas na pandemia"},"content":{"rendered":"\n<p>As empresas e os demais contribuintes devem estar atentos para o retorno de obriga\u00e7\u00f5es com o Fisco adiadas durante a pandemia do novo coronav\u00edrus. Tributos e declara\u00e7\u00f5es que haviam sido suspensos ou postergados voltam a valer em julho.<\/p>\n\n\n\n<p>A Receita Federal emitiu um alerta para orientar o contribuinte. A contribui\u00e7\u00e3o patronal ao Instituto Nacional do Seguro Social (INSS), a Contribui\u00e7\u00e3o para o Financiamento da Seguridade Social (Cofins) e os Programas de Integra\u00e7\u00e3o Social (PIS) e de Forma\u00e7\u00e3o do Patrim\u00f4nio do Servidor P\u00fablico (Pasep) devem ser pagas neste m\u00eas. O mesmo ocorre com a contribui\u00e7\u00e3o de empresas e de empregadores dom\u00e9sticos ao Fundo de Garantia do Tempo de Servi\u00e7o (FGTS).<\/p>\n\n\n\n<p>No caso das contribui\u00e7\u00f5es para o INSS, a Cofins e o PIS\/Pasep, a suspens\u00e3o s\u00f3 valeu para as quotas de abril e de maio, cujo pagamento foi transferido para agosto e outubro, respectivamente. As quotas de junho, com vencimento em julho, devem ser quitadas.<\/p>\n\n\n\n<p>A contribui\u00e7\u00e3o da empresa para o INSS deve ser paga at\u00e9 o dia 20, assim como a contribui\u00e7\u00e3o da agroind\u00fastria e dos empregadores rurais para a Previd\u00eancia Social. As contribui\u00e7\u00f5es para a Cofins e o PIS\/Pasep devem ser quitadas at\u00e9 o dia 24.<\/p>\n\n\n\n<p>No caso do FGTS, o governo adiou o pagamento das quotas de abril, maio e junho. Os valores poder\u00e3o ser divididos em seis parcelas, de julho a dezembro, sem multas e encargos. A quota deste m\u00eas deve voltar a ser paga no dia do vencimento. A contribui\u00e7\u00e3o para o empregador dom\u00e9stico venceu na \u00faltima ter\u00e7a-feira (7).<\/p>\n\n\n\n<h2 class=\"wp-block-heading\">Declara\u00e7\u00f5es<\/h2>\n\n\n\n<p>Tamb\u00e9m devem ser entregues neste m\u00eas declara\u00e7\u00f5es que estavam suspensas. As declara\u00e7\u00f5es de D\u00e9bitos e Cr\u00e9ditos Tribut\u00e1rios Federais (DCTF) originalmente previstas para o 15\u00ba dia \u00fatil de abril, de maio e de junho, dever\u00e3o ser apresentadas at\u00e9 21 de julho. Segundo a Receita Federal, inclusive a declara\u00e7\u00e3o referente aos fatos geradores de maio de 2020 dever\u00e1 ser enviada.<\/p>\n\n\n\n<p>O arquivo digital da EFD-Contribui\u00e7\u00f5es, que integra o Sistema P\u00fablico de Escritura\u00e7\u00e3o Digital (Sped) deve ser entregue at\u00e9 a pr\u00f3xima ter\u00e7a-feira (14). O envio estavas previsto para o 10\u00ba dia \u00fatil de abril, maio e junho. A escritura\u00e7\u00e3o referente a maio de 2020 tamb\u00e9m dever\u00e1 ser transmitida ao Fisco.<\/p>\n\n\n\n<p><em>Fonte: Ag\u00eancia Brasil<\/em><\/p>\n","protected":false},"excerpt":{"rendered":"<p>As empresas e os demais contribuintes devem estar atentos para o retorno de obriga\u00e7\u00f5es com o Fisco adiadas durante a pandemia do novo coronav\u00edrus. Tributos e declara\u00e7\u00f5es que haviam sido suspensos ou postergados voltam a valer em julho. A Receita Federal emitiu um alerta para orientar o contribuinte. A contribui\u00e7\u00e3o patronal ao Instituto Nacional do [&hellip;]<\/p>\n","protected":false},"author":1,"featured_media":4072,"comment_status":"closed","ping_status":"open","sticky":false,"template":"","format":"standard","meta":{"tdm_status":"","tdm_grid_status":"","footnotes":""},"categories":[153],"tags":[300,349,397,108,134,83,84,130,311,125],"class_list":["post-4071","post","type-post","status-publish","format-standard","has-post-thumbnail","hentry","category-noticias","tag-cofins","tag-coronavirus","tag-covid-19","tag-dctfweb","tag-efd-reinf","tag-fgts","tag-inss","tag-pis-pasep","tag-receita-federal","tag-sped"],"amp_enabled":true,"_links":{"self":[{"href":"https:\/\/sincomavi.org.br\/index.php?rest_route=\/wp\/v2\/posts\/4071","targetHints":{"allow":["GET"]}}],"collection":[{"href":"https:\/\/sincomavi.org.br\/index.php?rest_route=\/wp\/v2\/posts"}],"about":[{"href":"https:\/\/sincomavi.org.br\/index.php?rest_route=\/wp\/v2\/types\/post"}],"author":[{"embeddable":true,"href":"https:\/\/sincomavi.org.br\/index.php?rest_route=\/wp\/v2\/users\/1"}],"replies":[{"embeddable":true,"href":"https:\/\/sincomavi.org.br\/index.php?rest_route=%2Fwp%2Fv2%2Fcomments&post=4071"}],"version-history":[{"count":1,"href":"https:\/\/sincomavi.org.br\/index.php?rest_route=\/wp\/v2\/posts\/4071\/revisions"}],"predecessor-version":[{"id":4073,"href":"https:\/\/sincomavi.org.br\/index.php?rest_route=\/wp\/v2\/posts\/4071\/revisions\/4073"}],"wp:featuredmedia":[{"embeddable":true,"href":"https:\/\/sincomavi.org.br\/index.php?rest_route=\/wp\/v2\/media\/4072"}],"wp:attachment":[{"href":"https:\/\/sincomavi.org.br\/index.php?rest_route=%2Fwp%2Fv2%2Fmedia&parent=4071"}],"wp:term":[{"taxonomy":"category","embeddable":true,"href":"https:\/\/sincomavi.org.br\/index.php?rest_route=%2Fwp%2Fv2%2Fcategories&post=4071"},{"taxonomy":"post_tag","embeddable":true,"href":"https:\/\/sincomavi.org.br\/index.php?rest_route=%2Fwp%2Fv2%2Ftags&post=4071"}],"curies":[{"name":"wp","href":"https:\/\/api.w.org\/{rel}","templated":true}]}}