{"id":4059,"date":"2020-07-09T11:25:28","date_gmt":"2020-07-09T14:25:28","guid":{"rendered":"https:\/\/sincomavi.org.br\/?p=4059"},"modified":"2020-07-09T11:25:58","modified_gmt":"2020-07-09T14:25:58","slug":"covid-19-e-a-atualizacao-dos-impactos-mensurados-no-varejo-2","status":"publish","type":"post","link":"https:\/\/sincomavi.org.br\/?p=4059","title":{"rendered":"COVID-19 e a atualiza\u00e7\u00e3o dos impactos mensurados no varejo"},"content":{"rendered":"\n<p>09\/07\/2020 | Por Jaime Vasconcellos, economista.<\/p>\n\n\n\n<p>Informa\u00e7\u00f5es divulgadas esta manh\u00e3, 08 de julho de 2020, mostram que o volume de vendas do com\u00e9rcio varejista brasileiro de materiais de constru\u00e7\u00e3o avan\u00e7ou 22,2% em maio, na refer\u00eancia ao m\u00eas anterior, ainda que 5,2% inferiores ao patamar do mesmo m\u00eas de 2019. Por sua vez, no ano h\u00e1 uma redu\u00e7\u00e3o de 6,7% no volume de vendas, com recuo t\u00edmido de 0,6% no indicador de 12 meses. O varejo total do Brasil (com\u00e9rcio ampliado) avan\u00e7ou 19,6% no m\u00eas, mas caiu 14,9% na compara\u00e7\u00e3o interanual, e amarga redu\u00e7\u00e3o de 8,6% no ano com queda de 1,0% no per\u00edodo de doze meses, no extrato de junho de 2019 a maio de 2020.<\/p>\n\n\n\n<p>Com rela\u00e7\u00e3o ao ICVA, da operadora Cielo, dados atualizados apontam que o faturamento nominal do varejo total do Brasil caiu 27,5% desde 1\u00b0 de mar\u00e7o &#8211; em compara\u00e7\u00e3o a fevereiro. Na semana de 28 de junho a 04 de julho a queda se fixou em -18,4%. Especificamente &nbsp;no caso do varejo de materiais de constru\u00e7\u00e3o, o recuo acumulado desde mar\u00e7o ficou em -3,5% at\u00e9 junho, todavia passou a contar com um leve aumento quando se consideram os dias at\u00e9 primeira semana de julho, sendo o per\u00edodo de 28 de junho a 04 de julho marcado por um avan\u00e7o portentoso de 28,3% na receita nominal de vendas.<\/p>\n\n\n\n<p>Os balan\u00e7os do IBGE e ICVA fazem parte do trabalho mensal do Sincomavi em observar importantes term\u00f4metros do desempenho do com\u00e9rcio varejista. Os n\u00fameros trazidos pelo Instituto Brasileiro de Geografia e Estat\u00edstica (IBGE) refor\u00e7am a an\u00e1lise que o fundo do po\u00e7o foi enfrentado em abril, dando esperan\u00e7as para que possamos fazer um processo de recupera\u00e7\u00e3o mais r\u00e1pida que o esperado, ainda que com muitas perdas de desempenho, estabelecimentos e emprego.<\/p>\n\n\n\n<p>\u00c9 vis\u00edvel pela compara\u00e7\u00e3o dos n\u00fameros acima que as lojas de materiais de constru\u00e7\u00e3o est\u00e3o em melhor desempenho de volume de vendas da m\u00e9dia do varejo, principalmente daquele que comercializa mercadorias consideradas n\u00e3o-essenciais. A queda de 6,7% no ano e de apenas -0,6% em doze meses \u00e9 um alento ao se contrapor atividades tradicionais como varejo de vestu\u00e1rio, artigos pessoais, ve\u00edculos e equipamento e materiais de escrit\u00f3rio, inform\u00e1tica e comunica\u00e7\u00e3o. O ICVA s\u00f3 comprova tal quest\u00e3o.<\/p>\n\n\n\n<p>No caso dessa \u00faltima categoria, equipamentos e material para escrit\u00f3rio, inform\u00e1tica e comunica\u00e7\u00e3o,&nbsp;o IBGE registrou recuo de 38,2% em rela\u00e7\u00e3o a maio de 2019, menos intenso que no m\u00eas de abril (-45,6%). No ano, o setor j\u00e1 registrava -25,3% at\u00e9 maio, maior amplitude que a registrada at\u00e9 abril (-22,0%). O acumulado nos \u00faltimos doze meses (-10,4%) registrou um incremento, no campo negativo, em rela\u00e7\u00e3o a abril (-7,1%).<\/p>\n\n\n\n<p>A economia ter\u00e1 um segundo semestre de recupera\u00e7\u00e3o. Pode n\u00e3o ser completa ou com o ritmo esperado, pois as oscila\u00e7\u00f5es ser\u00e3o sentidas devido ao estado grave que o desemprego, inadimpl\u00eancia e endividamento das fam\u00edlias, bem como as contas p\u00fablicas, mas veremos tend\u00eancia de alta. Mais do que nunca o pragmatismo, planejamento, extens\u00e3o de atendimento, boa escolha de portf\u00f3lio (giro), investimento ao cliente \u201cautoconstrutor\u201d, no caso de material de constru\u00e7\u00e3o, se fazem necess\u00e1rios.<\/p>\n","protected":false},"excerpt":{"rendered":"<p>09\/07\/2020 | Por Jaime Vasconcellos, economista. Informa\u00e7\u00f5es divulgadas esta manh\u00e3, 08 de julho de 2020, mostram que o volume de vendas do com\u00e9rcio varejista brasileiro de materiais de constru\u00e7\u00e3o avan\u00e7ou 22,2% em maio, na refer\u00eancia ao m\u00eas anterior, ainda que 5,2% inferiores ao patamar do mesmo m\u00eas de 2019. Por sua vez, no ano h\u00e1 [&hellip;]<\/p>\n","protected":false},"author":1,"featured_media":4060,"comment_status":"closed","ping_status":"open","sticky":false,"template":"","format":"standard","meta":{"tdm_status":"","tdm_grid_status":"","footnotes":""},"categories":[210],"tags":[156,159,158,200,75],"class_list":["post-4059","post","type-post","status-publish","format-standard","has-post-thumbnail","hentry","category-artigos","tag-economia","tag-informatica","tag-material-de-construcao","tag-varejo","tag-vendas"],"amp_enabled":true,"_links":{"self":[{"href":"https:\/\/sincomavi.org.br\/index.php?rest_route=\/wp\/v2\/posts\/4059","targetHints":{"allow":["GET"]}}],"collection":[{"href":"https:\/\/sincomavi.org.br\/index.php?rest_route=\/wp\/v2\/posts"}],"about":[{"href":"https:\/\/sincomavi.org.br\/index.php?rest_route=\/wp\/v2\/types\/post"}],"author":[{"embeddable":true,"href":"https:\/\/sincomavi.org.br\/index.php?rest_route=\/wp\/v2\/users\/1"}],"replies":[{"embeddable":true,"href":"https:\/\/sincomavi.org.br\/index.php?rest_route=%2Fwp%2Fv2%2Fcomments&post=4059"}],"version-history":[{"count":1,"href":"https:\/\/sincomavi.org.br\/index.php?rest_route=\/wp\/v2\/posts\/4059\/revisions"}],"predecessor-version":[{"id":4061,"href":"https:\/\/sincomavi.org.br\/index.php?rest_route=\/wp\/v2\/posts\/4059\/revisions\/4061"}],"wp:featuredmedia":[{"embeddable":true,"href":"https:\/\/sincomavi.org.br\/index.php?rest_route=\/wp\/v2\/media\/4060"}],"wp:attachment":[{"href":"https:\/\/sincomavi.org.br\/index.php?rest_route=%2Fwp%2Fv2%2Fmedia&parent=4059"}],"wp:term":[{"taxonomy":"category","embeddable":true,"href":"https:\/\/sincomavi.org.br\/index.php?rest_route=%2Fwp%2Fv2%2Fcategories&post=4059"},{"taxonomy":"post_tag","embeddable":true,"href":"https:\/\/sincomavi.org.br\/index.php?rest_route=%2Fwp%2Fv2%2Ftags&post=4059"}],"curies":[{"name":"wp","href":"https:\/\/api.w.org\/{rel}","templated":true}]}}