{"id":4037,"date":"2020-07-06T09:21:47","date_gmt":"2020-07-06T12:21:47","guid":{"rendered":"https:\/\/sincomavi.org.br\/?p=4037"},"modified":"2022-09-23T10:17:36","modified_gmt":"2022-09-23T13:17:36","slug":"varejo-de-materiais-de-construcao-perdeu-62-mil-empregos-formais-em-sao-paulo","status":"publish","type":"post","link":"https:\/\/sincomavi.org.br\/?p=4037","title":{"rendered":"Varejo de material de constru\u00e7\u00e3o perdeu 6,2 mil empregos"},"content":{"rendered":"\n<p>O grupo de atividades que comp\u00f5em os varejos de material de constru\u00e7\u00e3o, vidros e tintas amargou a perda de 6.199 v\u00ednculos formais entre janeiro e maio de 2020 no Estado de S\u00e3o Paulo. Foram 22.624 admiss\u00f5es e 28.823 desligamentos no per\u00edodo. Considerando um estoque ativo de cerca de 182,2 mil empregos registrado no in\u00edcio desse ano, o saldo negativo dos primeiros cinco meses significa uma retra\u00e7\u00e3o de 3,4% no mercado setorial de trabalho. Pelas atividades, as redu\u00e7\u00f5es no n\u00famero de postos de trabalho mais marcantes ocorreram nas lojas de material de constru\u00e7\u00e3o em geral (-3.971 vagas) e de ferragens e ferramentas (-825 vagas). \u201cPor outro lado, foi verificado um pequeno crescimento no varejo de pedras para revestimento: 8 vagas\u201d, ressalta o economista Jaime Vasconcellos.<\/p>\n\n\n\n<div class=\"wp-block-image\"><figure class=\"aligncenter size-large\"><img loading=\"lazy\" decoding=\"async\" width=\"567\" height=\"235\" src=\"https:\/\/sincomavi.org.br\/wp-content\/uploads\/2020\/07\/tab1_jul.jpg\" alt=\"\" class=\"wp-image-4038\" srcset=\"https:\/\/sincomavi.org.br\/wp-content\/uploads\/2020\/07\/tab1_jul.jpg 567w, https:\/\/sincomavi.org.br\/wp-content\/uploads\/2020\/07\/tab1_jul-300x124.jpg 300w\" sizes=\"auto, (max-width: 567px) 100vw, 567px\" \/><\/figure><\/div>\n\n\n\n<p>Destaca-se que o desempenho do setor em 2020 \u00e9 o pior j\u00e1 registrado na hist\u00f3ria da economia paulista para os primeiros cinco meses do ano. Como pode ser observado na tabela abaixo, o resultado desse ano consegue superar inclusive o obtido em 2016, no qual 4.635 empregos formais foram extintos.<\/p>\n\n\n\n<h3 class=\"has-text-align-center wp-block-heading\">Evolu\u00e7\u00e3o do saldo de empregos do varejo de materiais de constru\u00e7\u00e3o<\/h3>\n\n\n\n<div class=\"wp-block-image\"><figure class=\"aligncenter size-large\"><img loading=\"lazy\" decoding=\"async\" width=\"481\" height=\"289\" src=\"https:\/\/sincomavi.org.br\/wp-content\/uploads\/2020\/07\/tab2_jul-1.jpg\" alt=\"\" class=\"wp-image-4040\" srcset=\"https:\/\/sincomavi.org.br\/wp-content\/uploads\/2020\/07\/tab2_jul-1.jpg 481w, https:\/\/sincomavi.org.br\/wp-content\/uploads\/2020\/07\/tab2_jul-1-300x180.jpg 300w\" sizes=\"auto, (max-width: 481px) 100vw, 481px\" \/><\/figure><\/div>\n\n\n\n<p>Na cidade de S\u00e3o Paulo houve redu\u00e7\u00e3o de 1.771 vagas formais nos varejos de material de constru\u00e7\u00e3o, tintas e vidros em 2020. Foram 4.825 admiss\u00f5es e 6.596 desligamentos na soma dos meses de janeiro a maio. Em n\u00fameros absolutos, os piores desempenhos ficaram a cargo das lojas de material de constru\u00e7\u00e3o (-1.114 vagas) e de madeiras (-200 vagas). Os quase 1,8 mil v\u00ednculos formais perdidos significaram um recuo de 4,1% da empregabilidade na soma das atividades.<\/p>\n\n\n\n<div class=\"wp-block-image\"><figure class=\"aligncenter size-large\"><img loading=\"lazy\" decoding=\"async\" width=\"567\" height=\"235\" src=\"https:\/\/sincomavi.org.br\/wp-content\/uploads\/2020\/07\/tab3_jul.jpg\" alt=\"\" class=\"wp-image-4041\" srcset=\"https:\/\/sincomavi.org.br\/wp-content\/uploads\/2020\/07\/tab3_jul.jpg 567w, https:\/\/sincomavi.org.br\/wp-content\/uploads\/2020\/07\/tab3_jul-300x124.jpg 300w\" sizes=\"auto, (max-width: 567px) 100vw, 567px\" \/><\/figure><\/div>\n\n\n\n<p>Assim como no Estado, o desempenho de 2020, para o per\u00edodo janeiro a maio, foi historicamente o pior j\u00e1 alcan\u00e7ado pelos varejos de material de constru\u00e7\u00e3o, tintas e vidros da capital paulista. Ressalta-se que \u00e9, inclusive, uma perda em dobro da queda mais aguda, registrada em 2016.<\/p>\n\n\n\n<h3 class=\"has-text-align-center wp-block-heading\">Evolu\u00e7\u00e3o do saldo de empregos do varejo de materiais de constru\u00e7\u00e3o em S\u00e3o Paulo (SP)<\/h3>\n\n\n\n<div class=\"wp-block-image\"><figure class=\"aligncenter size-large\"><img loading=\"lazy\" decoding=\"async\" width=\"481\" height=\"289\" src=\"https:\/\/sincomavi.org.br\/wp-content\/uploads\/2020\/07\/tab4_jul.jpg\" alt=\"\" class=\"wp-image-4042\" srcset=\"https:\/\/sincomavi.org.br\/wp-content\/uploads\/2020\/07\/tab4_jul.jpg 481w, https:\/\/sincomavi.org.br\/wp-content\/uploads\/2020\/07\/tab4_jul-300x180.jpg 300w\" sizes=\"auto, (max-width: 481px) 100vw, 481px\" \/><\/figure><\/div>\n\n\n\n<p>\u201cOs n\u00fameros mostrados s\u00e3o resultados severos dos impactos da pandemia da Covid-19 \u00e0 economia, em especial ao com\u00e9rcio e ao varejo\u201d, comenta Jaime. Um impacto \u00e0 chamada economia real. Algo ainda mais grave quando se trata da vari\u00e1vel emprego, base de renda, poder de compra e subsist\u00eancia de fam\u00edlias. &nbsp;\u201cAdicionando o multiplicador que a renda \u00e9 base do consumo, se transformando em vendas do pr\u00f3prio varejo e ativando uma cadeia setorial. No caso que estamos vivendo, h\u00e1 um movimento contr\u00e1rio, por isso muito preocupante, dado efeito negativo que a queda de emprego causa ao fluxo econ\u00f4mico\u201d, adverte.<\/p>\n\n\n\n<p>Apesar do desempenho negativo do varejo de materiais de constru\u00e7\u00e3o, esse segmento sofreu menos que outras atividades comerciais, as quais reduziram seu mercado de trabalho formal entre 5% e 10% em 2020. \u201cAos nossos setores estamos com quedas inferiores aos 5%, sendo que a capital possui situa\u00e7\u00e3o mais grave que o Estado, pois em n\u00fameros absolutos o impacto do novo coronav\u00edrus \u00e9 mais proeminente na cidade de S\u00e3o Paulo\u201d.<\/p>\n","protected":false},"excerpt":{"rendered":"<p>O grupo de atividades que comp\u00f5em os varejos de material de constru\u00e7\u00e3o, vidros e tintas amargou a perda de 6.199 v\u00ednculos formais entre janeiro e maio de 2020 no Estado de S\u00e3o Paulo. Foram 22.624 admiss\u00f5es e 28.823 desligamentos no per\u00edodo. Considerando um estoque ativo de cerca de 182,2 mil empregos registrado no in\u00edcio desse [&hellip;]<\/p>\n","protected":false},"author":1,"featured_media":4043,"comment_status":"closed","ping_status":"open","sticky":false,"template":"","format":"standard","meta":{"tdm_status":"","tdm_grid_status":"","footnotes":""},"categories":[153],"tags":[199,349,156,53,434,158,160,232,200],"class_list":["post-4037","post","type-post","status-publish","format-standard","has-post-thumbnail","hentry","category-noticias","tag-comercio","tag-coronavirus","tag-economia","tag-emprego","tag-madeira","tag-material-de-construcao","tag-pesquisa","tag-tintas","tag-varejo"],"amp_enabled":true,"_links":{"self":[{"href":"https:\/\/sincomavi.org.br\/index.php?rest_route=\/wp\/v2\/posts\/4037","targetHints":{"allow":["GET"]}}],"collection":[{"href":"https:\/\/sincomavi.org.br\/index.php?rest_route=\/wp\/v2\/posts"}],"about":[{"href":"https:\/\/sincomavi.org.br\/index.php?rest_route=\/wp\/v2\/types\/post"}],"author":[{"embeddable":true,"href":"https:\/\/sincomavi.org.br\/index.php?rest_route=\/wp\/v2\/users\/1"}],"replies":[{"embeddable":true,"href":"https:\/\/sincomavi.org.br\/index.php?rest_route=%2Fwp%2Fv2%2Fcomments&post=4037"}],"version-history":[{"count":3,"href":"https:\/\/sincomavi.org.br\/index.php?rest_route=\/wp\/v2\/posts\/4037\/revisions"}],"predecessor-version":[{"id":8845,"href":"https:\/\/sincomavi.org.br\/index.php?rest_route=\/wp\/v2\/posts\/4037\/revisions\/8845"}],"wp:featuredmedia":[{"embeddable":true,"href":"https:\/\/sincomavi.org.br\/index.php?rest_route=\/wp\/v2\/media\/4043"}],"wp:attachment":[{"href":"https:\/\/sincomavi.org.br\/index.php?rest_route=%2Fwp%2Fv2%2Fmedia&parent=4037"}],"wp:term":[{"taxonomy":"category","embeddable":true,"href":"https:\/\/sincomavi.org.br\/index.php?rest_route=%2Fwp%2Fv2%2Fcategories&post=4037"},{"taxonomy":"post_tag","embeddable":true,"href":"https:\/\/sincomavi.org.br\/index.php?rest_route=%2Fwp%2Fv2%2Ftags&post=4037"}],"curies":[{"name":"wp","href":"https:\/\/api.w.org\/{rel}","templated":true}]}}