{"id":3918,"date":"2020-06-30T13:46:22","date_gmt":"2020-06-30T16:46:22","guid":{"rendered":"https:\/\/sincomavi.org.br\/?p=3918"},"modified":"2020-06-30T20:12:29","modified_gmt":"2020-06-30T23:12:29","slug":"uso-de-mascara-multa-pode-chegar-a-r-5-02502-por-infrator","status":"publish","type":"post","link":"https:\/\/sincomavi.org.br\/?p=3918","title":{"rendered":"Uso de m\u00e1scara: multa pode chegar a R$ 5.025,02 por infrator"},"content":{"rendered":"\n<p>Resolu\u00e7\u00e3o SS-96, da Secretaria Estadual de Sa\u00fade, publicada em 29 de junho de 2020, estabeleceu v\u00e1rias a\u00e7\u00f5es de fiscaliza\u00e7\u00e3o para o uso correto de m\u00e1scaras nos estabelecimentos comerciais, presta\u00e7\u00e3o de servi\u00e7os e para a popula\u00e7\u00e3o em geral. No caso das empresas, ficou determinado a obrigatoriedade da afixa\u00e7\u00e3o de aviso (<a href=\"https:\/\/sincomavi.org.br\/cartaz-obrigatorio-uso-mascara\/\"><strong>cartaz<\/strong><\/a>) sobre a maneira correta do uso de m\u00e1scaras de prote\u00e7\u00e3o facial, com cobertura de nariz e boca, e distanciamento m\u00ednimo de 1,5 m entre usu\u00e1rios. Esses cartazes dever\u00e3o ser colocados em pontos de ampla visibilidade, contendo a indica\u00e7\u00e3o de telefone e endere\u00e7o dos \u00f3rg\u00e3os estaduais respons\u00e1veis pela vigil\u00e2ncia sanit\u00e1ria.<\/p>\n\n\n\n<p>Ser\u00e1 ainda responsabilidade das empresas advertir eventuais infratores sobre a obrigatoriedade de uso correto de m\u00e1scara durante todo o per\u00edodo de perman\u00eancia nas depend\u00eancias do estabelecimento. Caso esse alerta n\u00e3o seja respeitado, o infrator dever\u00e1 ser retirado do local com o uso, se necess\u00e1rio, de for\u00e7a policial.<\/p>\n\n\n\n<p>Em caso de omiss\u00e3o, o empres\u00e1rio ou respons\u00e1vel t\u00e9cnico poder\u00e1 responder pelas san\u00e7\u00f5es previstas na Lei 10.083. As empresas est\u00e3o sujeitas ainda a multa de 182 Unidades Fiscais do Estado de S\u00e3o Paulo (R$ 5.025,02) para cada usu\u00e1rio infrator. J\u00e1 a penalidade prevista para a aus\u00eancia de aviso (falta de sinaliza\u00e7\u00e3o) foi afixada em 50 unidades fiscais, ou seja, R$ 1.380,50.<\/p>\n\n\n\n<p>A resolu\u00e7\u00e3o da Secret\u00e1ria Estadual de Sa\u00fade entra em vigor em 1\u00ba de julho de 2020.<\/p>\n\n\n\n<p class=\"has-text-align-center\"><strong>Fa\u00e7a o download da resolu\u00e7\u00e3o SS-96 no bot\u00e3o abaixo.<\/strong><\/p>\n\n\n<style>.wp-block-kadence-advancedbtn.kb-btns_04b7da-54{gap:var(--global-kb-gap-xs, 0.5rem );justify-content:center;align-items:center;}.kt-btns_04b7da-54 .kt-button{font-weight:normal;font-style:normal;}.kt-btns_04b7da-54 .kt-btn-wrap-0{margin-right:5px;}.wp-block-kadence-advancedbtn.kt-btns_04b7da-54 .kt-btn-wrap-0 .kt-button{color:#555555;border-color:#555555;}.wp-block-kadence-advancedbtn.kt-btns_04b7da-54 .kt-btn-wrap-0 .kt-button:hover, .wp-block-kadence-advancedbtn.kt-btns_04b7da-54 .kt-btn-wrap-0 .kt-button:focus{color:#ffffff;border-color:#444444;}.wp-block-kadence-advancedbtn.kt-btns_04b7da-54 .kt-btn-wrap-0 .kt-button::before{display:none;}.wp-block-kadence-advancedbtn.kt-btns_04b7da-54 .kt-btn-wrap-0 .kt-button:hover, .wp-block-kadence-advancedbtn.kt-btns_04b7da-54 .kt-btn-wrap-0 .kt-button:focus{background:#444444;}<\/style>\n<div class=\"wp-block-kadence-advancedbtn kt-btn-align-center kt-btn-tablet-align-inherit kt-btn-mobile-align-inherit kt-btns-wrap kt-btns_04b7da-54\"><div class=\"kt-btn-wrap kt-btn-wrap-0\"><a class=\"kt-button button kt-btn-0-action kt-btn-size-standard kt-btn-style-basic kt-btn-svg-show-always kt-btn-has-text-true kt-btn-has-svg-false\" href=\"https:\/\/sincomavi.org.br\/wp-content\/uploads\/2020\/06\/RESOLU\u00c7\u00c3O-M\u00c1SCARA.pdf\" target=\"_blank\" rel=\"noreferrer noopener\"><span class=\"kt-btn-inner-text\">DOWNLOAD<\/span><\/a><\/div><\/div>\n\n\n<style>.wp-block-kadence-spacer.kt-block-spacer-_2af053-83 .kt-block-spacer{height:60px;}.wp-block-kadence-spacer.kt-block-spacer-_2af053-83 .kt-divider{border-top-width:1px;height:1px;border-top-color:#eee;width:80%;border-top-style:solid;}<\/style>\n<div class=\"wp-block-kadence-spacer aligncenter kt-block-spacer-_2af053-83\"><div class=\"kt-block-spacer kt-block-spacer-halign-center\" style=\"height:60px\"><hr class=\"kt-divider\" style=\"border-top-color:rgba(238, 238, 238, 1);border-top-width:1px;width:80%;border-top-style:solid\"\/><\/div><\/div>\n\n\n\n<p class=\"has-text-align-center\"><a aria-label=\"undefined (opens in a new tab)\" href=\"https:\/\/sincomavi.org.br\/cartaz-obrigatorio-uso-mascara\/\" target=\"_blank\" rel=\"noreferrer noopener\"><strong>Fa\u00e7a o download do aviso obrigat\u00f3rio para clientes: clique aqui<\/strong><\/a><\/p>\n\n\n<style>.wp-block-kadence-spacer.kt-block-spacer-_858e1f-d2 .kt-block-spacer{height:60px;}.wp-block-kadence-spacer.kt-block-spacer-_858e1f-d2 .kt-divider{border-top-width:1px;height:1px;border-top-color:#eee;width:80%;border-top-style:solid;}<\/style>\n<div class=\"wp-block-kadence-spacer aligncenter kt-block-spacer-_858e1f-d2\"><div class=\"kt-block-spacer kt-block-spacer-halign-center\" style=\"height:60px\"><hr class=\"kt-divider\" style=\"border-top-color:rgba(238, 238, 238, 1);border-top-width:1px;width:80%;border-top-style:solid\"\/><\/div><\/div>\n","protected":false},"excerpt":{"rendered":"<p>Resolu\u00e7\u00e3o SS-96, da Secretaria Estadual de Sa\u00fade, publicada em 29 de junho de 2020, estabeleceu v\u00e1rias a\u00e7\u00f5es de fiscaliza\u00e7\u00e3o para o uso correto de m\u00e1scaras nos estabelecimentos comerciais, presta\u00e7\u00e3o de servi\u00e7os e para a popula\u00e7\u00e3o em geral. No caso das empresas, ficou determinado a obrigatoriedade da afixa\u00e7\u00e3o de aviso (cartaz) sobre a maneira correta do [&hellip;]<\/p>\n","protected":false},"author":1,"featured_media":3921,"comment_status":"closed","ping_status":"open","sticky":false,"template":"","format":"standard","meta":{"tdm_status":"","tdm_grid_status":"","footnotes":""},"categories":[157],"tags":[379,349,397,283,96,402,219],"class_list":["post-3918","post","type-post","status-publish","format-standard","has-post-thumbnail","hentry","category-alerta","tag-cartazes","tag-coronavirus","tag-covid-19","tag-decreto","tag-fiscalizacao","tag-governo-estadual","tag-sao-paulo"],"amp_enabled":true,"_links":{"self":[{"href":"https:\/\/sincomavi.org.br\/index.php?rest_route=\/wp\/v2\/posts\/3918","targetHints":{"allow":["GET"]}}],"collection":[{"href":"https:\/\/sincomavi.org.br\/index.php?rest_route=\/wp\/v2\/posts"}],"about":[{"href":"https:\/\/sincomavi.org.br\/index.php?rest_route=\/wp\/v2\/types\/post"}],"author":[{"embeddable":true,"href":"https:\/\/sincomavi.org.br\/index.php?rest_route=\/wp\/v2\/users\/1"}],"replies":[{"embeddable":true,"href":"https:\/\/sincomavi.org.br\/index.php?rest_route=%2Fwp%2Fv2%2Fcomments&post=3918"}],"version-history":[{"count":6,"href":"https:\/\/sincomavi.org.br\/index.php?rest_route=\/wp\/v2\/posts\/3918\/revisions"}],"predecessor-version":[{"id":4030,"href":"https:\/\/sincomavi.org.br\/index.php?rest_route=\/wp\/v2\/posts\/3918\/revisions\/4030"}],"wp:featuredmedia":[{"embeddable":true,"href":"https:\/\/sincomavi.org.br\/index.php?rest_route=\/wp\/v2\/media\/3921"}],"wp:attachment":[{"href":"https:\/\/sincomavi.org.br\/index.php?rest_route=%2Fwp%2Fv2%2Fmedia&parent=3918"}],"wp:term":[{"taxonomy":"category","embeddable":true,"href":"https:\/\/sincomavi.org.br\/index.php?rest_route=%2Fwp%2Fv2%2Fcategories&post=3918"},{"taxonomy":"post_tag","embeddable":true,"href":"https:\/\/sincomavi.org.br\/index.php?rest_route=%2Fwp%2Fv2%2Ftags&post=3918"}],"curies":[{"name":"wp","href":"https:\/\/api.w.org\/{rel}","templated":true}]}}