{"id":3915,"date":"2020-06-30T08:18:21","date_gmt":"2020-06-30T11:18:21","guid":{"rendered":"https:\/\/sincomavi.org.br\/?p=3915"},"modified":"2022-09-23T10:18:22","modified_gmt":"2022-09-23T13:18:22","slug":"o-varejo-de-materiais-de-construcao-e-o-segundo-semestre","status":"publish","type":"post","link":"https:\/\/sincomavi.org.br\/?p=3915","title":{"rendered":"O varejo de material de constru\u00e7\u00e3o e o segundo semestre"},"content":{"rendered":"\n<p>30\/06\/2020 | <strong>Por Jaime Vasconcellos, economista<\/strong>.<\/p>\n\n\n\n<p>Qualquer situa\u00e7\u00e3o sem precedentes imp\u00f5e, dentre seus principais desafios, a imprevisibilidade para sua supera\u00e7\u00e3o.&nbsp; O que estamos vivenciando \u00e9 esse cen\u00e1rio. Desde os primeiros impactos mais proeminentes da pandemia ao tecido social e econ\u00f4mico brasileiro, nos vimos sem par\u00e2metro para quaisquer tomadas de decis\u00f5es, bem como expectativas. Ainda que no Brasil o ambiente anacr\u00f4nico da esfera pol\u00edtica e de lideran\u00e7as p\u00fablicas tenham exacerbado nos \u00faltimos meses a incapacidade para um amparo coordenado \u00e0 Sa\u00fade, ao Social e \u00e0 Economia.<\/p>\n\n\n\n<p>A avalia\u00e7\u00e3o acima em si j\u00e1 nos desafiaria para proje\u00e7\u00e3o do segundo semestre. Ainda mais a uma atividade varejista espec\u00edfica, como a de materiais de constru\u00e7\u00e3o. De toda forma, a representa\u00e7\u00e3o do Sincomavi ao setor nos motiva a projetar poss\u00edveis cen\u00e1rios, inclusive para auxiliar nossas empresas a refletir sobre alguns pontos de risco e oportunidades que o ambiente macro possibilita \u00e0 esfera micro.<\/p>\n\n\n\n<p>Ainda que seja uma vis\u00e3o otimista, h\u00e1 boas perspectivas para o setor no segundo semestre 2020. Vamos ter grande evolu\u00e7\u00e3o de vendas? N\u00e3o creio. Por\u00e9m h\u00e1 boa oportunidade de revertermos a derrocada aguda vista de mar\u00e7o a maio, ao menos em tend\u00eancia. \u00c9 uma boa tend\u00eancia! De um lado temos uma for\u00e7a negativa que afeta fortemente o com\u00e9rcio, que \u00e9 a evolu\u00e7\u00e3o do desemprego, endividamento e inadimpl\u00eancia das fam\u00edlias. Por outro h\u00e1 juros mais baixos para compra de materiais de constru\u00e7\u00e3o e financiamento da casa pr\u00f3pria, continuidade de obras p\u00fablicas, concess\u00f5es e boa perspectiva ao lan\u00e7amento e venda de im\u00f3veis. Sem contar a pr\u00f3pria reinven\u00e7\u00e3o do setor via e-commerce, estendendo formatos de atendimento, ajustando portf\u00f3lio de mercadorias e adaptando-se \u00e0s tend\u00eancias de reformas domiciliares e home office, realidades estas absorvidas por muitos setores e profissionais.<\/p>\n\n\n\n<p>Penso que n\u00e3o cresceremos 10% em 2020, mas vislumbra-se boas oportunidades de que o aumento de vendas no segundo semestre compense a queda dos primeiros seis meses. Onde se ressalta que o recuo abrupto se concentrou entre a \u00faltima semana de mar\u00e7o e a primeira semana de maio, mas com r\u00e1pida revers\u00e3o da curva. Para corroborar, o ICVA (\u00cdndice Cielo do Varejo Ampliado) mostra que o faturamento bruto nominal do setor de materiais de constru\u00e7\u00e3o brasileiro ainda que tenha se afundado da terceira semana de mar\u00e7o at\u00e9 a primeira de maio, possui crescimento de dois d\u00edgitos nos \u00faltimos 30 dias. Sendo que durante todo o per\u00edodo de crise acumula-se pequeno recuo de 0,7% em rela\u00e7\u00e3o ao patamar de vendas pr\u00e9-pandemia.<\/p>\n\n\n\n<p>Em verdade, se chegarmos a fechar o ano com estabilidade de vendas ser\u00e1 de se comemorar, todavia, ainda \u00e9 uma expectativa frente a um ambiente vol\u00e1til e de ritmo de rea\u00e7\u00e3o nunca conhecida. Contudo, perante o restante do com\u00e9rcio, as \u00faltimas semanas nos d\u00e3o esperan\u00e7a aos pr\u00f3ximos seis meses.<\/p>\n","protected":false},"excerpt":{"rendered":"<p>30\/06\/2020 | Por Jaime Vasconcellos, economista. Qualquer situa\u00e7\u00e3o sem precedentes imp\u00f5e, dentre seus principais desafios, a imprevisibilidade para sua supera\u00e7\u00e3o.&nbsp; O que estamos vivenciando \u00e9 esse cen\u00e1rio. Desde os primeiros impactos mais proeminentes da pandemia ao tecido social e econ\u00f4mico brasileiro, nos vimos sem par\u00e2metro para quaisquer tomadas de decis\u00f5es, bem como expectativas. Ainda que [&hellip;]<\/p>\n","protected":false},"author":1,"featured_media":3916,"comment_status":"closed","ping_status":"open","sticky":false,"template":"","format":"standard","meta":{"tdm_status":"","tdm_grid_status":"","footnotes":""},"categories":[210],"tags":[225,156,158],"class_list":["post-3915","post","type-post","status-publish","format-standard","has-post-thumbnail","hentry","category-artigos","tag-consumo","tag-economia","tag-material-de-construcao"],"amp_enabled":true,"_links":{"self":[{"href":"https:\/\/sincomavi.org.br\/index.php?rest_route=\/wp\/v2\/posts\/3915","targetHints":{"allow":["GET"]}}],"collection":[{"href":"https:\/\/sincomavi.org.br\/index.php?rest_route=\/wp\/v2\/posts"}],"about":[{"href":"https:\/\/sincomavi.org.br\/index.php?rest_route=\/wp\/v2\/types\/post"}],"author":[{"embeddable":true,"href":"https:\/\/sincomavi.org.br\/index.php?rest_route=\/wp\/v2\/users\/1"}],"replies":[{"embeddable":true,"href":"https:\/\/sincomavi.org.br\/index.php?rest_route=%2Fwp%2Fv2%2Fcomments&post=3915"}],"version-history":[{"count":2,"href":"https:\/\/sincomavi.org.br\/index.php?rest_route=\/wp\/v2\/posts\/3915\/revisions"}],"predecessor-version":[{"id":8846,"href":"https:\/\/sincomavi.org.br\/index.php?rest_route=\/wp\/v2\/posts\/3915\/revisions\/8846"}],"wp:featuredmedia":[{"embeddable":true,"href":"https:\/\/sincomavi.org.br\/index.php?rest_route=\/wp\/v2\/media\/3916"}],"wp:attachment":[{"href":"https:\/\/sincomavi.org.br\/index.php?rest_route=%2Fwp%2Fv2%2Fmedia&parent=3915"}],"wp:term":[{"taxonomy":"category","embeddable":true,"href":"https:\/\/sincomavi.org.br\/index.php?rest_route=%2Fwp%2Fv2%2Fcategories&post=3915"},{"taxonomy":"post_tag","embeddable":true,"href":"https:\/\/sincomavi.org.br\/index.php?rest_route=%2Fwp%2Fv2%2Ftags&post=3915"}],"curies":[{"name":"wp","href":"https:\/\/api.w.org\/{rel}","templated":true}]}}