{"id":3901,"date":"2020-06-29T08:41:53","date_gmt":"2020-06-29T11:41:53","guid":{"rendered":"https:\/\/sincomavi.org.br\/?p=3901"},"modified":"2020-06-29T08:41:54","modified_gmt":"2020-06-29T11:41:54","slug":"confianca-do-comercio-tendencia-de-queda-continua","status":"publish","type":"post","link":"https:\/\/sincomavi.org.br\/?p=3901","title":{"rendered":"Confian\u00e7a do Com\u00e9rcio: tend\u00eancia de queda continua"},"content":{"rendered":"\n<p>O \u00cdndice de Confian\u00e7a do Com\u00e9rcio (ICOM), mensurado pela Funda\u00e7\u00e3o Getulio Vargas (FGV), contou com uma eleva\u00e7\u00e3o de 17,0 pontos em junho, passando de 67,4 para 84,4 pontos. No entanto, o indicador nas m\u00e9dias m\u00f3veis trimestrais manteve a trajet\u00f3ria de queda pelo terceiro m\u00eas consecutivo (1,2 pontos), ainda influenciado pelos resultados de abril, quando foi registrado o m\u00ednimo hist\u00f3rico. Rodolpho Tobler, coordenador da Sondagem do Com\u00e9rcio do FGV IBRE, comenta que a segunda alta consecutiva da confian\u00e7a do com\u00e9rcio sugere que o pior momento do setor nessa pandemia pode ter sido em abril. \u201cApesar da melhora do setor nesses \u00faltimos dois \u00faltimos meses, esse resultado ainda precisa ser visto com cautela, por dois motivos: a recupera\u00e7\u00e3o representa 60% do que foi perdido entre mar\u00e7o e abril; e ainda tem sido muito mais influenciado pela evolu\u00e7\u00e3o mais forte das expectativas, o que \u00e9 normal dado o baixo n\u00edvel de compara\u00e7\u00e3o. Para os pr\u00f3ximos meses, a elevada incerteza e a fragilidade do mercado de trabalho n\u00e3o permitem observar um cen\u00e1rio de consistente retomada\u201d.<\/p>\n\n\n\n<p>O estudo mostra ainda que a confian\u00e7a subiu em todos os seis principais segmentos do Com\u00e9rcio em junho. Do ponto de vista de horizontes temporais, houve melhora na percep\u00e7\u00e3o do momento presente e das expectativas, que se tornaram menos pessimistas. O \u00cdndice de Situa\u00e7\u00e3o Atual (ISA-COM) avan\u00e7ou 12,7 pontos, para 82,0 pontos. O \u00cdndice de Expectativas (IE-COM) subiu 20,6 pontos para 87,5 pontos.<\/p>\n","protected":false},"excerpt":{"rendered":"<p>O \u00cdndice de Confian\u00e7a do Com\u00e9rcio (ICOM), mensurado pela Funda\u00e7\u00e3o Getulio Vargas (FGV), contou com uma eleva\u00e7\u00e3o de 17,0 pontos em junho, passando de 67,4 para 84,4 pontos. No entanto, o indicador nas m\u00e9dias m\u00f3veis trimestrais manteve a trajet\u00f3ria de queda pelo terceiro m\u00eas consecutivo (1,2 pontos), ainda influenciado pelos resultados de abril, quando foi [&hellip;]<\/p>\n","protected":false},"author":1,"featured_media":3902,"comment_status":"closed","ping_status":"open","sticky":false,"template":"","format":"standard","meta":{"tdm_status":"","tdm_grid_status":"","footnotes":""},"categories":[153],"tags":[199,204,349,397,156,160],"class_list":["post-3901","post","type-post","status-publish","format-standard","has-post-thumbnail","hentry","category-noticias","tag-comercio","tag-confianca","tag-coronavirus","tag-covid-19","tag-economia","tag-pesquisa"],"amp_enabled":true,"_links":{"self":[{"href":"https:\/\/sincomavi.org.br\/index.php?rest_route=\/wp\/v2\/posts\/3901","targetHints":{"allow":["GET"]}}],"collection":[{"href":"https:\/\/sincomavi.org.br\/index.php?rest_route=\/wp\/v2\/posts"}],"about":[{"href":"https:\/\/sincomavi.org.br\/index.php?rest_route=\/wp\/v2\/types\/post"}],"author":[{"embeddable":true,"href":"https:\/\/sincomavi.org.br\/index.php?rest_route=\/wp\/v2\/users\/1"}],"replies":[{"embeddable":true,"href":"https:\/\/sincomavi.org.br\/index.php?rest_route=%2Fwp%2Fv2%2Fcomments&post=3901"}],"version-history":[{"count":1,"href":"https:\/\/sincomavi.org.br\/index.php?rest_route=\/wp\/v2\/posts\/3901\/revisions"}],"predecessor-version":[{"id":3903,"href":"https:\/\/sincomavi.org.br\/index.php?rest_route=\/wp\/v2\/posts\/3901\/revisions\/3903"}],"wp:featuredmedia":[{"embeddable":true,"href":"https:\/\/sincomavi.org.br\/index.php?rest_route=\/wp\/v2\/media\/3902"}],"wp:attachment":[{"href":"https:\/\/sincomavi.org.br\/index.php?rest_route=%2Fwp%2Fv2%2Fmedia&parent=3901"}],"wp:term":[{"taxonomy":"category","embeddable":true,"href":"https:\/\/sincomavi.org.br\/index.php?rest_route=%2Fwp%2Fv2%2Fcategories&post=3901"},{"taxonomy":"post_tag","embeddable":true,"href":"https:\/\/sincomavi.org.br\/index.php?rest_route=%2Fwp%2Fv2%2Ftags&post=3901"}],"curies":[{"name":"wp","href":"https:\/\/api.w.org\/{rel}","templated":true}]}}