{"id":3892,"date":"2020-06-25T09:29:14","date_gmt":"2020-06-25T12:29:14","guid":{"rendered":"https:\/\/sincomavi.org.br\/?p=3892"},"modified":"2020-06-25T09:29:15","modified_gmt":"2020-06-25T12:29:15","slug":"queda-na-demanda-por-credito-do-consumidor","status":"publish","type":"post","link":"https:\/\/sincomavi.org.br\/?p=3892","title":{"rendered":"Queda na demanda por cr\u00e9dito do consumidor"},"content":{"rendered":"\n<p>Levantamento realizado pela Boa Vista revela que houve uma queda de 6,2% em maio na demanda por cr\u00e9dito do consumidor em compara\u00e7\u00e3o com abril, j\u00e1 descontadas as influ\u00eancias sazonais. No acumulado do ano o indicador caiu 15,9% contra o mesmo per\u00edodo do ano passado. J\u00e1 no acumulado em 12 meses, o indicador passou de vez para o campo negativo e registrou queda de 5,7%.<\/p>\n\n\n\n<div class=\"wp-block-image\"><figure class=\"aligncenter size-large\"><img loading=\"lazy\" decoding=\"async\" width=\"500\" height=\"203\" src=\"https:\/\/sincomavi.org.br\/wp-content\/uploads\/2020\/06\/BV5.png\" alt=\"\" class=\"wp-image-3893\" srcset=\"https:\/\/sincomavi.org.br\/wp-content\/uploads\/2020\/06\/BV5.png 500w, https:\/\/sincomavi.org.br\/wp-content\/uploads\/2020\/06\/BV5-300x122.png 300w\" sizes=\"auto, (max-width: 500px) 100vw, 500px\" \/><\/figure><\/div>\n\n\n\n<p>Por segmento, o Financeiro passou para o campo negativo e apresentou retra\u00e7\u00e3o de 1% em 12 meses, enquanto o N\u00e3o Financeiro registrou queda de 8,9% mantida a base de compara\u00e7\u00e3o.<\/p>\n\n\n\n<p>O resultado de maio confirma o fim da trajet\u00f3ria de estabilidade do ritmo de crescimento que a demanda por cr\u00e9dito vinha apresentando at\u00e9 o in\u00edcio do ano, refletindo uma consistente piora na avalia\u00e7\u00e3o sobre o movimento da atividade econ\u00f4mica no cen\u00e1rio atual.<\/p>\n\n\n\n<p>O desempenho do indicador foi influenciado pelos dois segmentos, com destaque para a terceira queda mensal consecutiva do setor Financeiro, que antes costumava apresentar s\u00f3lidas taxas de crescimento. Ademais, com as adversidades provocadas pela pandemia do novo coronav\u00edrus, espera-se uma piora nas perspectivas sobre o consumo e o mercado de trabalho nos pr\u00f3ximos meses, fatores que podem continuar afetando negativamente a demanda por cr\u00e9dito nesse per\u00edodo.<\/p>\n\n\n\n<div class=\"wp-block-image\"><figure class=\"aligncenter size-large\"><img loading=\"lazy\" decoding=\"async\" width=\"500\" height=\"160\" src=\"https:\/\/sincomavi.org.br\/wp-content\/uploads\/2020\/06\/BV6.png\" alt=\"\" class=\"wp-image-3894\" srcset=\"https:\/\/sincomavi.org.br\/wp-content\/uploads\/2020\/06\/BV6.png 500w, https:\/\/sincomavi.org.br\/wp-content\/uploads\/2020\/06\/BV6-300x96.png 300w\" sizes=\"auto, (max-width: 500px) 100vw, 500px\" \/><\/figure><\/div>\n\n\n<style>.wp-block-kadence-spacer.kt-block-spacer-_49b1bc-38 .kt-block-spacer{height:60px;}.wp-block-kadence-spacer.kt-block-spacer-_49b1bc-38 .kt-divider{border-top-width:1px;height:1px;border-top-color:#eee;width:80%;border-top-style:solid;}<\/style>\n<div class=\"wp-block-kadence-spacer aligncenter kt-block-spacer-_49b1bc-38\"><div class=\"kt-block-spacer kt-block-spacer-halign-center\" style=\"height:60px\"><hr class=\"kt-divider\" style=\"border-top-color:rgba(238, 238, 238, 1);border-top-width:1px;width:80%;border-top-style:solid\"\/><\/div><\/div>\n","protected":false},"excerpt":{"rendered":"<p>Levantamento realizado pela Boa Vista revela que houve uma queda de 6,2% em maio na demanda por cr\u00e9dito do consumidor em compara\u00e7\u00e3o com abril, j\u00e1 descontadas as influ\u00eancias sazonais. No acumulado do ano o indicador caiu 15,9% contra o mesmo per\u00edodo do ano passado. J\u00e1 no acumulado em 12 meses, o indicador passou de vez [&hellip;]<\/p>\n","protected":false},"author":1,"featured_media":3895,"comment_status":"closed","ping_status":"open","sticky":false,"template":"","format":"standard","meta":{"tdm_status":"","tdm_grid_status":"","footnotes":""},"categories":[153],"tags":[205,225,250,156],"class_list":["post-3892","post","type-post","status-publish","format-standard","has-post-thumbnail","hentry","category-noticias","tag-consumidor","tag-consumo","tag-credito","tag-economia"],"amp_enabled":true,"_links":{"self":[{"href":"https:\/\/sincomavi.org.br\/index.php?rest_route=\/wp\/v2\/posts\/3892","targetHints":{"allow":["GET"]}}],"collection":[{"href":"https:\/\/sincomavi.org.br\/index.php?rest_route=\/wp\/v2\/posts"}],"about":[{"href":"https:\/\/sincomavi.org.br\/index.php?rest_route=\/wp\/v2\/types\/post"}],"author":[{"embeddable":true,"href":"https:\/\/sincomavi.org.br\/index.php?rest_route=\/wp\/v2\/users\/1"}],"replies":[{"embeddable":true,"href":"https:\/\/sincomavi.org.br\/index.php?rest_route=%2Fwp%2Fv2%2Fcomments&post=3892"}],"version-history":[{"count":1,"href":"https:\/\/sincomavi.org.br\/index.php?rest_route=\/wp\/v2\/posts\/3892\/revisions"}],"predecessor-version":[{"id":3896,"href":"https:\/\/sincomavi.org.br\/index.php?rest_route=\/wp\/v2\/posts\/3892\/revisions\/3896"}],"wp:featuredmedia":[{"embeddable":true,"href":"https:\/\/sincomavi.org.br\/index.php?rest_route=\/wp\/v2\/media\/3895"}],"wp:attachment":[{"href":"https:\/\/sincomavi.org.br\/index.php?rest_route=%2Fwp%2Fv2%2Fmedia&parent=3892"}],"wp:term":[{"taxonomy":"category","embeddable":true,"href":"https:\/\/sincomavi.org.br\/index.php?rest_route=%2Fwp%2Fv2%2Fcategories&post=3892"},{"taxonomy":"post_tag","embeddable":true,"href":"https:\/\/sincomavi.org.br\/index.php?rest_route=%2Fwp%2Fv2%2Ftags&post=3892"}],"curies":[{"name":"wp","href":"https:\/\/api.w.org\/{rel}","templated":true}]}}