{"id":3846,"date":"2020-06-17T08:39:30","date_gmt":"2020-06-17T11:39:30","guid":{"rendered":"https:\/\/sincomavi.org.br\/?p=3846"},"modified":"2020-06-17T08:39:32","modified_gmt":"2020-06-17T11:39:32","slug":"assista-a-gravacao-da-live-conciliacao-previa-trabalhista","status":"publish","type":"post","link":"https:\/\/sincomavi.org.br\/?p=3846","title":{"rendered":"Assista a grava\u00e7\u00e3o da Live \u201cConcilia\u00e7\u00e3o Pr\u00e9via Trabalhista\u201d"},"content":{"rendered":"\n<p>J\u00e1 est\u00e1 dispon\u00edvel aos interessados a grava\u00e7\u00e3o da Live \u201cConcilia\u00e7\u00e3o Pr\u00e9via Trabalhista\u201d, realizada ontem, 16 de junho, com o Desembargador Dr. S\u00e9rgio Pinto Martins, do Tribunal Regional do Trabalho da 2\u00aa Regi\u00e3o, e os advogados Elis\u00e2ngela Mardegan, do Sindilojas-SP, e Alexandre Lucena, da Conciliar Solu\u00e7\u00f5es. O evento foi uma promo\u00e7\u00e3o conjunta do Sincomavi e Sindilojas-SP.<\/p>\n\n\n\n<figure class=\"wp-block-embed-youtube wp-block-embed is-type-video is-provider-youtube wp-embed-aspect-16-9 wp-has-aspect-ratio\"><div class=\"wp-block-embed__wrapper\">\n<div class=\"youtube-embed\" data-video_id=\"yYZi92Dbe6M\"><iframe loading=\"lazy\" title=\"Live Concilia\u00e7\u00e3o Pr\u00e9via Trabalhista \u2013 Entenda as vantagens\" width=\"640\" height=\"360\" src=\"https:\/\/www.youtube.com\/embed\/yYZi92Dbe6M?feature=oembed&#038;enablejsapi=1&#038;enablejsapi=1\" frameborder=\"0\" allow=\"accelerometer; autoplay; clipboard-write; encrypted-media; gyroscope; picture-in-picture; web-share\" referrerpolicy=\"strict-origin-when-cross-origin\" allowfullscreen><\/iframe><\/div>\n<\/div><\/figure>\n\n\n<style>.wp-block-kadence-spacer.kt-block-spacer-_2a197a-52 .kt-block-spacer{height:60px;}.wp-block-kadence-spacer.kt-block-spacer-_2a197a-52 .kt-divider{border-top-width:1px;height:1px;border-top-color:#eee;width:80%;border-top-style:solid;}<\/style>\n<div class=\"wp-block-kadence-spacer aligncenter kt-block-spacer-_2a197a-52\"><div class=\"kt-block-spacer kt-block-spacer-halign-center\" style=\"height:60px\"><hr class=\"kt-divider\" style=\"border-top-color:rgba(238, 238, 238, 1);border-top-width:1px;width:80%;border-top-style:solid\"\/><\/div><\/div>\n","protected":false},"excerpt":{"rendered":"<p>J\u00e1 est\u00e1 dispon\u00edvel aos interessados a grava\u00e7\u00e3o da Live \u201cConcilia\u00e7\u00e3o Pr\u00e9via Trabalhista\u201d, realizada ontem, 16 de junho, com o Desembargador Dr. S\u00e9rgio Pinto Martins, do Tribunal Regional do Trabalho da 2\u00aa Regi\u00e3o, e os advogados Elis\u00e2ngela Mardegan, do Sindilojas-SP, e Alexandre Lucena, da Conciliar Solu\u00e7\u00f5es. O evento foi uma promo\u00e7\u00e3o conjunta do Sincomavi e Sindilojas-SP.<\/p>\n","protected":false},"author":1,"featured_media":3847,"comment_status":"closed","ping_status":"open","sticky":false,"template":"","format":"standard","meta":{"tdm_status":"","tdm_grid_status":"","footnotes":""},"categories":[153],"tags":[246,426,363],"class_list":["post-3846","post","type-post","status-publish","format-standard","has-post-thumbnail","hentry","category-noticias","tag-cintec-sp","tag-conciliacao-trabalhista","tag-relacoes-trabalhistas"],"amp_enabled":true,"_links":{"self":[{"href":"https:\/\/sincomavi.org.br\/index.php?rest_route=\/wp\/v2\/posts\/3846","targetHints":{"allow":["GET"]}}],"collection":[{"href":"https:\/\/sincomavi.org.br\/index.php?rest_route=\/wp\/v2\/posts"}],"about":[{"href":"https:\/\/sincomavi.org.br\/index.php?rest_route=\/wp\/v2\/types\/post"}],"author":[{"embeddable":true,"href":"https:\/\/sincomavi.org.br\/index.php?rest_route=\/wp\/v2\/users\/1"}],"replies":[{"embeddable":true,"href":"https:\/\/sincomavi.org.br\/index.php?rest_route=%2Fwp%2Fv2%2Fcomments&post=3846"}],"version-history":[{"count":1,"href":"https:\/\/sincomavi.org.br\/index.php?rest_route=\/wp\/v2\/posts\/3846\/revisions"}],"predecessor-version":[{"id":3848,"href":"https:\/\/sincomavi.org.br\/index.php?rest_route=\/wp\/v2\/posts\/3846\/revisions\/3848"}],"wp:featuredmedia":[{"embeddable":true,"href":"https:\/\/sincomavi.org.br\/index.php?rest_route=\/wp\/v2\/media\/3847"}],"wp:attachment":[{"href":"https:\/\/sincomavi.org.br\/index.php?rest_route=%2Fwp%2Fv2%2Fmedia&parent=3846"}],"wp:term":[{"taxonomy":"category","embeddable":true,"href":"https:\/\/sincomavi.org.br\/index.php?rest_route=%2Fwp%2Fv2%2Fcategories&post=3846"},{"taxonomy":"post_tag","embeddable":true,"href":"https:\/\/sincomavi.org.br\/index.php?rest_route=%2Fwp%2Fv2%2Ftags&post=3846"}],"curies":[{"name":"wp","href":"https:\/\/api.w.org\/{rel}","templated":true}]}}