{"id":3837,"date":"2020-06-16T17:19:29","date_gmt":"2020-06-16T20:19:29","guid":{"rendered":"https:\/\/sincomavi.org.br\/?p=3837"},"modified":"2020-06-16T17:20:09","modified_gmt":"2020-06-16T20:20:09","slug":"capital-estabelecimentos-interditados-podem-solicitar-desinterdicao","status":"publish","type":"post","link":"https:\/\/sincomavi.org.br\/?p=3837","title":{"rendered":"Capital:  estabelecimentos interditados podem solicitar desinterdi\u00e7\u00e3o"},"content":{"rendered":"\n<p>A Prefeitura Municipal de S\u00e3o Paulo, por meio da Secretaria Municipal das Subprefeituras, publicou, em 11 de junho de 2020, a portaria 040\/SMSUB\/2020 no Di\u00e1rio Oficial do Munic\u00edpio, que trata de estabelecimentos interditados por descumprimento das normas que constam na Declara\u00e7\u00e3o de Emerg\u00eancia e de Calamidade P\u00fablica, bem como do Decreto n\u00ba 59.298, de 23 de Mar\u00e7o de 2020 e suas altera\u00e7\u00f5es posteriores. Clique&nbsp;<a href=\"http:\/\/adm.capital.sp.gov.br\/arquivos\/pdf\/2020\/pg_0004-1-1.pdf\/@@download\/file\/pg_0004(1)%20(1).pdf\" target=\"_blank\" rel=\"noreferrer noopener\">aqui<\/a>&nbsp;para ter acesso \u00e0 p\u00e1gina.<\/p>\n\n\n\n<p><a href=\"http:\/\/legislacao.prefeitura.sp.gov.br\/leis\/portaria-prefeito-pref-605-de-4-de-junho-de-2020\" target=\"_blank\" rel=\"noreferrer noopener\">Concession\u00e1rias de carros e escrit\u00f3rios<\/a>&nbsp;foram autorizados a retomar as atividades na capital em 5 de junho, e desde o dia 11,&nbsp;<a href=\"http:\/\/legislacao.prefeitura.sp.gov.br\/leis\/portaria-prefeito-pref-629-de-10-de-junho-de-2020\" target=\"_blank\" rel=\"noreferrer noopener\">shoppings e com\u00e9rcio de rua<\/a>&nbsp;tamb\u00e9m come\u00e7aram a reabrir para atendimento presencial, ap\u00f3s a aprova\u00e7\u00e3o dos protocolos sanit\u00e1rios enviados \u00e0 Prefeitura pelos setores econ\u00f4micos envolvidos.<\/p>\n\n\n\n<p>A partir de agora, os estabelecimentos que foram autorizados a retomar o funcionamento podem solicitar a desinterdi\u00e7\u00e3o \u00e0 Subprefeitura da \u00e1rea administrativa local. Para isso, seus propriet\u00e1rios devem preencher o&nbsp;<a href=\"http:\/\/www.docidadesp.imprensaoficial.com.br\/NavegaEdicao.aspx?ClipID=f34e0153e74a0d24c99bad77df135d50&amp;PalavraChave=PORTARIA+N\" target=\"_blank\" rel=\"noreferrer noopener\">formul\u00e1rio<\/a>&nbsp;(dispon\u00edvel na p\u00e1gina 4 do Di\u00e1rio Oficial do Munic\u00edpio do dia 11) e envi\u00e1-lo ao e-mail da Subprefeitura. A autoriza\u00e7\u00e3o da desinterdi\u00e7\u00e3o poder\u00e1 ocorrer\u00e1 ap\u00f3s publica\u00e7\u00e3o no Di\u00e1rio Oficial do Munic\u00edpio, por\u00e9m n\u00e3o exime o estabelecimento do pagamento da multa aplicada.<\/p>\n\n\n\n<p>E-mails das 32 Subprefeituras:<\/p>\n\n\n\n<p>1. Subprefeitura Aricanduva\/Formosa\/Carr\u00e3o:&nbsp;<a href=\"mailto:acaricanduva@smsub.prefeitura.sp.gov.br\" target=\"_blank\" rel=\"noreferrer noopener\">acaricanduva@smsub.prefeitura.sp.gov.br<\/a>;<\/p>\n\n\n\n<p>2. Subprefeitura Butant\u00e3:&nbsp;<a href=\"mailto:tulio@smsub.prefeitura.sp.gov.br\" target=\"_blank\" rel=\"noreferrer noopener\">tulio@smsub.prefeitura.sp.gov.br<\/a>;<\/p>\n\n\n\n<p>3. Subprefeitura Campo Limpo:&nbsp;<a href=\"mailto:campolimpo@smsub.prefeitura.sp.gov.br\" target=\"_blank\" rel=\"noreferrer noopener\">campolimpo@smsub.prefeitura.sp.gov.br<\/a>;<\/p>\n\n\n\n<p>4. Subprefeitura Capela do Socorro:&nbsp;<a href=\"mailto:ccabral@smsub.prefeitura.sp.gov.br\" target=\"_blank\" rel=\"noreferrer noopener\">ccabral@smsub.prefeitura.sp.gov.br<\/a>;<\/p>\n\n\n\n<p>5. Subprefeitura Casa Verde\/Cachoeirinha:&nbsp;<a href=\"mailto:casaverde@smsub.prefeitura.sp.gov.br\" target=\"_blank\" rel=\"noreferrer noopener\">casaverde@smsub.prefeitura.sp.gov.br<\/a>;<\/p>\n\n\n\n<p>6. Subprefeitura Cidade Ademar:&nbsp;<a href=\"mailto:jrdomingues@smsub.prefeitura.sp.gov.br\" target=\"_blank\" rel=\"noreferrer noopener\">jrdomingues@smsub.prefeitura.sp.gov.br<\/a>;<\/p>\n\n\n\n<p>7. Subprefeitura Cidade Tiradentes:&nbsp;<a href=\"mailto:lsorrillo@smsub.prefeitura.sp.gov.br\" target=\"_blank\" rel=\"noreferrer noopener\">lsorrillo@smsub.prefeitura.sp.gov.br<\/a>;<\/p>\n\n\n\n<p>8. Subprefeitura Ermelino Matarazzo:&nbsp;<a href=\"mailto:ermelinomatarazzo@smsub.prefeitura.sp.gov.br\" target=\"_blank\" rel=\"noreferrer noopener\">ermelinomatarazzo@smsub.prefeitura.sp.gov.br<\/a>;<\/p>\n\n\n\n<p>9. Subprefeitura Freguesia\/Brasil\u00e2ndia:&nbsp;<a href=\"mailto:rgonzalespinto@smsub.prefeitura.sp.gov.br\" target=\"_blank\" rel=\"noreferrer noopener\">rgonzalespinto@smsub.prefeitura.sp.gov.br<\/a>;<\/p>\n\n\n\n<p>10. Subprefeitura Guaianases:&nbsp;<a href=\"mailto:guaracyfmfilho@smsub.prefeitura.sp.gov.br\" target=\"_blank\" rel=\"noreferrer noopener\">guaracyfmfilho@smsub.prefeitura.sp.gov.br<\/a>;<\/p>\n\n\n\n<p>11. Subprefeitura Ipiranga:&nbsp;<a href=\"mailto:ipiranga@smsub.prefeitura.sp.gov.br\" target=\"_blank\" rel=\"noreferrer noopener\">ipiranga@smsub.prefeitura.sp.gov.br<\/a>;<\/p>\n\n\n\n<p>12. Subprefeitura Itaim Paulista:&nbsp;<a href=\"mailto:imprensaitaimpaulista@smsub.prefeitura.sp.gov.br\" target=\"_blank\" rel=\"noreferrer noopener\">imprensaitaimpaulista@smsub.prefeitura.sp.gov.br<\/a>;<\/p>\n\n\n\n<p>13. Subprefeitura Itaquera:&nbsp;<a href=\"mailto:itaquera@smsub.prefeitura.sp.gov.br\" target=\"_blank\" rel=\"noreferrer noopener\">itaquera@smsub.prefeitura.sp.gov.br<\/a>;<\/p>\n\n\n\n<p>14. Subprefeitura Jabaquara:&nbsp;<a href=\"mailto:hsertao@smsub.prefeitura.sp.gov.br\" target=\"_blank\" rel=\"noreferrer noopener\">hsertao@smsub.prefeitura.sp.gov.br<\/a>;<\/p>\n\n\n\n<p>15. Subprefeitura Ja\u00e7an\u00e3\/Trememb\u00e9:&nbsp;<a href=\"mailto:rarraval@smsub.prefeitura.sp.gov.br\" target=\"_blank\" rel=\"noreferrer noopener\">rarraval@smsub.prefeitura.sp.gov.br<\/a>;<\/p>\n\n\n\n<p>16. Subprefeitura Lapa:&nbsp;<a href=\"mailto:lapacpdu@smsub.prefeitura.sp.gov.br\" target=\"_blank\" rel=\"noreferrer noopener\">lapacpdu@smsub.prefeitura.sp.gov.br<\/a>;<\/p>\n\n\n\n<p>17. Subprefeitura M\u2019Boi Mirim:&nbsp;<a href=\"mailto:jpprete@smsub.prefeitura.sp.gov.br\" target=\"_blank\" rel=\"noreferrer noopener\">jpprete@smsub.prefeitura.sp.gov.br<\/a>:<\/p>\n\n\n\n<p>18. Subprefeitura Mooca:&nbsp;<a href=\"mailto:cpdumooca@smsub.prefeitura.sp.gov.br\" target=\"_blank\" rel=\"noreferrer noopener\">cpdumooca@smsub.prefeitura.sp.gov.br<\/a>;<\/p>\n\n\n\n<p>19. Subprefeitura Parelheiros:&nbsp;<a href=\"mailto:krisferreira@smsub.prefeitura.sp.gov.br\" target=\"_blank\" rel=\"noreferrer noopener\">krisferreira@smsub.prefeitura.sp.gov.br<\/a>;<\/p>\n\n\n\n<p>20. Subprefeitura Penha:&nbsp;<a href=\"mailto:tdvolpi@smsub.prefeitura.sp.gov.br\" target=\"_blank\" rel=\"noreferrer noopener\">tdvolpi@smsub.prefeitura.sp.gov.br<\/a>;<\/p>\n\n\n\n<p>21. Subprefeitura Perus:&nbsp;<a href=\"mailto:perussusl@smsub.prefeitura.sp.gov.br\" target=\"_blank\" rel=\"noreferrer noopener\">perussusl@smsub.prefeitura.sp.gov.br<\/a>;<\/p>\n\n\n\n<p>22. Subprefeitura Pinheiros:&nbsp;<a href=\"mailto:acaciomsfilho@smsub.prefeitura.sp.gov.br\" target=\"_blank\" rel=\"noreferrer noopener\">acaciomsfilho@smsub.prefeitura.sp.gov.br<\/a>;<\/p>\n\n\n\n<p>23. Subprefeitura Pirituba\/Jaragu\u00e1:&nbsp;<a href=\"mailto:edsonbrasil@smsub.prefeitura.sp.gov.br\" target=\"_blank\" rel=\"noreferrer noopener\">edsonbrasil@smsub.prefeitura.sp.gov.br<\/a>;<\/p>\n\n\n\n<p>24. Subprefeitura Santana\/Tucuruvi:&nbsp;<a href=\"mailto:pedrofilho@smsub.prefeitura.sp.gov.br\" target=\"_blank\" rel=\"noreferrer noopener\">pedrofilho@smsub.prefeitura.sp.gov.br<\/a>;<\/p>\n\n\n\n<p>25. Subprefeitura Santo Amaro:&nbsp;<a href=\"mailto:santoamaro@smsub.prefeitura.sp.gov.br\" target=\"_blank\" rel=\"noreferrer noopener\">santoamaro@smsub.prefeitura.sp.gov.br<\/a>;<\/p>\n\n\n\n<p>26. Subprefeitura S\u00e3o Mateus:&nbsp;<a href=\"mailto:danielrosa@smsub.prefeitura.sp.gov.br\" target=\"_blank\" rel=\"noreferrer noopener\">danielrosa@smsub.prefeitura.sp.gov.br<\/a>;<\/p>\n\n\n\n<p>27. Subprefeitura S\u00e3o Miguel Paulista:&nbsp;<a href=\"mailto:deciomatos@smsub.prefeitura.sp.gov.br\" target=\"_blank\" rel=\"noreferrer noopener\">deciomatos@smsub.prefeitura.sp.gov.br<\/a>;<\/p>\n\n\n\n<p>28. Subprefeitura S\u00e9:&nbsp;<a href=\"mailto:desinterditase@smsub.prefeitura.sp.gov.br\" target=\"_blank\" rel=\"noreferrer noopener\">desinterditase@smsub.prefeitura.sp.gov.br<\/a>;<\/p>\n\n\n\n<p>29. Subprefeitura Vila Maria\/Vila Guilherme:&nbsp;<a href=\"mailto:vilamaria@smsub.prefeitura.sp.gov.br\" target=\"_blank\" rel=\"noreferrer noopener\">vilamaria@smsub.prefeitura.sp.gov.br<\/a>;<\/p>\n\n\n\n<p>30. Subprefeitura Vila Mariana:&nbsp;<a href=\"mailto:cpdufiscvilamariana@smsub.prefeitura.sp.gov.br\" target=\"_blank\" rel=\"noreferrer noopener\">cpdufiscvilamariana@smsub.prefeitura.sp.gov.br<\/a>;<\/p>\n\n\n\n<p>31. Subprefeitura Vila Prudente:&nbsp;<a href=\"mailto:caioluz@smsub.prefeitura.sp.gov.br\" target=\"_blank\" rel=\"noreferrer noopener\">caioluz@smsub.prefeitura.sp.gov.br<\/a>;<\/p>\n\n\n\n<p>32. Subprefeitura Sapopemba:&nbsp;<a rel=\"noreferrer noopener\" href=\"mailto:christian.lombardi@smsub.prefeitura.sp.gov.br\" target=\"_blank\">christian.lombardi@smsub.prefeitura.sp.gov.br<\/a>.<\/p>\n\n\n\n<p><a rel=\"noreferrer noopener\" href=\"http:\/\/www.capital.sp.gov.br\/noticia\/quarentena-estabelecimentos-interditados-podem-solicitar-desinterdicao-a-subprefeitura-local\" target=\"_blank\"><strong>Fonte: PMSP<\/strong><\/a><\/p>\n\n\n<style>.wp-block-kadence-spacer.kt-block-spacer-_1a6a48-bf .kt-block-spacer{height:60px;}.wp-block-kadence-spacer.kt-block-spacer-_1a6a48-bf .kt-divider{border-top-width:1px;height:1px;border-top-color:#eee;width:80%;border-top-style:solid;}<\/style>\n<div class=\"wp-block-kadence-spacer aligncenter kt-block-spacer-_1a6a48-bf\"><div class=\"kt-block-spacer kt-block-spacer-halign-center\" style=\"height:60px\"><hr class=\"kt-divider\" style=\"border-top-color:rgba(238, 238, 238, 1);border-top-width:1px;width:80%;border-top-style:solid\"\/><\/div><\/div>\n","protected":false},"excerpt":{"rendered":"<p>A Prefeitura Municipal de S\u00e3o Paulo, por meio da Secretaria Municipal das Subprefeituras, publicou, em 11 de junho de 2020, a portaria 040\/SMSUB\/2020 no Di\u00e1rio Oficial do Munic\u00edpio, que trata de estabelecimentos interditados por descumprimento das normas que constam na Declara\u00e7\u00e3o de Emerg\u00eancia e de Calamidade P\u00fablica, bem como do Decreto n\u00ba 59.298, de 23 [&hellip;]<\/p>\n","protected":false},"author":1,"featured_media":3838,"comment_status":"closed","ping_status":"open","sticky":false,"template":"","format":"standard","meta":{"tdm_status":"","tdm_grid_status":"","footnotes":""},"categories":[153],"tags":[380,199,349,397,247,200],"class_list":["post-3837","post","type-post","status-publish","format-standard","has-post-thumbnail","hentry","category-noticias","tag-abertura","tag-comercio","tag-coronavirus","tag-covid-19","tag-pmsp","tag-varejo"],"amp_enabled":true,"_links":{"self":[{"href":"https:\/\/sincomavi.org.br\/index.php?rest_route=\/wp\/v2\/posts\/3837","targetHints":{"allow":["GET"]}}],"collection":[{"href":"https:\/\/sincomavi.org.br\/index.php?rest_route=\/wp\/v2\/posts"}],"about":[{"href":"https:\/\/sincomavi.org.br\/index.php?rest_route=\/wp\/v2\/types\/post"}],"author":[{"embeddable":true,"href":"https:\/\/sincomavi.org.br\/index.php?rest_route=\/wp\/v2\/users\/1"}],"replies":[{"embeddable":true,"href":"https:\/\/sincomavi.org.br\/index.php?rest_route=%2Fwp%2Fv2%2Fcomments&post=3837"}],"version-history":[{"count":2,"href":"https:\/\/sincomavi.org.br\/index.php?rest_route=\/wp\/v2\/posts\/3837\/revisions"}],"predecessor-version":[{"id":3840,"href":"https:\/\/sincomavi.org.br\/index.php?rest_route=\/wp\/v2\/posts\/3837\/revisions\/3840"}],"wp:featuredmedia":[{"embeddable":true,"href":"https:\/\/sincomavi.org.br\/index.php?rest_route=\/wp\/v2\/media\/3838"}],"wp:attachment":[{"href":"https:\/\/sincomavi.org.br\/index.php?rest_route=%2Fwp%2Fv2%2Fmedia&parent=3837"}],"wp:term":[{"taxonomy":"category","embeddable":true,"href":"https:\/\/sincomavi.org.br\/index.php?rest_route=%2Fwp%2Fv2%2Fcategories&post=3837"},{"taxonomy":"post_tag","embeddable":true,"href":"https:\/\/sincomavi.org.br\/index.php?rest_route=%2Fwp%2Fv2%2Ftags&post=3837"}],"curies":[{"name":"wp","href":"https:\/\/api.w.org\/{rel}","templated":true}]}}