{"id":3792,"date":"2020-06-15T13:22:00","date_gmt":"2020-06-15T16:22:00","guid":{"rendered":"https:\/\/sincomavi.org.br\/?p=3792"},"modified":"2020-06-15T13:52:04","modified_gmt":"2020-06-15T16:52:04","slug":"sincomavi-e-sindilojas-sp-promoverao-live-sobre-conciliacao-trabalhista","status":"publish","type":"post","link":"https:\/\/sincomavi.org.br\/?p=3792","title":{"rendered":"Desembargador participar\u00e1 de Live sobre concilia\u00e7\u00e3o trabalhista"},"content":{"rendered":"\n<p>15\/06\/2020 | A Live  \u201cConcilia\u00e7\u00e3o Pr\u00e9via Trabalhista\u201d, que ser\u00e1 realizada amanh\u00e3, 16 de junho, \u00e0s 14h, contar\u00e1 com a  participa\u00e7\u00e3o especial do Desembargador Dr. S\u00e9rgio Pinto Martins, do Tribunal Regional do Trabalho da 2\u00aa Regi\u00e3o. O evento promovido pelo Sincomavi e Sindilojas-SP ter\u00e1 ainda a presen\u00e7a dos advogados Elis\u00e2ngela Mardegan, do Sindilojas-SP, e Alexandre Lucena, da Conciliar Solu\u00e7\u00f5es.<\/p>\n\n\n\n<p>O principal objetivo da Live \u00e9 ser uma oportunidade para empres\u00e1rios e trabalhadores tirarem as principais d\u00favidas sobre essa poderosa ferramenta para a solu\u00e7\u00e3o de conflitos. Vale a pena lembra que entre os principais benef\u00edcios oferecidos pelas c\u00e2maras de concilia\u00e7\u00e3o destacam-se o baixo custo, menor burocracia, rapidez e a seguran\u00e7a jur\u00eddica.<\/p>\n\n\n\n<p><strong>Para assistir, basta acessar a partir das 14h o link\u00a0<a rel=\"noreferrer noopener\" href=\"https:\/\/youtu.be\/yYZi92Dbe6M?fbclid=IwAR3qyuekZYcHtlZQFZKIhzLkoUt4Yn8qMU6D59buwiiucXBhDlXp0mqS3EY\" target=\"_blank\">https:\/\/youtu.be\/yYZi92Dbe6M<\/a>.<\/strong><\/p>\n\n\n<style>.wp-block-kadence-spacer.kt-block-spacer-_68d929-56 .kt-block-spacer{height:60px;}.wp-block-kadence-spacer.kt-block-spacer-_68d929-56 .kt-divider{border-top-width:1px;height:1px;border-top-color:#eee;width:80%;border-top-style:solid;}<\/style>\n<div class=\"wp-block-kadence-spacer aligncenter kt-block-spacer-_68d929-56\"><div class=\"kt-block-spacer kt-block-spacer-halign-center\" style=\"height:60px\"><hr class=\"kt-divider\" style=\"border-top-color:rgba(238, 238, 238, 1);border-top-width:1px;width:80%;border-top-style:solid\"\/><\/div><\/div>\n","protected":false},"excerpt":{"rendered":"<p>15\/06\/2020 | A Live \u201cConcilia\u00e7\u00e3o Pr\u00e9via Trabalhista\u201d, que ser\u00e1 realizada amanh\u00e3, 16 de junho, \u00e0s 14h, contar\u00e1 com a participa\u00e7\u00e3o especial do Desembargador Dr. S\u00e9rgio Pinto Martins, do Tribunal Regional do Trabalho da 2\u00aa Regi\u00e3o. O evento promovido pelo Sincomavi e Sindilojas-SP ter\u00e1 ainda a presen\u00e7a dos advogados Elis\u00e2ngela Mardegan, do Sindilojas-SP, e Alexandre Lucena, [&hellip;]<\/p>\n","protected":false},"author":1,"featured_media":3793,"comment_status":"closed","ping_status":"open","sticky":false,"template":"","format":"standard","meta":{"tdm_status":"","tdm_grid_status":"","footnotes":""},"categories":[153],"tags":[246,426,181,382,409,363],"class_list":["post-3792","post","type-post","status-publish","format-standard","has-post-thumbnail","hentry","category-noticias","tag-cintec-sp","tag-conciliacao-trabalhista","tag-evento","tag-gratuito","tag-live","tag-relacoes-trabalhistas"],"amp_enabled":true,"_links":{"self":[{"href":"https:\/\/sincomavi.org.br\/index.php?rest_route=\/wp\/v2\/posts\/3792","targetHints":{"allow":["GET"]}}],"collection":[{"href":"https:\/\/sincomavi.org.br\/index.php?rest_route=\/wp\/v2\/posts"}],"about":[{"href":"https:\/\/sincomavi.org.br\/index.php?rest_route=\/wp\/v2\/types\/post"}],"author":[{"embeddable":true,"href":"https:\/\/sincomavi.org.br\/index.php?rest_route=\/wp\/v2\/users\/1"}],"replies":[{"embeddable":true,"href":"https:\/\/sincomavi.org.br\/index.php?rest_route=%2Fwp%2Fv2%2Fcomments&post=3792"}],"version-history":[{"count":6,"href":"https:\/\/sincomavi.org.br\/index.php?rest_route=\/wp\/v2\/posts\/3792\/revisions"}],"predecessor-version":[{"id":3833,"href":"https:\/\/sincomavi.org.br\/index.php?rest_route=\/wp\/v2\/posts\/3792\/revisions\/3833"}],"wp:featuredmedia":[{"embeddable":true,"href":"https:\/\/sincomavi.org.br\/index.php?rest_route=\/wp\/v2\/media\/3793"}],"wp:attachment":[{"href":"https:\/\/sincomavi.org.br\/index.php?rest_route=%2Fwp%2Fv2%2Fmedia&parent=3792"}],"wp:term":[{"taxonomy":"category","embeddable":true,"href":"https:\/\/sincomavi.org.br\/index.php?rest_route=%2Fwp%2Fv2%2Fcategories&post=3792"},{"taxonomy":"post_tag","embeddable":true,"href":"https:\/\/sincomavi.org.br\/index.php?rest_route=%2Fwp%2Fv2%2Ftags&post=3792"}],"curies":[{"name":"wp","href":"https:\/\/api.w.org\/{rel}","templated":true}]}}