{"id":3789,"date":"2020-06-12T11:34:26","date_gmt":"2020-06-12T14:34:26","guid":{"rendered":"https:\/\/sincomavi.org.br\/?p=3789"},"modified":"2020-06-12T11:34:27","modified_gmt":"2020-06-12T14:34:27","slug":"carta-de-conjuntura-junho-de-2020","status":"publish","type":"post","link":"https:\/\/sincomavi.org.br\/?p=3789","title":{"rendered":"Carta de Conjuntura &#8211; junho de 2020"},"content":{"rendered":"\n<p>12\/06\/2020 | Por Jaime Vasconcellos, economista.<\/p>\n\n\n\n<p>N\u00e3o h\u00e1 um bate-papo de economistas que n\u00e3o seja debatida como ser\u00e1 a retomada da economia brasileira. \u00c9 uma sopa de letrinhas para projetar o formato da curva (ou reta) de crescimento. Fala-se em um formato \u201cU\u201d, \u201cV\u201d, \u201cW\u201d e at\u00e9 mesmo uma analogia ao logotipo da fabricante de mercadorias esportivas Nike. Esse \u00e9 um exerc\u00edcio l\u00fadico dos analistas econ\u00f4micos vislumbrando um processo de avalia\u00e7\u00e3o temporal para, ainda que no meio do turbilh\u00e3o, prever como ser\u00e1 visto futuramente todo o processo que estamos passando.<\/p>\n\n\n\n<p>E vamos entrar em tal seara. Ainda que seja uma proje\u00e7\u00e3o simplista, nos parece que a crise econ\u00f4mica trazida pelo novo coronav\u00edrus ser\u00e1 em formato do \u201cSinal de Visto\u201d (P), ou <em>Check. <\/em>Ele demonstra uma derrocada aguda e r\u00e1pida do fluxo econ\u00f4mico, t\u00edpico de um choque de demanda e de oferta, e uma retomada longa e lenta. A angula\u00e7\u00e3o da segunda perna do \u201cV\u201d \u00e9 menor. Isso demonstra o porqu\u00ea se espera que a economia brasileira caia pr\u00f3ximo dos 7% em 2020 e s\u00f3 v\u00e1 retomar patamar pr\u00e9-crise ap\u00f3s 2024.<\/p>\n\n\n\n<p>Antes de qualquer aprofundamento de an\u00e1lise, importante ressaltar que nem o recuo da economia e nem seu processo de recupera\u00e7\u00e3o \u00e9 linear. H\u00e1 oscila\u00e7\u00f5es inerentes \u00e0 din\u00e2mica econ\u00f4mica, como: Impactos do ambiente pol\u00edtico, crises setoriais, oscila\u00e7\u00f5es geopol\u00edticas, crises especulativas, e at\u00e9 mesmo o clima atmosf\u00e9rico. Ou seja, h\u00e1 uma gama de vari\u00e1veis que fazem a primeira e a segunda perna do \u201cP\u201d serem tr\u00eamulas. Ainda mais no Brasil, onde o ambiente de neg\u00f3cios \u00e9 tomado pela burocracia, informalidade, corrup\u00e7\u00e3o, dislexia pol\u00edtica e desigualdade socioecon\u00f4mica.<\/p>\n\n\n\n<p>Obviamente n\u00e3o h\u00e1 certeza de qual processo viveremos na retomada econ\u00f4mica. As proje\u00e7\u00f5es s\u00e3o baseadas em nossa realidade estrutural e conjuntural. O que se sabe \u00e9 que a recess\u00e3o trar\u00e1 o que sempre trouxe: fal\u00eancias, desemprego, mazelas sociais e necessidade brutal de planejamento macro, micro e pol\u00edtico. E todos sair\u00e3o prejudicados, popula\u00e7\u00e3o, empres\u00e1rios, setor p\u00fablico etc.<\/p>\n\n\n\n<p>O que se espera \u00e9 efici\u00eancia dos pacotes financeiros, principalmente no atingimento aos mais vulner\u00e1veis. Outro ponto vital \u00e9 a necessidade de algum compromisso com o futuro. Atacar as necessidades atuais ajudar\u00e3o garantir ao menos capacidade de subsistir dignamente aos pr\u00f3ximos duros meses.<\/p>\n\n\n\n<p><strong>\u00a0Seguem abaixo, nossas proje\u00e7\u00f5es atualizadas para 2020:\u00a0\u00a0\u00a0\u00a0\u00a0\u00a0\u00a0\u00a0\u00a0\u00a0\u00a0\u00a0\u00a0\u00a0\u00a0\u00a0\u00a0\u00a0\u00a0\u00a0\u00a0\u00a0\u00a0\u00a0\u00a0\u00a0\u00a0\u00a0\u00a0\u00a0\u00a0\u00a0\u00a0\u00a0\u00a0\u00a0\u00a0\u00a0\u00a0\u00a0\u00a0\u00a0\u00a0\u00a0\u00a0\u00a0\u00a0\u00a0\u00a0\u00a0\u00a0\u00a0\u00a0\u00a0<\/strong><\/p>\n\n\n\n<ul class=\"wp-block-list\"><li><strong>PIB<\/strong>: -6,5% (\u2193)&nbsp;&nbsp;&nbsp;&nbsp;&nbsp;&nbsp;&nbsp;&nbsp;&nbsp;&nbsp;&nbsp;&nbsp;&nbsp;&nbsp;&nbsp;&nbsp;&nbsp;&nbsp;&nbsp;&nbsp;&nbsp;&nbsp;&nbsp;&nbsp;&nbsp;&nbsp;&nbsp;&nbsp;&nbsp;&nbsp;&nbsp;&nbsp;&nbsp;&nbsp;&nbsp;&nbsp;&nbsp;&nbsp;&nbsp;&nbsp;&nbsp;&nbsp;&nbsp;&nbsp;&nbsp;&nbsp;<\/li><li><strong>IPCA\/IBGE<\/strong>: +1,5% (\u2193)&nbsp;&nbsp;&nbsp;&nbsp;&nbsp;&nbsp;&nbsp;&nbsp;&nbsp;&nbsp; &nbsp;&nbsp;&nbsp;&nbsp;&nbsp;&nbsp;&nbsp;&nbsp;&nbsp;&nbsp;&nbsp;&nbsp;&nbsp;&nbsp;&nbsp;&nbsp;&nbsp;&nbsp;&nbsp;&nbsp;&nbsp;&nbsp;&nbsp;&nbsp;&nbsp;&nbsp;&nbsp;&nbsp;&nbsp;&nbsp;&nbsp;&nbsp;&nbsp;&nbsp;&nbsp;<\/li><li><strong>SELIC<\/strong>: 2,25% (\u2194)&nbsp;&nbsp;&nbsp;&nbsp;&nbsp;&nbsp;&nbsp;&nbsp;&nbsp;&nbsp;&nbsp;&nbsp;&nbsp;&nbsp;&nbsp;&nbsp;&nbsp;&nbsp;&nbsp;&nbsp;&nbsp;&nbsp;&nbsp;&nbsp;&nbsp;&nbsp;&nbsp;&nbsp;&nbsp;<\/li><li><strong>Taxa de C\u00e2mbio:<\/strong> 5,50 (\u2194)&nbsp;&nbsp;&nbsp;&nbsp;&nbsp;&nbsp;&nbsp;&nbsp;&nbsp;&nbsp;&nbsp;&nbsp;&nbsp;&nbsp;<\/li><li><strong>Balan\u00e7a comercial<\/strong>: + US$ 40 bi (\u2191)<\/li><li><strong>Vendas do varejo<\/strong>: -8,0% (\u2194)&nbsp;&nbsp;&nbsp;&nbsp;&nbsp;&nbsp;&nbsp;&nbsp;&nbsp;<\/li><li><strong>Volume dos servi\u00e7os<\/strong>: -6,0% (\u2194)<\/li><\/ul>\n\n\n<style>.wp-block-kadence-spacer.kt-block-spacer-_216233-e8 .kt-block-spacer{height:60px;}.wp-block-kadence-spacer.kt-block-spacer-_216233-e8 .kt-divider{border-top-width:1px;height:1px;border-top-color:#eee;width:80%;border-top-style:solid;}<\/style>\n<div class=\"wp-block-kadence-spacer aligncenter kt-block-spacer-_216233-e8\"><div class=\"kt-block-spacer kt-block-spacer-halign-center\" style=\"height:60px\"><hr class=\"kt-divider\" style=\"border-top-color:rgba(238, 238, 238, 1);border-top-width:1px;width:80%;border-top-style:solid\"\/><\/div><\/div>\n","protected":false},"excerpt":{"rendered":"<p>12\/06\/2020 | Por Jaime Vasconcellos, economista. N\u00e3o h\u00e1 um bate-papo de economistas que n\u00e3o seja debatida como ser\u00e1 a retomada da economia brasileira. \u00c9 uma sopa de letrinhas para projetar o formato da curva (ou reta) de crescimento. Fala-se em um formato \u201cU\u201d, \u201cV\u201d, \u201cW\u201d e at\u00e9 mesmo uma analogia ao logotipo da fabricante de [&hellip;]<\/p>\n","protected":false},"author":1,"featured_media":3790,"comment_status":"closed","ping_status":"open","sticky":false,"template":"","format":"standard","meta":{"tdm_status":"","tdm_grid_status":"","footnotes":""},"categories":[153],"tags":[199,156,202,203,200,75],"class_list":["post-3789","post","type-post","status-publish","format-standard","has-post-thumbnail","hentry","category-noticias","tag-comercio","tag-economia","tag-pib","tag-selic","tag-varejo","tag-vendas"],"amp_enabled":true,"_links":{"self":[{"href":"https:\/\/sincomavi.org.br\/index.php?rest_route=\/wp\/v2\/posts\/3789","targetHints":{"allow":["GET"]}}],"collection":[{"href":"https:\/\/sincomavi.org.br\/index.php?rest_route=\/wp\/v2\/posts"}],"about":[{"href":"https:\/\/sincomavi.org.br\/index.php?rest_route=\/wp\/v2\/types\/post"}],"author":[{"embeddable":true,"href":"https:\/\/sincomavi.org.br\/index.php?rest_route=\/wp\/v2\/users\/1"}],"replies":[{"embeddable":true,"href":"https:\/\/sincomavi.org.br\/index.php?rest_route=%2Fwp%2Fv2%2Fcomments&post=3789"}],"version-history":[{"count":1,"href":"https:\/\/sincomavi.org.br\/index.php?rest_route=\/wp\/v2\/posts\/3789\/revisions"}],"predecessor-version":[{"id":3791,"href":"https:\/\/sincomavi.org.br\/index.php?rest_route=\/wp\/v2\/posts\/3789\/revisions\/3791"}],"wp:featuredmedia":[{"embeddable":true,"href":"https:\/\/sincomavi.org.br\/index.php?rest_route=\/wp\/v2\/media\/3790"}],"wp:attachment":[{"href":"https:\/\/sincomavi.org.br\/index.php?rest_route=%2Fwp%2Fv2%2Fmedia&parent=3789"}],"wp:term":[{"taxonomy":"category","embeddable":true,"href":"https:\/\/sincomavi.org.br\/index.php?rest_route=%2Fwp%2Fv2%2Fcategories&post=3789"},{"taxonomy":"post_tag","embeddable":true,"href":"https:\/\/sincomavi.org.br\/index.php?rest_route=%2Fwp%2Fv2%2Ftags&post=3789"}],"curies":[{"name":"wp","href":"https:\/\/api.w.org\/{rel}","templated":true}]}}