{"id":3733,"date":"2020-06-10T14:00:34","date_gmt":"2020-06-10T17:00:34","guid":{"rendered":"https:\/\/sincomavi.org.br\/?p=3733"},"modified":"2020-06-10T15:27:05","modified_gmt":"2020-06-10T18:27:05","slug":"retomada-do-comercio","status":"publish","type":"post","link":"https:\/\/sincomavi.org.br\/?p=3733","title":{"rendered":"Retomada do Com\u00e9rcio"},"content":{"rendered":"\n<p>10\/06\/2020 | Prosseguindo com as orienta\u00e7\u00f5es a respeito do funcionamento do com\u00e9rcio na capital, \u00e9 preciso informar que o Protocolo de Retomada encabe\u00e7ado pela Fecom\u00e9rcioSP, do qual o Sincomavi faz parte, foi aprovado em termos e objeto da publica\u00e7\u00e3o de portaria municipal que autoriza o atendimento ao p\u00fablico das empresas do com\u00e9rcio situado nas ruas do munic\u00edpio (as empresas situadas em shopping centers dever\u00e3o aguardar a publica\u00e7\u00e3o das medidas aplic\u00e1veis). Vale ressaltar mais uma vez que essas disposi\u00e7\u00f5es se aplicam \u00e0s empresas representadas pelo Sincomavi n\u00e3o pertencentes aos<strong> ramos de materiais de constru\u00e7\u00e3o e bicicletas<\/strong>, que s\u00e3o consideradas essenciais e regidas por outras normas, notadamente quanto ao hor\u00e1rio, mas que poder\u00e3o aplic\u00e1-las complementarmente.<\/p>\n\n\n\n<p>Em resumo, as normas (<strong><a href=\"https:\/\/sincomavi.org.br\/wp-content\/uploads\/2020\/06\/REABERTURA_10JUNHO2020.pdf\" target=\"_blank\" rel=\"noreferrer noopener\">que podem ser obtidas na vers\u00e3o completa aqui<\/a><\/strong><a href=\"https:\/\/sincomavi.org.br\/wp-content\/uploads\/2020\/06\/REABERTURA_10JUN2020.pdf\" target=\"_blank\" rel=\"noreferrer noopener\">)<\/a> s\u00e3o:<\/p>\n\n\n\n<p><strong>1. DISTANCIAMENTO SOCIAL<\/strong><\/p>\n\n\n\n<ul class=\"wp-block-list\"><li>Dar prefer\u00eancia a vendas online, remotas ou outros mecanismos de atendimento n\u00e3o presencial de clientes, sempre que poss\u00edvel;<\/li><\/ul>\n\n\n\n<ul class=\"wp-block-list\"><li>Ter como princ\u00edpio a redu\u00e7\u00e3o da lota\u00e7\u00e3o, limitando a 20% da capacidade dos estabelecimentos no caso da Cidade de S\u00e3o Paulo se encontrar na classifica\u00e7\u00e3o laranja no Plano S\u00e3o Paulo, 40% se estiver na classifica\u00e7\u00e3o amarela e 60% se estiver na classifica\u00e7\u00e3o verde;<\/li><\/ul>\n\n\n\n<ul class=\"wp-block-list\"><li>N\u00e3o permitir aglomera\u00e7\u00f5es em nenhuma hip\u00f3tese;<\/li><\/ul>\n\n\n\n<ul class=\"wp-block-list\"><li>Ter como premissa o distanciamento m\u00ednimo de 1,5 metros entre as pessoas;<\/li><\/ul>\n\n\n\n<ul class=\"wp-block-list\"><li>Orientar filas e demarcar o piso para que seja respeitado o distanciamento;<\/li><\/ul>\n\n\n\n<ul class=\"wp-block-list\"><li>Instalar barreira de prote\u00e7\u00e3o acr\u00edlica nos caixas e similares, quando n\u00e3o for poss\u00edvel manter a distanciamento m\u00ednimo obrigat\u00f3rio. No caso de impossibilidade, o funcion\u00e1rio dever\u00e1 usar obrigatoriamente viseira \u201cface shield\u201d;<\/li><\/ul>\n\n\n\n<ul class=\"wp-block-list\"><li>Fazer marca\u00e7\u00f5es internas na \u00e1rea do caixa e nos demais setores, para facilitar o distanciamento social;<\/li><\/ul>\n\n\n\n<ul class=\"wp-block-list\"><li>Caso se formem filas do lado de fora do estabelecimento, se responsabilizar pela organiza\u00e7\u00e3o da mesma, observando o distanciamento de 1,5 metros entre as pessoas;<\/li><\/ul>\n\n\n\n<ul class=\"wp-block-list\"><li>Adotar medidas para evitar qualquer tipo de aglomera\u00e7\u00e3o de pessoas nas cal\u00e7adas de fronte aos estabelecimentos;<\/li><\/ul>\n\n\n\n<ul class=\"wp-block-list\"><li>N\u00e3o realizar nenhum evento ou promo\u00e7\u00e3o que possa criar algum tipo de aumento na visita\u00e7\u00e3o do estabelecimento ou aglomera\u00e7\u00e3o;<\/li><\/ul>\n\n\n\n<ul class=\"wp-block-list\"><li>Orientar os clientes, que se poss\u00edvel, fa\u00e7am suas compras sem acompanhantes, para evitar quantidade desnecess\u00e1ria de pessoas nos estabelecimentos comerciais;<\/li><\/ul>\n\n\n\n<ul class=\"wp-block-list\"><li>De acordo com o segmento de atua\u00e7\u00e3o e clientela, poder\u00e1 ser implantado um hor\u00e1rio exclusivo para clientes acima dos 60 anos ou de grupos de risco, preferencialmente nas primeiras horas de funcionamento;<\/li><\/ul>\n\n\n\n<ul class=\"wp-block-list\"><li>Restringir \u00e1reas de atividades n\u00e3o essenciais ou espa\u00e7os coletivos desnecess\u00e1rios, como brinquedotecas ou espa\u00e7os de lazer;<\/li><\/ul>\n\n\n\n<ul class=\"wp-block-list\"><li>Espa\u00e7os como estoques, copa ou outras \u00e1reas de servi\u00e7os ou apoio dever\u00e3o ser usadas com as mesmas regras de distanciamento e higiene que os espa\u00e7os comerciais;<\/li><\/ul>\n\n\n\n<p><strong>2. HIGIENE<\/strong><\/p>\n\n\n\n<ul class=\"wp-block-list\"><li>Exigir o uso de m\u00e1scaras por todos os clientes, colaboradores e fornecedores;<\/li><\/ul>\n\n\n\n<ul class=\"wp-block-list\"><li>Oriente colaboradores e clientes sobre a necessidade de lavagem frequente das m\u00e3os, bem como sobre a maneira correta de faz\u00ea-lo;<\/li><\/ul>\n\n\n\n<ul class=\"wp-block-list\"><li>Separar lixo com potencial de contamina\u00e7\u00e3o para descarte (Equipamento de Prote\u00e7\u00e3o Individual &#8211; EPI, luvas, m\u00e1scaras, etc.);<\/li><\/ul>\n\n\n\n<ul class=\"wp-block-list\"><li>Disponibilizar \u00e1lcool em gel 70% para uso obrigat\u00f3rio na higieniza\u00e7\u00e3o das m\u00e3os. O produto deve estar em local vis\u00edvel e de f\u00e1cil acesso, preferencialmente pr\u00f3ximo da entrada e sa\u00edda, do local de realiza\u00e7\u00e3o do pagamento e na utiliza\u00e7\u00e3o das m\u00e1quinas de atendimento do sistema banc\u00e1rio;<\/li><\/ul>\n\n\n\n<ul class=\"wp-block-list\"><li>Dever\u00e1 ser efetuada a limpeza de cestas, carrinhos, sacolas ou semelhantes, a cada uso. Se poss\u00edvel essa higieniza\u00e7\u00e3o deve acontecer na frente do cliente;<\/li><\/ul>\n\n\n\n<ul class=\"wp-block-list\"><li>Disponibilize formas de pagamento alternativas como transfer\u00eancia banc\u00e1ria e pagamentos por aproxima\u00e7\u00e3o, que n\u00e3o necessitam contato com o caixa e m\u00e1quinas de cart\u00e3o.<\/li><\/ul>\n\n\n\n<ul class=\"wp-block-list\"><li>Cobrir as m\u00e1quinas e dispositivos de pagamento com pl\u00e1stico filme e higienizar ap\u00f3s cada utiliza\u00e7\u00e3o;<\/li><\/ul>\n\n\n\n<ul class=\"wp-block-list\"><li>Orientar o colaborador para refor\u00e7ar os procedimentos de higiene, logo ap\u00f3s receber um pagamento em esp\u00e9cie;<\/li><\/ul>\n\n\n\n<ul class=\"wp-block-list\"><li>Evitar receber de volta mercadorias. Se essas mercadorias forem devolvidas devem ficar sob quarentena por 72 horas, armazenadas separadamente. Sempre que poss\u00edvel, higienizar esta mercadoria antes de inclu\u00ed-la de volta ao estoque;<\/li><\/ul>\n\n\n\n<ul class=\"wp-block-list\"><li>No caso de o estabelecimento disponibilizar servi\u00e7o de entrega e\/ou delivery, o preparo e a entrega da mercadoria dever\u00e3o ser realizados com todos os devidos cuidados de higiene e limpeza, a fim de proteger os entregadores e clientes, que evitar\u00e3o contato f\u00edsico entre si.<\/li><\/ul>\n\n\n\n<p><strong>3. SANITIZA\u00c7\u00c3O DE AMBIENTES<\/strong><\/p>\n\n\n\n<ul class=\"wp-block-list\"><li>Todos os dias, antes da abertura do estabelecimento, dever\u00e1 ser realizada higieniza\u00e7\u00e3o do local que receber\u00e1 o p\u00fablico;<\/li><\/ul>\n\n\n\n<ul class=\"wp-block-list\"><li>Providenciar, sempre que poss\u00edvel, a abertura de janelas e portas para privilegiar a ventila\u00e7\u00e3o natural, evitando o uso do ar-condicionado;<\/li><\/ul>\n\n\n\n<ul class=\"wp-block-list\"><li>Borrifar nos displays ou estoques expostos solu\u00e7\u00e3o sanitizante e\/ou \u00e1lcool 70% diversas vezes por dia, especialmente se houver manipula\u00e7\u00e3o por parte de clientes;<\/li><\/ul>\n\n\n\n<ul class=\"wp-block-list\"><li>Observar que, conforme o fluxo da clientela, pode ser necess\u00e1ria a contrata\u00e7\u00e3o de pessoal extra para limpeza do estabelecimento.<\/li><\/ul>\n\n\n\n<p><strong>4. ORIENTA\u00c7\u00c3O AOS CLIENTES<\/strong><\/p>\n\n\n\n<ul class=\"wp-block-list\"><li>Deixar em evid\u00eancia a indica\u00e7\u00e3o de distanciamento m\u00ednimo de 1,5 metros entre as pessoas, bem como a orienta\u00e7\u00e3o sobre o uso obrigat\u00f3rio de m\u00e1scaras por todos os clientes;<\/li><\/ul>\n\n\n\n<ul class=\"wp-block-list\"><li>Clientes dever\u00e3o ser orientados a evitar o manuseio dos produtos expostos;<\/li><\/ul>\n\n\n\n<ul class=\"wp-block-list\"><li>Deve ser recomendado ao consumidor que, ao chegar em casa, despreze a sacola utilizada;<\/li><\/ul>\n\n\n\n<ul class=\"wp-block-list\"><li>N\u00e3o devem ser oferecidos servi\u00e7os e amenidades adicionais que retardem a sa\u00edda do consumidor do estabelecimento, como disponibilizar caf\u00e9, doces, poltronas para espera, \u00e1reas infantis etc.<\/li><\/ul>\n\n\n\n<p><strong>5. ORIENTA\u00c7\u00c3O AOS COLABORADORES<\/strong><\/p>\n\n\n\n<ul class=\"wp-block-list\"><li>Deve ser refor\u00e7ada a import\u00e2ncia do uso obrigat\u00f3rio de m\u00e1scaras por todos os funcion\u00e1rios, e no atendimento ao p\u00fablico, sempre deve ser usada uma m\u00e1scara em perfeitas condi\u00e7\u00f5es de higiene, nunca a mesma usada no transporte coletivo;<\/li><\/ul>\n\n\n\n<ul class=\"wp-block-list\"><li>A loja deve recolher e desinfetar os EPIs reutiliz\u00e1veis, como aventais, viseiras de seguran\u00e7a, luvas, protetores auriculares, etc.<\/li><\/ul>\n\n\n\n<ul class=\"wp-block-list\"><li>Preservar os colaboradores do grupo de risco;<\/li><\/ul>\n\n\n\n<ul class=\"wp-block-list\"><li>Recomenda-se \u00e0s empresas de vendas diretas, sempre que poss\u00edvel, o fornecimento de protetor descart\u00e1vel para os p\u00e9s ou solu\u00e7\u00e3o de \u00e1lcool gel 70% para a higieniza\u00e7\u00e3o do cal\u00e7ado para empreendedores independentes que demonstrar\u00e3o produtos ou entregar\u00e3o mercadorias a domic\u00edlio;<\/li><\/ul>\n\n\n\n<ul class=\"wp-block-list\"><li>Orienta\u00e7\u00e3o, cuidados e veda\u00e7\u00e3o do retorno dos colaboradores \u00e0s atividades presenciais.<\/li><\/ul>\n\n\n\n<p><strong>6. COMPROMISSO PARA TESTAGEM DE COLABORADORES<\/strong><\/p>\n\n\n\n<ul class=\"wp-block-list\"><li>Para a volta ao trabalho presencial, os colaboradores devem confirmar se respeitaram as regras de isolamento social e informar se foram expostos a algum caso confirmado ou suspeito de COVID-19. Caso as respostas suscitem alguma d\u00favida, a empresa dever\u00e1 manter o colaborador fora de contato com os colegas e clientes, encaminhando-o para os cuidados m\u00e9dicos competentes;<\/li><\/ul>\n\n\n\n<ul class=\"wp-block-list\"><li>Demandar que todos testem sua temperatura antes de sair de casa e n\u00e3o se dirigir ao trabalho quando a temperatura corporal for igual ou superior a 37,5\u00b0. Alternativamente, a empresa poder\u00e1 optar por aferir a temperatura do empregado\/colaborador na pr\u00f3pria instala\u00e7\u00e3o;<\/li><\/ul>\n\n\n\n<ul class=\"wp-block-list\"><li>Quando um colaborador for identificado como infectado, recomenda-se a testagem dos demais colaboradores, especialmente daqueles que tiveram sintomas da COVID-19, sendo recomendado, caso poss\u00edvel, a testagem de todos os empregados da empresa ou a testagem amostral dos empregados;<\/li><\/ul>\n\n\n\n<p><strong>7. COMPROMISSO PARA TESTAGEM DE CLIENTES<\/strong><\/p>\n\n\n\n<ul class=\"wp-block-list\"><li>\u00c9 recomend\u00e1vel que seja feita a medi\u00e7\u00e3o da temperatura corporal dos clientes, ao menos de forma amostral, impedindo os febris de entrarem.<\/li><\/ul>\n\n\n\n<p><strong>8. HOR\u00c1RIOS ALTERNATIVOS DE FUNCIONAMENTO<\/strong><\/p>\n\n\n\n<ul class=\"wp-block-list\"><li>O com\u00e9rcio dever\u00e1 funcionar entre 11h e 15h durante a fase 2 laranja. Conforme evolu\u00e7\u00e3o pelo Plano SP, poder\u00e1 ser alterado o hor\u00e1rio de funcionamento, de acordo com o regulamento municipal. \u00c9 responsabilidade da empresa acompanhar e respeitar as regras municipais sobre o hor\u00e1rio de funcionamento do estabelecimento.<\/li><\/ul>\n\n\n\n<p><strong>9. REDU\u00c7\u00c3O DO EXPEDIENTE<\/strong><\/p>\n\n\n\n<ul class=\"wp-block-list\"><li>Dever\u00e3o ser estabelecidas as jornadas de trabalhado compat\u00edveis com os hor\u00e1rios reduzidos de funcionamento, procurando n\u00e3o causar concentra\u00e7\u00e3o de colaboradores no estabelecimento.<\/li><\/ul>\n\n\n\n<p><strong>10. SISTEMA DE AGENDAMENTO PARA ATENDIMENTO<\/strong><\/p>\n\n\n\n<ul class=\"wp-block-list\"><li>Disponibilizar servi\u00e7o de entrega, sempre que poss\u00edvel, e orientar a clientela a fazer seu pedido pelo site, app, WhatsApp ou pelas redes sociais.<\/li><\/ul>\n\n\n\n<ul class=\"wp-block-list\"><li>Disponibilizar o servi\u00e7o de atendimento mediante agendamento, quando cab\u00edvel.<\/li><\/ul>\n\n\n\n<p><strong>11. PROTOCOLO DE FISCALIZA\u00c7\u00c3O E MONITORAMENTO DO PR\u00d3PRIO SETOR (AUTOTUTELA)<\/strong><\/p>\n\n\n\n<ul class=\"wp-block-list\"><li>A entidade representativa do setor dever\u00e1 informar a todos os seus representados sobre os protocolos a serem seguidos e apoiar sua implementa\u00e7\u00e3o;<\/li><\/ul>\n\n\n\n<p><strong>12. ESQUEMA DE APOIO PARA COLABORADORES<\/strong><\/p>\n\n\n\n<ul class=\"wp-block-list\"><li>Permitir o trabalho no sistema de teletrabalho para empregados que n\u00e3o tenham quem cuide de seus dependentes incapazes no per\u00edodo em que estiverem fechadas as creches, escolas ou abrigos, sendo que, se n\u00e3o for poss\u00edvel o teletrabalho, o empregador dever\u00e1 acordar com o empregado, uma forma alternativa de manuten\u00e7\u00e3o do emprego, podendo, para tal, utilizar os recursos previstos na legisla\u00e7\u00e3o federal atualmente vigente;<\/li><\/ul>\n\n\n\n<ul class=\"wp-block-list\"><li>Se poss\u00edvel, o empregador poder\u00e1 disponibilizar maneiras alternativas de viabilizar a presen\u00e7a do empregado ao local de trabalho, facilitando a possibilidade do menor ser guardado por outra pessoa durante o expediente da m\u00e3e ou respons\u00e1vel.<\/li><\/ul>\n\n\n\n<p>Mais uma vez o Sincomavi reafirma a import\u00e2ncia de que sejam atendidas <strong><a href=\"https:\/\/sincomavi.org.br\/wp-content\/uploads\/2020\/06\/REABERTURA_10JUNHO2020.pdf\">as medidas completas estabelecidas<\/a><\/strong> pela administra\u00e7\u00e3o p\u00fablica.<\/p>\n\n\n\n<h4 class=\"has-text-align-center wp-block-heading\"><strong>Fa\u00e7a o download do texto original (ANEXO I DA PORTARIA PREFEITO &#8211; PREF N\u00ba 625), publicado no Di\u00e1rio Oficial da Cidade de S\u00e3o Paulo, no bot\u00e3o abaixo.<\/strong><\/h4>\n\n\n<style>.wp-block-kadence-advancedbtn.kb-btns_ae77b5-11{gap:var(--global-kb-gap-xs, 0.5rem );justify-content:center;align-items:center;}.kt-btns_ae77b5-11 .kt-button{font-weight:normal;font-style:normal;}.kt-btns_ae77b5-11 .kt-btn-wrap-0{margin-right:5px;}.wp-block-kadence-advancedbtn.kt-btns_ae77b5-11 .kt-btn-wrap-0 .kt-button{color:#555555;border-color:#555555;}.wp-block-kadence-advancedbtn.kt-btns_ae77b5-11 .kt-btn-wrap-0 .kt-button:hover, .wp-block-kadence-advancedbtn.kt-btns_ae77b5-11 .kt-btn-wrap-0 .kt-button:focus{color:#ffffff;border-color:#444444;}.wp-block-kadence-advancedbtn.kt-btns_ae77b5-11 .kt-btn-wrap-0 .kt-button::before{display:none;}.wp-block-kadence-advancedbtn.kt-btns_ae77b5-11 .kt-btn-wrap-0 .kt-button:hover, .wp-block-kadence-advancedbtn.kt-btns_ae77b5-11 .kt-btn-wrap-0 .kt-button:focus{background:#444444;}<\/style>\n<div class=\"wp-block-kadence-advancedbtn kt-btn-align-center kt-btn-tablet-align-inherit kt-btn-mobile-align-inherit kt-btns-wrap kt-btns_ae77b5-11\"><div class=\"kt-btn-wrap kt-btn-wrap-0\"><a class=\"kt-button button kt-btn-0-action kt-btn-size-standard kt-btn-style-basic kt-btn-svg-show-always kt-btn-has-text-true kt-btn-has-svg-false\" href=\"https:\/\/sincomavi.org.br\/wp-content\/uploads\/2020\/06\/200610-PORTARIA-PREF-625.pdf\" target=\"_blank\" rel=\"noreferrer noopener\"><span class=\"kt-btn-inner-text\">DOWNLOAD PORTARIA PMSP<\/span><\/a><\/div><\/div>\n\n\n<style>.wp-block-kadence-spacer.kt-block-spacer-_b92dda-95 .kt-block-spacer{height:60px;}.wp-block-kadence-spacer.kt-block-spacer-_b92dda-95 .kt-divider{border-top-width:1px;height:1px;border-top-color:#eee;width:80%;border-top-style:solid;}<\/style>\n<div class=\"wp-block-kadence-spacer aligncenter kt-block-spacer-_b92dda-95\"><div class=\"kt-block-spacer kt-block-spacer-halign-center\" style=\"height:60px\"><hr class=\"kt-divider\" style=\"border-top-color:rgba(238, 238, 238, 1);border-top-width:1px;width:80%;border-top-style:solid\"\/><\/div><\/div>\n","protected":false},"excerpt":{"rendered":"<p>10\/06\/2020 | Prosseguindo com as orienta\u00e7\u00f5es a respeito do funcionamento do com\u00e9rcio na capital, \u00e9 preciso informar que o Protocolo de Retomada encabe\u00e7ado pela Fecom\u00e9rcioSP, do qual o Sincomavi faz parte, foi aprovado em termos e objeto da publica\u00e7\u00e3o de portaria municipal que autoriza o atendimento ao p\u00fablico das empresas do com\u00e9rcio situado nas ruas [&hellip;]<\/p>\n","protected":false},"author":1,"featured_media":3736,"comment_status":"closed","ping_status":"open","sticky":false,"template":"","format":"standard","meta":{"tdm_status":"","tdm_grid_status":"","footnotes":""},"categories":[157],"tags":[199,349,397,247,422,425,219],"class_list":["post-3733","post","type-post","status-publish","format-standard","has-post-thumbnail","hentry","category-alerta","tag-comercio","tag-coronavirus","tag-covid-19","tag-pmsp","tag-protocolo","tag-retomada","tag-sao-paulo"],"amp_enabled":true,"_links":{"self":[{"href":"https:\/\/sincomavi.org.br\/index.php?rest_route=\/wp\/v2\/posts\/3733","targetHints":{"allow":["GET"]}}],"collection":[{"href":"https:\/\/sincomavi.org.br\/index.php?rest_route=\/wp\/v2\/posts"}],"about":[{"href":"https:\/\/sincomavi.org.br\/index.php?rest_route=\/wp\/v2\/types\/post"}],"author":[{"embeddable":true,"href":"https:\/\/sincomavi.org.br\/index.php?rest_route=\/wp\/v2\/users\/1"}],"replies":[{"embeddable":true,"href":"https:\/\/sincomavi.org.br\/index.php?rest_route=%2Fwp%2Fv2%2Fcomments&post=3733"}],"version-history":[{"count":7,"href":"https:\/\/sincomavi.org.br\/index.php?rest_route=\/wp\/v2\/posts\/3733\/revisions"}],"predecessor-version":[{"id":3751,"href":"https:\/\/sincomavi.org.br\/index.php?rest_route=\/wp\/v2\/posts\/3733\/revisions\/3751"}],"wp:featuredmedia":[{"embeddable":true,"href":"https:\/\/sincomavi.org.br\/index.php?rest_route=\/wp\/v2\/media\/3736"}],"wp:attachment":[{"href":"https:\/\/sincomavi.org.br\/index.php?rest_route=%2Fwp%2Fv2%2Fmedia&parent=3733"}],"wp:term":[{"taxonomy":"category","embeddable":true,"href":"https:\/\/sincomavi.org.br\/index.php?rest_route=%2Fwp%2Fv2%2Fcategories&post=3733"},{"taxonomy":"post_tag","embeddable":true,"href":"https:\/\/sincomavi.org.br\/index.php?rest_route=%2Fwp%2Fv2%2Ftags&post=3733"}],"curies":[{"name":"wp","href":"https:\/\/api.w.org\/{rel}","templated":true}]}}