{"id":3691,"date":"2020-06-10T14:15:00","date_gmt":"2020-06-10T17:15:00","guid":{"rendered":"https:\/\/sincomavi.org.br\/?p=3691"},"modified":"2020-06-10T14:28:18","modified_gmt":"2020-06-10T17:28:18","slug":"protocolo-de-retomada-esclarecimentos","status":"publish","type":"post","link":"https:\/\/sincomavi.org.br\/?p=3691","title":{"rendered":"Protocolo de retomada &#8211; esclarecimentos"},"content":{"rendered":"\n<p>08\/06\/2020 | Tendo em vista os diversos setores varejistas representados pelo Sincomavi e o grande n\u00famero de consultas das empresas sediadas na capital a respeito do assunto, o Sincomavi complementa as mat\u00e9rias publicadas em <a rel=\"noreferrer noopener\" href=\"https:\/\/sincomavi.org.br\/capital-prorrogacao-de-quarentena-e-entrega-de-protocolo\/\" target=\"_blank\"><strong>01 de junho de 2020<\/strong><\/a> e em <a href=\"https:\/\/sincomavi.org.br\/edicao-resumida-do-protocolo-de-retomada\/\" target=\"_blank\" rel=\"noreferrer noopener\"><strong>05 de junho de 2020<\/strong><\/a>, quanto aos seguintes itens:<\/p>\n\n\n\n<h2 class=\"wp-block-heading\">1) &nbsp;Empresas dos ramos de materiais de constru\u00e7\u00e3o<\/h2>\n\n\n\n<p>O protocolo de retomada n\u00e3o influencia em quase nada as atuais condi\u00e7\u00f5es estabelecidas, ou seja, podem continuar a funcionar, sem restri\u00e7\u00f5es de hor\u00e1rio ou qualquer nova determina\u00e7\u00e3o, servindo o documento, ap\u00f3s aprovado pelos \u00f3rg\u00e3os competentes, como complemento aos manuais j\u00e1 divulgados &nbsp;(<a rel=\"noreferrer noopener\" href=\"https:\/\/sincomavi.org.br\/covid-19-sincomavi-cria-protocolo-de-saude-e-higienizacao\/\" target=\"_blank\"><strong>clique aqui<\/strong><\/a>), pois os textos legais (Inc. II do Art. 1\u00ba e \u00a7 2\u00ba do Art. 5\u00ba do Decreto Estadual 64.994 e Art. 1\u00ba, 2\u00ba e 10 do Decreto Municipal n\u00ba 59.473), que tratam da retomada das atividades, deixam claro que esse setor n\u00e3o sofrer\u00e1 qualquer restri\u00e7\u00e3o, a n\u00e3o ser as j\u00e1 determinadas, recomendadas e que j\u00e1 foram aqui publicadas, que dever\u00e3o ser rigorosamente cumpridas, para que se evitem, al\u00e9m das penalidades para cada empresa, o endurecimento das autoridades, seja de car\u00e1ter geral ou aplicadas aos nossos ramos.<\/p>\n\n\n\n<h2 class=\"wp-block-heading\">2) Empresas de outros ramos<\/h2>\n\n\n\n<p>A preocupa\u00e7\u00e3o com esses setores foi o motivo maior das sugest\u00f5es e da participa\u00e7\u00e3o do Sincomavi no protocolo de retomada, pois s\u00f3 assim, ap\u00f3s a aprova\u00e7\u00e3o, poder\u00e3o reabrir suas portas ao p\u00fablico consumidor. Esse setor sim sofrer\u00e1, inicial e temporariamente de acordo com a fase que a capital estiver, algumas restri\u00e7\u00f5es, tais como o hor\u00e1rio de funcionamento e percentual de ocupa\u00e7\u00e3o de suas depend\u00eancias. N\u00e3o pelo protocolo apresentado pelo Sincomavi junto com a FecomercioSP, mas sim em raz\u00e3o da legisla\u00e7\u00e3o, conforme anexo do j\u00e1 citado Decreto Municipal n\u00ba 59.473 (<strong><a href=\"https:\/\/sincomavi.org.br\/wp-content\/uploads\/2020\/06\/WhatsApp-Image-2020-06-08-at-16.03.43.jpeg\" target=\"_blank\" rel=\"noreferrer noopener\">fa\u00e7a o download aqui<\/a><\/strong>).<\/p>\n\n\n\n<h2 class=\"wp-block-heading\">3) Fortalecimento da representatividade<\/h2>\n\n\n\n<p>A decis\u00e3o da diretoria do Sincomavi em participar do protocolo de retomada encabe\u00e7ado pela Fecom\u00e9rcioSP baseou-se no fato da for\u00e7a e uni\u00e3o do com\u00e9rcio paulistano, pois \u00e9 ineg\u00e1vel que ela, representante de todos os sindicatos do Estado de S\u00e3o Paulo, tem maior for\u00e7a que uma entidade isolada, seja ela empresa, associa\u00e7\u00e3o ou sindicato.<\/p>\n\n\n\n<p>Finalmente, \u00e9 preciso alertar que ocorreu a comunica\u00e7\u00e3o, por diversas empresas representadas pelo Sincomavi, do contato de diferentes associa\u00e7\u00f5es e entidades convidando-as para participar, seguir ou fornecer sugest\u00f5es para eventuais outros \u201cprotocolos\u201d, j\u00e1 apresentados ou a serem apresentados.<\/p>\n\n\n\n<p>Temos a obriga\u00e7\u00e3o de lembrar o princ\u00edpio legal de representa\u00e7\u00e3o. Uma empresa representa seus interesses individualmente. Uma associa\u00e7\u00e3o representa s\u00f3 seus associados. Um sindicato representa as empresas da sua base econ\u00f4mica e territorial. Para ilustrar melhor, uma empresa n\u00e3o pode representar outras, uma associa\u00e7\u00e3o n\u00e3o pode representar quem n\u00e3o \u00e9 associado a ela e um sindicato de engenheiros n\u00e3o pode representar m\u00e9dicos. Tanto assim que o Sincomavi n\u00e3o pode representar atacadistas e nem ind\u00fastrias materiais de constru\u00e7\u00e3o ou vice-versa. Dessa forma, se mostra necess\u00e1rio esclarecer que a fiscaliza\u00e7\u00e3o municipal pode exigir que seja cumprido o protocolo assinado pelo Sincomavi, que \u00e9 o \u00fanico representante legal das empresas varejistas compreendidas em sua base econ\u00f4mica e territorial.<\/p>\n\n\n<style>.wp-block-kadence-spacer.kt-block-spacer-_8e38d7-9e .kt-block-spacer{height:60px;}.wp-block-kadence-spacer.kt-block-spacer-_8e38d7-9e .kt-divider{border-top-width:1px;height:1px;border-top-color:#eee;width:80%;border-top-style:solid;}<\/style>\n<div class=\"wp-block-kadence-spacer aligncenter kt-block-spacer-_8e38d7-9e\"><div class=\"kt-block-spacer kt-block-spacer-halign-center\" style=\"height:60px\"><hr class=\"kt-divider\" style=\"border-top-color:rgba(238, 238, 238, 1);border-top-width:1px;width:80%;border-top-style:solid\"\/><\/div><\/div>\n","protected":false},"excerpt":{"rendered":"<p>08\/06\/2020 | Tendo em vista os diversos setores varejistas representados pelo Sincomavi e o grande n\u00famero de consultas das empresas sediadas na capital a respeito do assunto, o Sincomavi complementa as mat\u00e9rias publicadas em 01 de junho de 2020 e em 05 de junho de 2020, quanto aos seguintes itens: 1) &nbsp;Empresas dos ramos de [&hellip;]<\/p>\n","protected":false},"author":1,"featured_media":3692,"comment_status":"closed","ping_status":"open","sticky":false,"template":"","format":"standard","meta":{"tdm_status":"","tdm_grid_status":"","footnotes":""},"categories":[153],"tags":[349,397,247,422,219],"class_list":["post-3691","post","type-post","status-publish","format-standard","has-post-thumbnail","hentry","category-noticias","tag-coronavirus","tag-covid-19","tag-pmsp","tag-protocolo","tag-sao-paulo"],"amp_enabled":true,"_links":{"self":[{"href":"https:\/\/sincomavi.org.br\/index.php?rest_route=\/wp\/v2\/posts\/3691","targetHints":{"allow":["GET"]}}],"collection":[{"href":"https:\/\/sincomavi.org.br\/index.php?rest_route=\/wp\/v2\/posts"}],"about":[{"href":"https:\/\/sincomavi.org.br\/index.php?rest_route=\/wp\/v2\/types\/post"}],"author":[{"embeddable":true,"href":"https:\/\/sincomavi.org.br\/index.php?rest_route=\/wp\/v2\/users\/1"}],"replies":[{"embeddable":true,"href":"https:\/\/sincomavi.org.br\/index.php?rest_route=%2Fwp%2Fv2%2Fcomments&post=3691"}],"version-history":[{"count":5,"href":"https:\/\/sincomavi.org.br\/index.php?rest_route=\/wp\/v2\/posts\/3691\/revisions"}],"predecessor-version":[{"id":3749,"href":"https:\/\/sincomavi.org.br\/index.php?rest_route=\/wp\/v2\/posts\/3691\/revisions\/3749"}],"wp:featuredmedia":[{"embeddable":true,"href":"https:\/\/sincomavi.org.br\/index.php?rest_route=\/wp\/v2\/media\/3692"}],"wp:attachment":[{"href":"https:\/\/sincomavi.org.br\/index.php?rest_route=%2Fwp%2Fv2%2Fmedia&parent=3691"}],"wp:term":[{"taxonomy":"category","embeddable":true,"href":"https:\/\/sincomavi.org.br\/index.php?rest_route=%2Fwp%2Fv2%2Fcategories&post=3691"},{"taxonomy":"post_tag","embeddable":true,"href":"https:\/\/sincomavi.org.br\/index.php?rest_route=%2Fwp%2Fv2%2Ftags&post=3691"}],"curies":[{"name":"wp","href":"https:\/\/api.w.org\/{rel}","templated":true}]}}