{"id":3654,"date":"2020-06-04T11:37:24","date_gmt":"2020-06-04T14:37:24","guid":{"rendered":"https:\/\/sincomavi.org.br\/?p=3654"},"modified":"2020-06-04T11:37:25","modified_gmt":"2020-06-04T14:37:25","slug":"pedidos-de-falencia-sobem","status":"publish","type":"post","link":"https:\/\/sincomavi.org.br\/?p=3654","title":{"rendered":"Pedidos de fal\u00eancia sobem"},"content":{"rendered":"\n<p>Levantamento realizado pela Boa Vista revela que os pedidos de fal\u00eancia contaram com um aumento de 30% em maio, na compara\u00e7\u00e3o com abril. Mantida a base de compara\u00e7\u00e3o, os pedidos de recupera\u00e7\u00e3o judicial e as recupera\u00e7\u00f5es judiciais deferidas subiram 68,6% e 61,5%, respectivamente. Por outro lado, as fal\u00eancias decretadas registraram queda de 3,3% na varia\u00e7\u00e3o mensal.<\/p>\n\n\n\n<p>Na an\u00e1lise acumulada em 12 meses, os pedidos de recupera\u00e7\u00e3o judicial apresentaram alta de 3,7%, assim como as recupera\u00e7\u00f5es judiciais deferidas (2,4%). No sentido contr\u00e1rio, os pedidos de fal\u00eancia ca\u00edram 25% e as fal\u00eancias decretadas 21,6%, mantida a base de compara\u00e7\u00e3o.<\/p>\n\n\n\n<div class=\"wp-block-image\"><figure class=\"aligncenter size-large\"><img loading=\"lazy\" decoding=\"async\" width=\"500\" height=\"112\" src=\"https:\/\/sincomavi.org.br\/wp-content\/uploads\/2020\/06\/BV.png\" alt=\"\" class=\"wp-image-3655\" srcset=\"https:\/\/sincomavi.org.br\/wp-content\/uploads\/2020\/06\/BV.png 500w, https:\/\/sincomavi.org.br\/wp-content\/uploads\/2020\/06\/BV-300x67.png 300w\" sizes=\"auto, (max-width: 500px) 100vw, 500px\" \/><\/figure><\/div>\n\n\n\n<p>Para os analistas da Boa Vista, de acordo com os resultados acumulados em 12 meses, ainda se observa a continuidade da tend\u00eancia de queda nos pedidos de fal\u00eancia e fal\u00eancias decretadas. \u201cNo entanto, esse movimento estava atrelado \u00e0 melhora nas condi\u00e7\u00f5es econ\u00f4micas apresentada entre 2017 e o in\u00edcio deste ano. Agora, com os impactos econ\u00f4micos causados pela chegada do novo coronav\u00edrus, e como j\u00e1 observado na an\u00e1lise mensal, a tend\u00eancia \u00e9 de que as empresas encontrem maiores dificuldades em dar continuidade a esse movimento nos pr\u00f3ximos meses\u201d.<\/p>\n\n\n\n<p>Redu\u00e7\u00e3o no faturamento<\/p>\n\n\n\n<p>A Boa Vista tamb\u00e9m fez uma pesquisa com as micro e pequenas empresas sobre as perspectivas de faturamento para os pr\u00f3ximos 90 dias: 76% dos empres\u00e1rios ouvidos acreditam em retra\u00e7\u00e3o e, destes, 52% consideram que haver\u00e1 redu\u00e7\u00e3o acima de 50% nos pr\u00f3ximos tr\u00eas meses. A pesquisa ouviu cerca de 400 micro e pequenos empres\u00e1rios, dos setores Com\u00e9rcio e Servi\u00e7os.<\/p>\n\n\n\n<div class=\"wp-block-image\"><figure class=\"aligncenter size-large\"><img loading=\"lazy\" decoding=\"async\" width=\"500\" height=\"194\" src=\"https:\/\/sincomavi.org.br\/wp-content\/uploads\/2020\/06\/BV1.png\" alt=\"\" class=\"wp-image-3656\" srcset=\"https:\/\/sincomavi.org.br\/wp-content\/uploads\/2020\/06\/BV1.png 500w, https:\/\/sincomavi.org.br\/wp-content\/uploads\/2020\/06\/BV1-300x116.png 300w\" sizes=\"auto, (max-width: 500px) 100vw, 500px\" \/><\/figure><\/div>\n\n\n\n<p>Para 75% dos micro e pequenos empres\u00e1rios, a principal preocupa\u00e7\u00e3o \u00e9 em rela\u00e7\u00e3o \u00e0s despesas com aluguel, energia e manuten\u00e7\u00e3o, ou seja, os gastos necess\u00e1rios para manter a empresa funcionando. Controlar as finan\u00e7as com maior afinco passou a ser um h\u00e1bito di\u00e1rio para as MPEs, independentemente do setor. Cerca de sete a cada dez empres\u00e1rios (68% dos consultados) est\u00e3o fazendo o balan\u00e7o financeiro diariamente.<br><\/p>\n","protected":false},"excerpt":{"rendered":"<p>Levantamento realizado pela Boa Vista revela que os pedidos de fal\u00eancia contaram com um aumento de 30% em maio, na compara\u00e7\u00e3o com abril. Mantida a base de compara\u00e7\u00e3o, os pedidos de recupera\u00e7\u00e3o judicial e as recupera\u00e7\u00f5es judiciais deferidas subiram 68,6% e 61,5%, respectivamente. Por outro lado, as fal\u00eancias decretadas registraram queda de 3,3% na varia\u00e7\u00e3o [&hellip;]<\/p>\n","protected":false},"author":1,"featured_media":3657,"comment_status":"closed","ping_status":"open","sticky":false,"template":"","format":"standard","meta":{"tdm_status":"","tdm_grid_status":"","footnotes":""},"categories":[153],"tags":[199,349,397,156,420,421,417],"class_list":["post-3654","post","type-post","status-publish","format-standard","has-post-thumbnail","hentry","category-noticias","tag-comercio","tag-coronavirus","tag-covid-19","tag-economia","tag-falencias","tag-pmes","tag-servicos"],"amp_enabled":true,"_links":{"self":[{"href":"https:\/\/sincomavi.org.br\/index.php?rest_route=\/wp\/v2\/posts\/3654","targetHints":{"allow":["GET"]}}],"collection":[{"href":"https:\/\/sincomavi.org.br\/index.php?rest_route=\/wp\/v2\/posts"}],"about":[{"href":"https:\/\/sincomavi.org.br\/index.php?rest_route=\/wp\/v2\/types\/post"}],"author":[{"embeddable":true,"href":"https:\/\/sincomavi.org.br\/index.php?rest_route=\/wp\/v2\/users\/1"}],"replies":[{"embeddable":true,"href":"https:\/\/sincomavi.org.br\/index.php?rest_route=%2Fwp%2Fv2%2Fcomments&post=3654"}],"version-history":[{"count":1,"href":"https:\/\/sincomavi.org.br\/index.php?rest_route=\/wp\/v2\/posts\/3654\/revisions"}],"predecessor-version":[{"id":3658,"href":"https:\/\/sincomavi.org.br\/index.php?rest_route=\/wp\/v2\/posts\/3654\/revisions\/3658"}],"wp:featuredmedia":[{"embeddable":true,"href":"https:\/\/sincomavi.org.br\/index.php?rest_route=\/wp\/v2\/media\/3657"}],"wp:attachment":[{"href":"https:\/\/sincomavi.org.br\/index.php?rest_route=%2Fwp%2Fv2%2Fmedia&parent=3654"}],"wp:term":[{"taxonomy":"category","embeddable":true,"href":"https:\/\/sincomavi.org.br\/index.php?rest_route=%2Fwp%2Fv2%2Fcategories&post=3654"},{"taxonomy":"post_tag","embeddable":true,"href":"https:\/\/sincomavi.org.br\/index.php?rest_route=%2Fwp%2Fv2%2Ftags&post=3654"}],"curies":[{"name":"wp","href":"https:\/\/api.w.org\/{rel}","templated":true}]}}