{"id":3629,"date":"2020-06-02T15:25:43","date_gmt":"2020-06-02T18:25:43","guid":{"rendered":"https:\/\/sincomavi.org.br\/?p=3629"},"modified":"2020-06-04T16:49:08","modified_gmt":"2020-06-04T19:49:08","slug":"camara-de-conciliacao-trabalhista-oferece-varias-vantagens","status":"publish","type":"post","link":"https:\/\/sincomavi.org.br\/?p=3629","title":{"rendered":"C\u00e2mara de concilia\u00e7\u00e3o trabalhista oferece v\u00e1rias vantagens"},"content":{"rendered":"\n<p>A Cintec-SP (C\u00e2mara Intersindical de Concilia\u00e7\u00e3o Trabalhista do Com\u00e9rcio), constitu\u00edda pelos sindicatos patronais e laboral, tem como finalidade proporcionar a solu\u00e7\u00e3o das controv\u00e9rsias trabalhistas, sem a interfer\u00eancia do Poder Judici\u00e1rio, amparada e de acordo com a Lei 9.958\/2000 e inserida na CLT Art. 625-A a 625-H.<\/p>\n\n\n\n<div class=\"wp-block-image\"><figure class=\"aligncenter size-large\"><img loading=\"lazy\" decoding=\"async\" width=\"600\" height=\"244\" src=\"https:\/\/sincomavi.org.br\/wp-content\/uploads\/2020\/06\/AVISO_CINTEC.jpg\" alt=\"\" class=\"wp-image-3677\" srcset=\"https:\/\/sincomavi.org.br\/wp-content\/uploads\/2020\/06\/AVISO_CINTEC.jpg 600w, https:\/\/sincomavi.org.br\/wp-content\/uploads\/2020\/06\/AVISO_CINTEC-300x122.jpg 300w\" sizes=\"auto, (max-width: 600px) 100vw, 600px\" \/><\/figure><\/div>\n\n\n\n<p>Em fun\u00e7\u00e3o da pandemia do COVID-19, respeitando o isolamento social e visando a prote\u00e7\u00e3o de todos, a Cintec-SP est\u00e1 realizando as audi\u00eancias de duas formas: \u201cremotamente\u201d, por meio de v\u00eddeo confer\u00eancia gravada e por assinatura digital, com objetivo de evitar a circula\u00e7\u00e3o e a aglomera\u00e7\u00e3o de pessoas, e \u201cpresencialmente\u201d, com dia e hora previamente agendados, tomando-se todos os cuidados necess\u00e1rios para a seguran\u00e7a \u00e0 sa\u00fade dos demandantes, dos conciliadores e demais envolvidos.<\/p>\n\n\n\n<p>Qualquer interessado pode solicitar a tentativa de acordo. Para tanto, basta entrar em contato pelos telefones (11) 94589-3000 ou (11) 96337-8383. Para maior comodidade, tamb\u00e9m pode ser enviada uma mensagem via WhatsApp ou para o e-mail <a href=\"mailto:cintec@conciliarsolucoes.com.br\">cintec@conciliarsolucoes.com.br<\/a> com todos os dados (nome completo, e-mail e telefone), que ser\u00e1 feito um contato logo em seguida.<\/p>\n\n\n\n<p>Dessa forma, ser\u00e3o esclarecidas d\u00favidas, colhidas informa\u00e7\u00f5es e documentos necess\u00e1rios para, na sequ\u00eancia, ser convidada a outra parte para a Audi\u00eancia de Tentativa de Concilia\u00e7\u00e3o. Tudo muito \u00e1gil e sem burocracia!<\/p>\n\n\n\n<p>Reinaldo Pedro Correa, presidente do Sincomavi, ressalta o papel importante desempenhado pelas comiss\u00f5es de concilia\u00e7\u00e3o pr\u00e9via trabalhista por serem capazes de proporcionar aos interessados maior seguran\u00e7a, rapidez na solu\u00e7\u00e3o de conflitos e economia de recursos. \u201cIsso porque todo o processo \u00e9 acompanhado por um representante dos empregados e outro dos empregadores, sem a burocracia da Justi\u00e7a do Trabalho, o que reduz substancialmente o tempo e os custos do acordo.\u201d<\/p>\n\n\n\n<h3 class=\"wp-block-heading\">Benef\u00edcios:<\/h3>\n\n\n\n<ul class=\"wp-block-list\"><li>Rapidez na solu\u00e7\u00e3o dos conflitos trabalhistas<\/li><li>Baixo custo para o empregador e nenhum custo para o empregado<\/li><li>Assist\u00eancia de conciliadores nomeados pelo sindicato patronal e pelo sindicato laboral<\/li><li>Acordo realizado constitui t\u00edtulo executivo extrajudicial, com efic\u00e1cia liberat\u00f3ria geral, salvo quanto \u00e0s parcelas ressalvadas<\/li><li>Seguran\u00e7a e total sigilo<\/li><li>Maior satisfa\u00e7\u00e3o e menor desgaste \u00e0s partes<\/li><li>A\u00e7\u00e3o pedag\u00f3gica de est\u00edmulo \u00e0 negocia\u00e7\u00e3o entre as partes<\/li><li>Desafogamento da Justi\u00e7a do Trabalho.<\/li><\/ul>\n\n\n\n<p>A Conciliar Solu\u00e7\u00f5es, com mais de 20 anos de experi\u00eancia em administra\u00e7\u00e3o de n\u00facleos de concilia\u00e7\u00e3o e solu\u00e7\u00f5es extrajudiciais de conflitos, \u00e9 a gestora da Cintec-SP.<\/p>\n\n\n\n<figure class=\"wp-block-image size-large\"><img loading=\"lazy\" decoding=\"async\" width=\"800\" height=\"200\" src=\"https:\/\/sincomavi.org.br\/wp-content\/uploads\/2020\/06\/CINTEC_CONCILIAR.png\" alt=\"\" class=\"wp-image-3662\" srcset=\"https:\/\/sincomavi.org.br\/wp-content\/uploads\/2020\/06\/CINTEC_CONCILIAR.png 800w, https:\/\/sincomavi.org.br\/wp-content\/uploads\/2020\/06\/CINTEC_CONCILIAR-300x75.png 300w, https:\/\/sincomavi.org.br\/wp-content\/uploads\/2020\/06\/CINTEC_CONCILIAR-768x192.png 768w, https:\/\/sincomavi.org.br\/wp-content\/uploads\/2020\/06\/CINTEC_CONCILIAR-640x160.png 640w, https:\/\/sincomavi.org.br\/wp-content\/uploads\/2020\/06\/CINTEC_CONCILIAR-681x170.png 681w\" sizes=\"auto, (max-width: 800px) 100vw, 800px\" \/><\/figure>\n\n\n<style>.wp-block-kadence-spacer.kt-block-spacer-_3cf155-16 .kt-block-spacer{height:60px;}.wp-block-kadence-spacer.kt-block-spacer-_3cf155-16 .kt-divider{border-top-width:1px;height:1px;border-top-color:#eee;width:80%;border-top-style:solid;}<\/style>\n<div class=\"wp-block-kadence-spacer aligncenter kt-block-spacer-_3cf155-16\"><div class=\"kt-block-spacer kt-block-spacer-halign-center\" style=\"height:60px\"><hr class=\"kt-divider\" style=\"border-top-color:rgba(238, 238, 238, 1);border-top-width:1px;width:80%;border-top-style:solid\"\/><\/div><\/div>\n","protected":false},"excerpt":{"rendered":"<p>A Cintec-SP (C\u00e2mara Intersindical de Concilia\u00e7\u00e3o Trabalhista do Com\u00e9rcio), constitu\u00edda pelos sindicatos patronais e laboral, tem como finalidade proporcionar a solu\u00e7\u00e3o das controv\u00e9rsias trabalhistas, sem a interfer\u00eancia do Poder Judici\u00e1rio, amparada e de acordo com a Lei 9.958\/2000 e inserida na CLT Art. 625-A a 625-H. Em fun\u00e7\u00e3o da pandemia do COVID-19, respeitando o isolamento [&hellip;]<\/p>\n","protected":false},"author":1,"featured_media":3630,"comment_status":"closed","ping_status":"open","sticky":false,"template":"","format":"standard","meta":{"tdm_status":"","tdm_grid_status":"","footnotes":""},"categories":[153],"tags":[363],"class_list":["post-3629","post","type-post","status-publish","format-standard","has-post-thumbnail","hentry","category-noticias","tag-relacoes-trabalhistas"],"amp_enabled":true,"_links":{"self":[{"href":"https:\/\/sincomavi.org.br\/index.php?rest_route=\/wp\/v2\/posts\/3629","targetHints":{"allow":["GET"]}}],"collection":[{"href":"https:\/\/sincomavi.org.br\/index.php?rest_route=\/wp\/v2\/posts"}],"about":[{"href":"https:\/\/sincomavi.org.br\/index.php?rest_route=\/wp\/v2\/types\/post"}],"author":[{"embeddable":true,"href":"https:\/\/sincomavi.org.br\/index.php?rest_route=\/wp\/v2\/users\/1"}],"replies":[{"embeddable":true,"href":"https:\/\/sincomavi.org.br\/index.php?rest_route=%2Fwp%2Fv2%2Fcomments&post=3629"}],"version-history":[{"count":8,"href":"https:\/\/sincomavi.org.br\/index.php?rest_route=\/wp\/v2\/posts\/3629\/revisions"}],"predecessor-version":[{"id":3678,"href":"https:\/\/sincomavi.org.br\/index.php?rest_route=\/wp\/v2\/posts\/3629\/revisions\/3678"}],"wp:featuredmedia":[{"embeddable":true,"href":"https:\/\/sincomavi.org.br\/index.php?rest_route=\/wp\/v2\/media\/3630"}],"wp:attachment":[{"href":"https:\/\/sincomavi.org.br\/index.php?rest_route=%2Fwp%2Fv2%2Fmedia&parent=3629"}],"wp:term":[{"taxonomy":"category","embeddable":true,"href":"https:\/\/sincomavi.org.br\/index.php?rest_route=%2Fwp%2Fv2%2Fcategories&post=3629"},{"taxonomy":"post_tag","embeddable":true,"href":"https:\/\/sincomavi.org.br\/index.php?rest_route=%2Fwp%2Fv2%2Ftags&post=3629"}],"curies":[{"name":"wp","href":"https:\/\/api.w.org\/{rel}","templated":true}]}}