{"id":3598,"date":"2020-06-02T08:47:27","date_gmt":"2020-06-02T11:47:27","guid":{"rendered":"https:\/\/sincomavi.org.br\/?p=3598"},"modified":"2020-06-16T17:27:55","modified_gmt":"2020-06-16T20:27:55","slug":"covid-19-prefeituras-publicam-novos-decretos","status":"publish","type":"post","link":"https:\/\/sincomavi.org.br\/?p=3598","title":{"rendered":"Covid-19: prefeituras publicam novos decretos"},"content":{"rendered":"\n<p>15\/06\/2020 | 11h16 | Algumas administra\u00e7\u00f5es municipais da Regi\u00e3o Metropolitana de S\u00e3o Paulo (RMSP) deram in\u00edcio a publica\u00e7\u00e3o de decretos que estabelecem as diretrizes para o funcionamento do com\u00e9rcio. Confira abaixo os documentos oficiais e avisos mais recentes:<\/p>\n\n\n\n<ul class=\"wp-block-list\"><li><strong><a href=\"https:\/\/sincomavi.org.br\/wp-content\/uploads\/2020\/06\/aruja_DO_221_20200529.pdf\" target=\"_blank\" rel=\"noreferrer noopener\">Aruja<\/a><\/strong><\/li><\/ul>\n\n\n\n<ul class=\"wp-block-list\"><li><a href=\"https:\/\/sincomavi.org.br\/wp-content\/uploads\/2020\/06\/9.147-de-2020-PRORROGA\u00c7\u00c3O-QUARENTENA-SERVI\u00c7O-N\u00c3O-ESSENCIAL-E-PLANO-S\u00c3O-PAULO-2020-1.pdf\" target=\"_blank\" rel=\"noreferrer noopener\"><strong>Barueri<\/strong><\/a><\/li><\/ul>\n\n\n\n<ul class=\"wp-block-list\"><li><a rel=\"noreferrer noopener\" href=\"https:\/\/sincomavi.org.br\/wp-content\/uploads\/2020\/06\/biritibamirim_decreto.pdf\" target=\"_blank\"><strong>Biritiba<\/strong><\/a><a href=\"https:\/\/sincomavi.org.br\/wp-content\/uploads\/2020\/06\/biritibamirim_decreto.pdf\" target=\"_blank\" rel=\"noreferrer noopener\"><strong> <\/strong><\/a><a rel=\"noreferrer noopener\" href=\"https:\/\/sincomavi.org.br\/wp-content\/uploads\/2020\/06\/biritibamirim_decreto.pdf\" target=\"_blank\"><strong>Mirim<\/strong><\/a><\/li><\/ul>\n\n\n\n<ul class=\"wp-block-list\"><li><a href=\"https:\/\/sincomavi.org.br\/capital-prorrogacao-de-quarentena-e-entrega-de-protocolo\/\"><strong>Capital (PMSP)<\/strong><\/a><\/li><\/ul>\n\n\n\n<ul class=\"wp-block-list\"><li><a href=\"https:\/\/sincomavi.org.br\/wp-content\/uploads\/2020\/06\/documento_pdf_08639_046786_CAIEIRAS.pdf\" target=\"_blank\" rel=\"noreferrer noopener\"><strong>Caieiras<\/strong><\/a><\/li><\/ul>\n\n\n\n<ul class=\"wp-block-list\"><li><a rel=\"noreferrer noopener\" href=\"https:\/\/sincomavi.org.br\/wp-content\/uploads\/2020\/06\/CAJAMAR_12-06-edicao-254.pdf\" target=\"_blank\"><strong>Cajamar<\/strong><\/a><\/li><\/ul>\n\n\n\n<ul class=\"wp-block-list\"><li><a href=\"https:\/\/sincomavi.org.br\/wp-content\/uploads\/2020\/06\/Decreto-8721-2020-de-Cotia-SP.pdf\" target=\"_blank\" rel=\"noreferrer noopener\"><strong>Cotia<\/strong><\/a><\/li><\/ul>\n\n\n\n<ul class=\"wp-block-list\"><li><a href=\"https:\/\/sincomavi.org.br\/wp-content\/uploads\/2020\/06\/diadema.pdf\" target=\"_blank\" rel=\"noreferrer noopener\"><strong>Diadema<\/strong><\/a><\/li><\/ul>\n\n\n\n<ul class=\"wp-block-list\"><li><a href=\"https:\/\/sincomavi.org.br\/wp-content\/uploads\/2020\/06\/EMBUDASARTES_Dec._1987.2020.pdf\" target=\"_blank\" rel=\"noreferrer noopener\"><strong>Embu das Artes<\/strong><\/a><\/li><\/ul>\n\n\n\n<ul class=\"wp-block-list\"><li><strong><a rel=\"noreferrer noopener\" href=\"https:\/\/sincomavi.org.br\/wp-content\/uploads\/2020\/06\/embu_gua\u00e7u_a_7_0_1_29052020174729.pdf\" target=\"_blank\">Embu-gua\u00e7u 1<\/a><\/strong><br><a rel=\"noreferrer noopener\" href=\"https:\/\/sincomavi.org.br\/wp-content\/uploads\/2020\/06\/embubucu_a_7_0_1_05062020124657.pdf\" target=\"_blank\"><strong>&#8211; novo decreto 2<\/strong><\/a><\/li><\/ul>\n\n\n\n<ul class=\"wp-block-list\"><li><a href=\"https:\/\/sincomavi.org.br\/wp-content\/uploads\/2020\/06\/FERRAZ_edi\u00e7\u00e3o-352.pdf\" target=\"_blank\" rel=\"noreferrer noopener\"><strong>Ferraz de Vasconcelos<\/strong><\/a><\/li><\/ul>\n\n\n\n<ul class=\"wp-block-list\"><li><a href=\"https:\/\/sincomavi.org.br\/wp-content\/uploads\/2020\/06\/FRANCISCO_2351371.pdf\" target=\"_blank\" rel=\"noreferrer noopener\"><strong>Francisco Morato<\/strong><\/a><\/li><\/ul>\n\n\n\n<ul class=\"wp-block-list\"><li><a rel=\"noreferrer noopener\" href=\"https:\/\/sincomavi.org.br\/wp-content\/uploads\/2020\/06\/FRANCODAROCHA_anexo_5ed5772660988.pdf\" target=\"_blank\"><strong>Franco da Rocha (2 arquivos)<\/strong><\/a><br>&#8211; <a rel=\"noreferrer noopener\" href=\"https:\/\/sincomavi.org.br\/wp-content\/uploads\/2020\/06\/FRANCODAROCHA_anexo_5ed578e10034d.pdf\" target=\"_blank\"><strong>Protocolo Sanit\u00e1rio<\/strong><\/a><\/li><\/ul>\n\n\n\n<ul class=\"wp-block-list\"><li><a href=\"https:\/\/sincomavi.org.br\/wp-content\/uploads\/2020\/06\/GUARAREMA_DECRETO-3886-prorrogacao-quarentena.pdf\" target=\"_blank\" rel=\"noreferrer noopener\"><strong>Guararema<\/strong><\/a><\/li><\/ul>\n\n\n\n<ul class=\"wp-block-list\"><li><a href=\"https:\/\/sincomavi.org.br\/wp-content\/uploads\/2020\/06\/GUARULHOS_1_36884decr.pdf\" target=\"_blank\" rel=\"noreferrer noopener\"><strong>Guarulhos<\/strong><\/a><br>&#8211; <a href=\"https:\/\/sincomavi.org.br\/wp-content\/uploads\/2020\/06\/GUARULHOS_2_36757decr.pdf\" target=\"_blank\" rel=\"noreferrer noopener\"><strong>Decreto anterior<\/strong><\/a><\/li><\/ul>\n\n\n\n<ul class=\"wp-block-list\"><li><a href=\"https:\/\/sincomavi.org.br\/wp-content\/uploads\/2020\/06\/ITAPECERICA1_a_9_0_1_28052020192621.pdf\" target=\"_blank\" rel=\"noreferrer noopener\"><strong>Itapecerica da Serra<\/strong><\/a><br>&#8211; <a href=\"https:\/\/sincomavi.org.br\/wp-content\/uploads\/2020\/06\/ITAPECERICA_a_9_0_1_30052020090630.pdf\" target=\"_blank\" rel=\"noreferrer noopener\"><strong>Documento 2<\/strong><\/a><\/li><\/ul>\n\n\n\n<ul class=\"wp-block-list\"><li><strong>Itapevi<\/strong><br><a href=\"https:\/\/sincomavi.org.br\/wp-content\/uploads\/2020\/06\/reabreitapevi.pdf\" target=\"_blank\" rel=\"noreferrer noopener\"><strong>Programa Reabre Itapevi<\/strong><\/a><\/li><\/ul>\n\n\n\n<ul class=\"wp-block-list\"><li><a href=\"https:\/\/sincomavi.org.br\/wp-content\/uploads\/2020\/06\/ITAQUA_Decreto-7827-2020-Flexibiliza-o-funcionamento-do-comercio-covi19-11-06-2020-2.pdf\" target=\"_blank\" rel=\"noreferrer noopener\"><strong>Itaquaquecetuba<\/strong><\/a><\/li><\/ul>\n\n\n\n<ul class=\"wp-block-list\"><li><a href=\"https:\/\/sincomavi.org.br\/wp-content\/uploads\/2020\/06\/JANDIRA_dec-4236-15-jun-2020-prorroga-quarentena.pdf\" target=\"_blank\" rel=\"noreferrer noopener\"><strong>Jandira<\/strong><\/a><\/li><\/ul>\n\n\n\n<ul class=\"wp-block-list\"><li><a href=\"https:\/\/sincomavi.org.br\/wp-content\/uploads\/2020\/06\/MAIRIPORA_ImprensaOficial_PMM_Edicao_926-1.pdf-D4Sign-1.pdf\" target=\"_blank\" rel=\"noreferrer noopener\"><strong>Mairipor\u00e3<\/strong><\/a><\/li><\/ul>\n\n\n\n<ul class=\"wp-block-list\"><li><a href=\"https:\/\/sincomavi.org.br\/wp-content\/uploads\/2020\/06\/MAUA_Decreto-8716.pdf\" target=\"_blank\" rel=\"noreferrer noopener\"><strong>Mau\u00e1<\/strong><\/a><\/li><\/ul>\n\n\n\n<ul class=\"wp-block-list\"><li><strong>Mogi das Cruzes<\/strong><br><a href=\"http:\/\/www.mogidascruzes.sp.gov.br\/pagina\/secretaria-de-saude\/flexibilizacao-da-quarentena\" target=\"_blank\" rel=\"noreferrer noopener\"><strong>Aviso de reabertura do com\u00e9rcio<\/strong><\/a><\/li><\/ul>\n\n\n\n<ul class=\"wp-block-list\"><li><a href=\"https:\/\/sincomavi.org.br\/wp-content\/uploads\/2020\/06\/Osasco_1590797628_7.pdf\" target=\"_blank\" rel=\"noreferrer noopener\"><strong>Osasco<\/strong><\/a><\/li><\/ul>\n\n\n\n<ul class=\"wp-block-list\"><li><a href=\"https:\/\/sincomavi.org.br\/wp-content\/uploads\/2020\/06\/PIRAPORA_DECRETO-5728-2020.pdf\" target=\"_blank\" rel=\"noreferrer noopener\"><strong>Pirapora do Bom Jesus<\/strong><\/a><\/li><\/ul>\n\n\n\n<ul class=\"wp-block-list\"><li><strong>Po\u00e1<\/strong><br><a rel=\"noreferrer noopener\" href=\"https:\/\/prefeituradepoa.sp.gov.br\/aviso-importante-retomada-das-atividades\/\" target=\"_blank\"><strong>Aviso de reabertura do com\u00e9rcio<\/strong><\/a><\/li><\/ul>\n\n\n\n<ul class=\"wp-block-list\"><li><a href=\"https:\/\/sincomavi.org.br\/wp-content\/uploads\/2020\/06\/RGS_Decreto-2706-atividades-n\u00e3o-essenciais.pdf\" target=\"_blank\" rel=\"noreferrer noopener\"><strong>Rio Grande da Serra<\/strong><\/a><\/li><\/ul>\n\n\n\n<ul class=\"wp-block-list\"><li><strong><a href=\"https:\/\/sincomavi.org.br\/wp-content\/uploads\/2020\/06\/SALESOPOLIS.pdf\" target=\"_blank\" rel=\"noreferrer noopener\">Sales\u00f3polis<\/a><\/strong><\/li><\/ul>\n\n\n\n<ul class=\"wp-block-list\"><li><a href=\"https:\/\/sincomavi.org.br\/wp-content\/uploads\/2020\/06\/SANTA_ISABEL.pdf\" target=\"_blank\" rel=\"noreferrer noopener\"><strong>Santa Isabel<\/strong><\/a><\/li><\/ul>\n\n\n\n<ul class=\"wp-block-list\"><li><strong>Santana de Parna\u00edba<\/strong><br><a rel=\"noreferrer noopener\" href=\"https:\/\/www.santanadeparnaiba.sp.gov.br\/noticias_13\/materias\/2020\/10-06-comercios.html\" target=\"_blank\"><strong>Aviso de reabertura do com\u00e9rcio<\/strong><\/a><br><a rel=\"noreferrer noopener\" href=\"https:\/\/sincomavi.org.br\/wp-content\/uploads\/2020\/06\/SANTANA_4383-Coronav\u00edrus-Zona-Laranja-5.pdf\" target=\"_blank\"><strong>&#8211; Decreto<\/strong><\/a><br><a href=\"https:\/\/sincomavi.org.br\/wp-content\/uploads\/2020\/06\/SANTANA_termo-compromisso.pdf\" target=\"_blank\" rel=\"noreferrer noopener\"><strong>&#8211; Termo de Compromisso<\/strong><\/a><\/li><\/ul>\n\n\n\n<ul class=\"wp-block-list\"><li><a rel=\"noreferrer noopener\" href=\"https:\/\/sincomavi.org.br\/wp-content\/uploads\/2020\/06\/SANTOANDRE2272-4.pdf\" target=\"_blank\"><strong>Santo Andr\u00e9<\/strong><\/a><\/li><\/ul>\n\n\n\n<ul class=\"wp-block-list\"><li><a href=\"https:\/\/sincomavi.org.br\/wp-content\/uploads\/2020\/06\/SAOBERNARDO_NM-2151-Especial-de-12.06.2020-Conte\u00fado-Integral.pdf\" target=\"_blank\" rel=\"noreferrer noopener\"><strong>S\u00e3o Bernardo do Campo<\/strong><\/a><\/li><\/ul>\n\n\n\n<ul class=\"wp-block-list\"><li><a href=\"http:\/\/diariooficial.saocaetanodosul.sp.gov.br\/publico\/Default.aspx\" target=\"_blank\" rel=\"noreferrer noopener\"><strong>S\u00e3o Caetano do Sul<\/strong><\/a><\/li><\/ul>\n\n\n\n<ul class=\"wp-block-list\"><li><a href=\"https:\/\/sincomavi.org.br\/wp-content\/uploads\/2020\/06\/TABOAO_IMPRENSA-OFICIAL-914-web.pdf\"><strong>Tabo\u00e3o da Serra<\/strong><\/a><\/li><\/ul>\n\n\n\n<p>O departamento jur\u00eddico do Sincomavi aconselha os empres\u00e1rios do segmento a se manterem constantemente informados a respeito do tema, com a visita regular ao site do Sincomavi e das prefeituras, e sigam, de forma integral, o que foi determinado pela administra\u00e7\u00e3o municipal, para evitar problemas tamb\u00e9m na esfera estadual.<\/p>\n\n\n<style>.wp-block-kadence-spacer.kt-block-spacer-_aae1e6-f2 .kt-block-spacer{height:60px;}.wp-block-kadence-spacer.kt-block-spacer-_aae1e6-f2 .kt-divider{border-top-width:1px;height:1px;border-top-color:#eee;width:80%;border-top-style:solid;}<\/style>\n<div class=\"wp-block-kadence-spacer aligncenter kt-block-spacer-_aae1e6-f2\"><div class=\"kt-block-spacer kt-block-spacer-halign-center\" style=\"height:60px\"><hr class=\"kt-divider\" style=\"border-top-color:rgba(238, 238, 238, 1);border-top-width:1px;width:80%;border-top-style:solid\"\/><\/div><\/div>\n","protected":false},"excerpt":{"rendered":"<p>15\/06\/2020 | 11h16 | Algumas administra\u00e7\u00f5es municipais da Regi\u00e3o Metropolitana de S\u00e3o Paulo (RMSP) deram in\u00edcio a publica\u00e7\u00e3o de decretos que estabelecem as diretrizes para o funcionamento do com\u00e9rcio. Confira abaixo os documentos oficiais e avisos mais recentes: Aruja Barueri Biritiba Mirim Capital (PMSP) Caieiras Cajamar Cotia Diadema Embu das Artes Embu-gua\u00e7u 1&#8211; novo decreto [&hellip;]<\/p>\n","protected":false},"author":1,"featured_media":3602,"comment_status":"closed","ping_status":"open","sticky":false,"template":"","format":"standard","meta":{"tdm_status":"","tdm_grid_status":"","footnotes":""},"categories":[157],"tags":[380,199,349,397,283,216],"class_list":["post-3598","post","type-post","status-publish","format-standard","has-post-thumbnail","hentry","category-alerta","tag-abertura","tag-comercio","tag-coronavirus","tag-covid-19","tag-decreto","tag-rmsp"],"amp_enabled":true,"_links":{"self":[{"href":"https:\/\/sincomavi.org.br\/index.php?rest_route=\/wp\/v2\/posts\/3598","targetHints":{"allow":["GET"]}}],"collection":[{"href":"https:\/\/sincomavi.org.br\/index.php?rest_route=\/wp\/v2\/posts"}],"about":[{"href":"https:\/\/sincomavi.org.br\/index.php?rest_route=\/wp\/v2\/types\/post"}],"author":[{"embeddable":true,"href":"https:\/\/sincomavi.org.br\/index.php?rest_route=\/wp\/v2\/users\/1"}],"replies":[{"embeddable":true,"href":"https:\/\/sincomavi.org.br\/index.php?rest_route=%2Fwp%2Fv2%2Fcomments&post=3598"}],"version-history":[{"count":49,"href":"https:\/\/sincomavi.org.br\/index.php?rest_route=\/wp\/v2\/posts\/3598\/revisions"}],"predecessor-version":[{"id":4070,"href":"https:\/\/sincomavi.org.br\/index.php?rest_route=\/wp\/v2\/posts\/3598\/revisions\/4070"}],"wp:featuredmedia":[{"embeddable":true,"href":"https:\/\/sincomavi.org.br\/index.php?rest_route=\/wp\/v2\/media\/3602"}],"wp:attachment":[{"href":"https:\/\/sincomavi.org.br\/index.php?rest_route=%2Fwp%2Fv2%2Fmedia&parent=3598"}],"wp:term":[{"taxonomy":"category","embeddable":true,"href":"https:\/\/sincomavi.org.br\/index.php?rest_route=%2Fwp%2Fv2%2Fcategories&post=3598"},{"taxonomy":"post_tag","embeddable":true,"href":"https:\/\/sincomavi.org.br\/index.php?rest_route=%2Fwp%2Fv2%2Ftags&post=3598"}],"curies":[{"name":"wp","href":"https:\/\/api.w.org\/{rel}","templated":true}]}}