{"id":3583,"date":"2020-05-29T18:07:35","date_gmt":"2020-05-29T21:07:35","guid":{"rendered":"https:\/\/sincomavi.org.br\/?p=3583"},"modified":"2020-05-29T18:08:10","modified_gmt":"2020-05-29T21:08:10","slug":"prefeitura-intensifica-acoes-de-fiscalizacao-a-partir-de-segunda-feira","status":"publish","type":"post","link":"https:\/\/sincomavi.org.br\/?p=3583","title":{"rendered":"Prefeitura intensifica a\u00e7\u00f5es de fiscaliza\u00e7\u00e3o a partir de segunda-feira"},"content":{"rendered":"\n<p>29\/05\/2020 | A partir da pr\u00f3xima segunda-feira (01\/06), a&nbsp;Prefeitura de S\u00e3o Paulo ir\u00e1 intensificar as a\u00e7\u00f5es de fiscaliza\u00e7\u00e3o nos estabelecimentos comerciais da capital para verificar o cumprimento da quarentena institu\u00edda no munic\u00edpio. A quarentena \u00e9 necess\u00e1ria para aumentar o isolamento social e evitar a prolifera\u00e7\u00e3o da covid-19.<\/p>\n\n\n\n<p>As fiscaliza\u00e7\u00f5es s\u00e3o coordenadas pela Secretaria Municipal das Subprefeituras e tamb\u00e9m contam com o apoio da Guarda Civil Metropolitana (GCM).<\/p>\n\n\n\n<p>\u201cA Pol\u00edcia Militar tem colaborado com a Prefeitura nessas fiscaliza\u00e7\u00f5es. Quero deixar claro que, apesar da autoriza\u00e7\u00e3o dada pelo governo do Estado, os setores n\u00e3o come\u00e7am a reabrir no dia 1\u00b0 de junho\u201d, afirmou o prefeito Bruno Covas, durante coletiva realizada nesta sexta-feira ao lado do governador Jo\u00e3o Doria, no Pal\u00e1cio dos Bandeirantes, sede do governo do Estado.<\/p>\n\n\n\n<p><em>Fonte: Secretaria Especial de Comunica\u00e7\u00e3o da Prefeitura Municipal de S\u00e3o Paulo<\/em><\/p>\n\n\n<style>.wp-block-kadence-spacer.kt-block-spacer-_04c156-da .kt-block-spacer{height:60px;}.wp-block-kadence-spacer.kt-block-spacer-_04c156-da .kt-divider{border-top-width:1px;height:1px;border-top-color:#eee;width:80%;border-top-style:solid;}<\/style>\n<div class=\"wp-block-kadence-spacer aligncenter kt-block-spacer-_04c156-da\"><div class=\"kt-block-spacer kt-block-spacer-halign-center\" style=\"height:60px\"><hr class=\"kt-divider\" style=\"border-top-color:rgba(238, 238, 238, 1);border-top-width:1px;width:80%;border-top-style:solid\"\/><\/div><\/div>\n","protected":false},"excerpt":{"rendered":"<p>29\/05\/2020 | A partir da pr\u00f3xima segunda-feira (01\/06), a&nbsp;Prefeitura de S\u00e3o Paulo ir\u00e1 intensificar as a\u00e7\u00f5es de fiscaliza\u00e7\u00e3o nos estabelecimentos comerciais da capital para verificar o cumprimento da quarentena institu\u00edda no munic\u00edpio. A quarentena \u00e9 necess\u00e1ria para aumentar o isolamento social e evitar a prolifera\u00e7\u00e3o da covid-19. As fiscaliza\u00e7\u00f5es s\u00e3o coordenadas pela Secretaria Municipal das [&hellip;]<\/p>\n","protected":false},"author":1,"featured_media":3584,"comment_status":"closed","ping_status":"open","sticky":false,"template":"","format":"standard","meta":{"tdm_status":"","tdm_grid_status":"","footnotes":""},"categories":[157],"tags":[349,397,96,247],"class_list":["post-3583","post","type-post","status-publish","format-standard","has-post-thumbnail","hentry","category-alerta","tag-coronavirus","tag-covid-19","tag-fiscalizacao","tag-pmsp"],"amp_enabled":true,"_links":{"self":[{"href":"https:\/\/sincomavi.org.br\/index.php?rest_route=\/wp\/v2\/posts\/3583","targetHints":{"allow":["GET"]}}],"collection":[{"href":"https:\/\/sincomavi.org.br\/index.php?rest_route=\/wp\/v2\/posts"}],"about":[{"href":"https:\/\/sincomavi.org.br\/index.php?rest_route=\/wp\/v2\/types\/post"}],"author":[{"embeddable":true,"href":"https:\/\/sincomavi.org.br\/index.php?rest_route=\/wp\/v2\/users\/1"}],"replies":[{"embeddable":true,"href":"https:\/\/sincomavi.org.br\/index.php?rest_route=%2Fwp%2Fv2%2Fcomments&post=3583"}],"version-history":[{"count":2,"href":"https:\/\/sincomavi.org.br\/index.php?rest_route=\/wp\/v2\/posts\/3583\/revisions"}],"predecessor-version":[{"id":3586,"href":"https:\/\/sincomavi.org.br\/index.php?rest_route=\/wp\/v2\/posts\/3583\/revisions\/3586"}],"wp:featuredmedia":[{"embeddable":true,"href":"https:\/\/sincomavi.org.br\/index.php?rest_route=\/wp\/v2\/media\/3584"}],"wp:attachment":[{"href":"https:\/\/sincomavi.org.br\/index.php?rest_route=%2Fwp%2Fv2%2Fmedia&parent=3583"}],"wp:term":[{"taxonomy":"category","embeddable":true,"href":"https:\/\/sincomavi.org.br\/index.php?rest_route=%2Fwp%2Fv2%2Fcategories&post=3583"},{"taxonomy":"post_tag","embeddable":true,"href":"https:\/\/sincomavi.org.br\/index.php?rest_route=%2Fwp%2Fv2%2Ftags&post=3583"}],"curies":[{"name":"wp","href":"https:\/\/api.w.org\/{rel}","templated":true}]}}