{"id":3570,"date":"2020-05-27T17:12:31","date_gmt":"2020-05-27T20:12:31","guid":{"rendered":"https:\/\/sincomavi.org.br\/?p=3570"},"modified":"2020-05-27T17:13:58","modified_gmt":"2020-05-27T20:13:58","slug":"comerciantes-do-setor-se-mobilizam-para-ajudar-familias-carentes","status":"publish","type":"post","link":"https:\/\/sincomavi.org.br\/?p=3570","title":{"rendered":"Comerciantes do setor se mobilizam para ajudar fam\u00edlias carentes"},"content":{"rendered":"\n<p>Muitos empres\u00e1rios do segmento est\u00e3o aderindo \u00e0 campanha promovida pelo Governo do Estado e doando cestas b\u00e1sicas, cobertores, agasalhos e itens de higiene. A ideia \u00e9 ajudar fam\u00edlias carentes e que tiveram seus rendimentos reduzidos ainda mais em raz\u00e3o do confinamento e da propaga\u00e7\u00e3o da Covid-19.<\/p>\n\n\n\n<p>O Sincomavi recomenda aos comerciantes do setor que procurem abra\u00e7ar essa campanha de solidariedade, ajudando a comunidade carente do bairro onde est\u00e1 localizada a empresa. Dessa forma, essa doa\u00e7\u00e3o chegar\u00e1 a quem realmente necessita e merece por direito, al\u00e9m de aumentar o v\u00ednculo afetivo entre o estabelecimento e os consumidores da regi\u00e3o.<\/p>\n\n\n<style>.wp-block-kadence-spacer.kt-block-spacer-_957515-78 .kt-block-spacer{height:60px;}.wp-block-kadence-spacer.kt-block-spacer-_957515-78 .kt-divider{border-top-width:1px;height:1px;border-top-color:#eee;width:80%;border-top-style:solid;}<\/style>\n<div class=\"wp-block-kadence-spacer aligncenter kt-block-spacer-_957515-78\"><div class=\"kt-block-spacer kt-block-spacer-halign-center\" style=\"height:60px\"><hr class=\"kt-divider\" style=\"border-top-color:rgba(238, 238, 238, 1);border-top-width:1px;width:80%;border-top-style:solid\"\/><\/div><\/div>\n","protected":false},"excerpt":{"rendered":"<p>Muitos empres\u00e1rios do segmento est\u00e3o aderindo \u00e0 campanha promovida pelo Governo do Estado e doando cestas b\u00e1sicas, cobertores, agasalhos e itens de higiene. A ideia \u00e9 ajudar fam\u00edlias carentes e que tiveram seus rendimentos reduzidos ainda mais em raz\u00e3o do confinamento e da propaga\u00e7\u00e3o da Covid-19. O Sincomavi recomenda aos comerciantes do setor que procurem [&hellip;]<\/p>\n","protected":false},"author":1,"featured_media":3571,"comment_status":"closed","ping_status":"open","sticky":false,"template":"","format":"standard","meta":{"tdm_status":"","tdm_grid_status":"","footnotes":""},"categories":[153],"tags":[349,397],"class_list":["post-3570","post","type-post","status-publish","format-standard","has-post-thumbnail","hentry","category-noticias","tag-coronavirus","tag-covid-19"],"amp_enabled":true,"_links":{"self":[{"href":"https:\/\/sincomavi.org.br\/index.php?rest_route=\/wp\/v2\/posts\/3570","targetHints":{"allow":["GET"]}}],"collection":[{"href":"https:\/\/sincomavi.org.br\/index.php?rest_route=\/wp\/v2\/posts"}],"about":[{"href":"https:\/\/sincomavi.org.br\/index.php?rest_route=\/wp\/v2\/types\/post"}],"author":[{"embeddable":true,"href":"https:\/\/sincomavi.org.br\/index.php?rest_route=\/wp\/v2\/users\/1"}],"replies":[{"embeddable":true,"href":"https:\/\/sincomavi.org.br\/index.php?rest_route=%2Fwp%2Fv2%2Fcomments&post=3570"}],"version-history":[{"count":2,"href":"https:\/\/sincomavi.org.br\/index.php?rest_route=\/wp\/v2\/posts\/3570\/revisions"}],"predecessor-version":[{"id":3573,"href":"https:\/\/sincomavi.org.br\/index.php?rest_route=\/wp\/v2\/posts\/3570\/revisions\/3573"}],"wp:featuredmedia":[{"embeddable":true,"href":"https:\/\/sincomavi.org.br\/index.php?rest_route=\/wp\/v2\/media\/3571"}],"wp:attachment":[{"href":"https:\/\/sincomavi.org.br\/index.php?rest_route=%2Fwp%2Fv2%2Fmedia&parent=3570"}],"wp:term":[{"taxonomy":"category","embeddable":true,"href":"https:\/\/sincomavi.org.br\/index.php?rest_route=%2Fwp%2Fv2%2Fcategories&post=3570"},{"taxonomy":"post_tag","embeddable":true,"href":"https:\/\/sincomavi.org.br\/index.php?rest_route=%2Fwp%2Fv2%2Ftags&post=3570"}],"curies":[{"name":"wp","href":"https:\/\/api.w.org\/{rel}","templated":true}]}}