{"id":3537,"date":"2020-05-22T17:41:05","date_gmt":"2020-05-22T20:41:05","guid":{"rendered":"https:\/\/sincomavi.org.br\/?p=3537"},"modified":"2020-05-24T07:14:49","modified_gmt":"2020-05-24T10:14:49","slug":"feriado-de-9-de-julho-antecipado","status":"publish","type":"post","link":"https:\/\/sincomavi.org.br\/?p=3537","title":{"rendered":"Feriado de 9 de julho antecipado"},"content":{"rendered":"\n<p>24\/05\/2020 | 07H14 | Como j\u00e1 era esperado, e a exemplo do ocorrido na esfera municipal da capital, a Assembleia Legislativa do Estado de S\u00e3o Paulo (Alesp) aprovou o Projeto de Lei n\u00b0 351\/2020, encaminhado pelo Governo do Estado, em sess\u00e3o extraordin\u00e1ria virtual realizada nesta sexta-feira, 22 de maio de 2020.<\/p>\n\n\n\n<p>Com 47 votos favor\u00e1veis e cinco contr\u00e1rios, o feriado de 9 de julho, que celebra a Revolu\u00e7\u00e3o Constitucionalista de 1932, ser\u00e1 antecipado para segunda-feira, 25 de maio de 2020.<\/p>\n\n\n\n<p>O Departamento Jur\u00eddico do Sincomavi reafirma a orienta\u00e7\u00e3o dada sobre a <a href=\"https:\/\/sincomavi.org.br\/atencao-20-e-21-de-maio-serao-feriados-em-sao-paulo\/\" target=\"_blank\" rel=\"noreferrer noopener\"><strong>antecipa\u00e7\u00e3o dos feriados municipais<\/strong><\/a>: as empresas que eventualmente decidirem abrir suas portas, dever\u00e3o tratar essas antecipa\u00e7\u00f5es como feriados, tendo que observar todas as contrapartidas previstas nas respectivas cl\u00e1usulas da Conven\u00e7\u00e3o Coletiva de Trabalho 2019\/2020.<\/p>\n\n\n<style>.wp-block-kadence-advancedbtn.kb-btns_47dc52-05{gap:var(--global-kb-gap-xs, 0.5rem );justify-content:center;align-items:center;}.kt-btns_47dc52-05 .kt-button{font-weight:normal;font-style:normal;}.kt-btns_47dc52-05 .kt-btn-wrap-0{margin-right:5px;}.wp-block-kadence-advancedbtn.kt-btns_47dc52-05 .kt-btn-wrap-0 .kt-button{color:#555555;border-color:#555555;}.wp-block-kadence-advancedbtn.kt-btns_47dc52-05 .kt-btn-wrap-0 .kt-button:hover, .wp-block-kadence-advancedbtn.kt-btns_47dc52-05 .kt-btn-wrap-0 .kt-button:focus{color:#ffffff;border-color:#444444;}.wp-block-kadence-advancedbtn.kt-btns_47dc52-05 .kt-btn-wrap-0 .kt-button::before{display:none;}.wp-block-kadence-advancedbtn.kt-btns_47dc52-05 .kt-btn-wrap-0 .kt-button:hover, .wp-block-kadence-advancedbtn.kt-btns_47dc52-05 .kt-btn-wrap-0 .kt-button:focus{background:#444444;}<\/style>\n<div class=\"wp-block-kadence-advancedbtn kt-btn-align-center kt-btn-tablet-align-inherit kt-btn-mobile-align-inherit kt-btns-wrap kt-btns_47dc52-05\"><div class=\"kt-btn-wrap kt-btn-wrap-0\"><a class=\"kt-button button kt-btn-0-action kt-btn-size-standard kt-btn-style-basic kt-btn-svg-show-always kt-btn-has-text-true kt-btn-has-svg-false\" href=\"https:\/\/sincomavi.org.br\/wp-content\/uploads\/2020\/05\/LEI-17.264-FERIADO-09-JULHO-pg_0001.pdf\" target=\"_blank\" rel=\"noreferrer noopener\"><span class=\"kt-btn-inner-text\">DOWNLOAD LEI N\u00ba 17.264<\/span><\/a><\/div><\/div>\n\n\n<style>.wp-block-kadence-spacer.kt-block-spacer-_44e07b-c8 .kt-block-spacer{height:60px;}.wp-block-kadence-spacer.kt-block-spacer-_44e07b-c8 .kt-divider{border-top-width:1px;height:1px;border-top-color:#eee;width:80%;border-top-style:solid;}<\/style>\n<div class=\"wp-block-kadence-spacer aligncenter kt-block-spacer-_44e07b-c8\"><div class=\"kt-block-spacer kt-block-spacer-halign-center\" style=\"height:60px\"><hr class=\"kt-divider\" style=\"border-top-color:rgba(238, 238, 238, 1);border-top-width:1px;width:80%;border-top-style:solid\"\/><\/div><\/div>\n","protected":false},"excerpt":{"rendered":"<p>24\/05\/2020 | 07H14 | Como j\u00e1 era esperado, e a exemplo do ocorrido na esfera municipal da capital, a Assembleia Legislativa do Estado de S\u00e3o Paulo (Alesp) aprovou o Projeto de Lei n\u00b0 351\/2020, encaminhado pelo Governo do Estado, em sess\u00e3o extraordin\u00e1ria virtual realizada nesta sexta-feira, 22 de maio de 2020. Com 47 votos favor\u00e1veis [&hellip;]<\/p>\n","protected":false},"author":1,"featured_media":3538,"comment_status":"closed","ping_status":"open","sticky":false,"template":"","format":"standard","meta":{"tdm_status":"","tdm_grid_status":"","footnotes":""},"categories":[157],"tags":[419,349,397,297],"class_list":["post-3537","post","type-post","status-publish","format-standard","has-post-thumbnail","hentry","category-alerta","tag-9-de-julho","tag-coronavirus","tag-covid-19","tag-feriado"],"amp_enabled":true,"_links":{"self":[{"href":"https:\/\/sincomavi.org.br\/index.php?rest_route=\/wp\/v2\/posts\/3537","targetHints":{"allow":["GET"]}}],"collection":[{"href":"https:\/\/sincomavi.org.br\/index.php?rest_route=\/wp\/v2\/posts"}],"about":[{"href":"https:\/\/sincomavi.org.br\/index.php?rest_route=\/wp\/v2\/types\/post"}],"author":[{"embeddable":true,"href":"https:\/\/sincomavi.org.br\/index.php?rest_route=\/wp\/v2\/users\/1"}],"replies":[{"embeddable":true,"href":"https:\/\/sincomavi.org.br\/index.php?rest_route=%2Fwp%2Fv2%2Fcomments&post=3537"}],"version-history":[{"count":4,"href":"https:\/\/sincomavi.org.br\/index.php?rest_route=\/wp\/v2\/posts\/3537\/revisions"}],"predecessor-version":[{"id":3546,"href":"https:\/\/sincomavi.org.br\/index.php?rest_route=\/wp\/v2\/posts\/3537\/revisions\/3546"}],"wp:featuredmedia":[{"embeddable":true,"href":"https:\/\/sincomavi.org.br\/index.php?rest_route=\/wp\/v2\/media\/3538"}],"wp:attachment":[{"href":"https:\/\/sincomavi.org.br\/index.php?rest_route=%2Fwp%2Fv2%2Fmedia&parent=3537"}],"wp:term":[{"taxonomy":"category","embeddable":true,"href":"https:\/\/sincomavi.org.br\/index.php?rest_route=%2Fwp%2Fv2%2Fcategories&post=3537"},{"taxonomy":"post_tag","embeddable":true,"href":"https:\/\/sincomavi.org.br\/index.php?rest_route=%2Fwp%2Fv2%2Ftags&post=3537"}],"curies":[{"name":"wp","href":"https:\/\/api.w.org\/{rel}","templated":true}]}}