{"id":3527,"date":"2020-05-19T17:34:11","date_gmt":"2020-05-19T20:34:11","guid":{"rendered":"https:\/\/sincomavi.org.br\/?p=3527"},"modified":"2020-05-19T17:34:12","modified_gmt":"2020-05-19T20:34:12","slug":"credito-governo-federal-divulga-condicoes-do-pronampe","status":"publish","type":"post","link":"https:\/\/sincomavi.org.br\/?p=3527","title":{"rendered":"Cr\u00e9dito: governo federal divulga condi\u00e7\u00f5es do Pronampe"},"content":{"rendered":"\n<p>Foi institu\u00eddo o Programa Nacional de Apoio \u00e0s Microempresas e Empresas de Pequeno Porte (Pronampe), vinculado \u00e0 Secretaria Especial de Produtividade, Emprego e Competitividade (Sepec) do Minist\u00e9rio da Economia, cujo objeto \u00e9 o desenvolvimento e o fortalecimento dos pequenos neg\u00f3cios. O programa \u00e9 destinado \u00e0s MEs e EPPs, considerada a receita bruta auferida no exerc\u00edcio de 2019. No tocante as normas que interessam ao setor, \u00e9 poss\u00edvel destacar:<\/p>\n\n\n\n<ul class=\"wp-block-list\"><li>A linha de cr\u00e9dito concedida no \u00e2mbito do Pronampe corresponder\u00e1 a at\u00e9 30% da receita bruta anual do exerc\u00edcio de 2019, salvo no caso das empresas que tenham menos de 1 ano de funcionamento, hip\u00f3tese em que o limite do empr\u00e9stimo corresponder\u00e1 a at\u00e9 50% do seu capital social ou a at\u00e9 30% da m\u00e9dia de seu faturamento mensal apurado desde o in\u00edcio de suas atividades, o que for mais vantajoso.<\/li><\/ul>\n\n\n\n<ul class=\"wp-block-list\"><li>As empresas que contratarem as linhas de cr\u00e9dito no \u00e2mbito do Pronampe assumir\u00e3o a obriga\u00e7\u00e3o de fornecer informa\u00e7\u00f5es ver\u00eddicas e de preservar o quantitativo de empregados em n\u00famero igual ou superior ao verificado em 19 de maio de 2020, no per\u00edodo compreendido entre a data da contrata\u00e7\u00e3o da linha de cr\u00e9dito e o 60\u00ba dia ap\u00f3s o recebimento da \u00faltima parcela da linha de cr\u00e9dito, sob pena do vencimento antecipado da d\u00edvida pela institui\u00e7\u00e3o financeira.<\/li><\/ul>\n\n\n\n<ul class=\"wp-block-list\"><li>Fica vedada a celebra\u00e7\u00e3o do contrato de empr\u00e9stimo de que trata esta Lei com empresas que possuam condena\u00e7\u00e3o relacionada a trabalho em condi\u00e7\u00f5es an\u00e1logas \u00e0s de escravo ou a trabalho infantil.<\/li><\/ul>\n\n\n\n<ul class=\"wp-block-list\"><li>Os recursos recebidos no \u00e2mbito do Pronampe servir\u00e3o ao financiamento da atividade empresarial e poder\u00e3o ser utilizados para investimentos e para capital de giro, vedada a sua destina\u00e7\u00e3o para distribui\u00e7\u00e3o de lucros e dividendos entre os s\u00f3cios.<\/li><\/ul>\n\n\n\n<ul class=\"wp-block-list\"><li>Para efeito de controle dos limites da linha de cr\u00e9dito de cada empresa, o Banco do Brasil S.A. disponibilizar\u00e1 consulta das pessoas inscritas no CNPJ que se beneficiaram do Pronampe, com a discrimina\u00e7\u00e3o dos montantes j\u00e1 contratados.<\/li><\/ul>\n\n\n\n<ul class=\"wp-block-list\"><li>Para a concess\u00e3o de cr\u00e9dito no \u00e2mbito do Pronampe, as institui\u00e7\u00f5es financeiras participantes ficam dispensadas de observar algumas disposi\u00e7\u00f5es usuais em financiamentos e, em termos de garantia, dever\u00e1 ser exigida apenas a garantia pessoal do proponente em montante igual ao empr\u00e9stimo contratado, acrescido dos encargos, salvo nos casos de empresas constitu\u00eddas e em funcionamento h\u00e1 menos de 1 ano, cuja garantia pessoal poder\u00e1 alcan\u00e7ar at\u00e9 150% do valor contratado, mais acr\u00e9scimos.<\/li><\/ul>\n\n\n\n<ul class=\"wp-block-list\"><li>Expirado o prazo para contrata\u00e7\u00f5es previsto, fica o Poder Executivo autorizado a adotar o Pronampe como pol\u00edtica oficial de cr\u00e9dito de car\u00e1ter permanente com tratamento diferenciado e favorecido, nas mesmas condi\u00e7\u00f5es ora estabelecidas, com o objetivo de consolidar os pequenos neg\u00f3cios como agentes de sustenta\u00e7\u00e3o, transforma\u00e7\u00e3o e desenvolvimento da economia nacional.<\/li><\/ul>\n\n\n\n<p><strong>Lei n\u00ba 13.999 &#8211; DOU 19 de maio de 2020<\/strong><\/p>\n","protected":false},"excerpt":{"rendered":"<p>Foi institu\u00eddo o Programa Nacional de Apoio \u00e0s Microempresas e Empresas de Pequeno Porte (Pronampe), vinculado \u00e0 Secretaria Especial de Produtividade, Emprego e Competitividade (Sepec) do Minist\u00e9rio da Economia, cujo objeto \u00e9 o desenvolvimento e o fortalecimento dos pequenos neg\u00f3cios. O programa \u00e9 destinado \u00e0s MEs e EPPs, considerada a receita bruta auferida no exerc\u00edcio [&hellip;]<\/p>\n","protected":false},"author":1,"featured_media":3528,"comment_status":"closed","ping_status":"open","sticky":false,"template":"","format":"standard","meta":{"tdm_status":"","tdm_grid_status":"","footnotes":""},"categories":[157],"tags":[418,349,397,250,384],"class_list":["post-3527","post","type-post","status-publish","format-standard","has-post-thumbnail","hentry","category-alerta","tag-capital-de-giro","tag-coronavirus","tag-covid-19","tag-credito","tag-governo-federal"],"amp_enabled":true,"_links":{"self":[{"href":"https:\/\/sincomavi.org.br\/index.php?rest_route=\/wp\/v2\/posts\/3527","targetHints":{"allow":["GET"]}}],"collection":[{"href":"https:\/\/sincomavi.org.br\/index.php?rest_route=\/wp\/v2\/posts"}],"about":[{"href":"https:\/\/sincomavi.org.br\/index.php?rest_route=\/wp\/v2\/types\/post"}],"author":[{"embeddable":true,"href":"https:\/\/sincomavi.org.br\/index.php?rest_route=\/wp\/v2\/users\/1"}],"replies":[{"embeddable":true,"href":"https:\/\/sincomavi.org.br\/index.php?rest_route=%2Fwp%2Fv2%2Fcomments&post=3527"}],"version-history":[{"count":1,"href":"https:\/\/sincomavi.org.br\/index.php?rest_route=\/wp\/v2\/posts\/3527\/revisions"}],"predecessor-version":[{"id":3529,"href":"https:\/\/sincomavi.org.br\/index.php?rest_route=\/wp\/v2\/posts\/3527\/revisions\/3529"}],"wp:featuredmedia":[{"embeddable":true,"href":"https:\/\/sincomavi.org.br\/index.php?rest_route=\/wp\/v2\/media\/3528"}],"wp:attachment":[{"href":"https:\/\/sincomavi.org.br\/index.php?rest_route=%2Fwp%2Fv2%2Fmedia&parent=3527"}],"wp:term":[{"taxonomy":"category","embeddable":true,"href":"https:\/\/sincomavi.org.br\/index.php?rest_route=%2Fwp%2Fv2%2Fcategories&post=3527"},{"taxonomy":"post_tag","embeddable":true,"href":"https:\/\/sincomavi.org.br\/index.php?rest_route=%2Fwp%2Fv2%2Ftags&post=3527"}],"curies":[{"name":"wp","href":"https:\/\/api.w.org\/{rel}","templated":true}]}}