{"id":3523,"date":"2020-05-19T11:37:03","date_gmt":"2020-05-19T14:37:03","guid":{"rendered":"https:\/\/sincomavi.org.br\/?p=3523"},"modified":"2020-05-19T11:37:41","modified_gmt":"2020-05-19T14:37:41","slug":"carta-de-conjuntura-maio-de-2020","status":"publish","type":"post","link":"https:\/\/sincomavi.org.br\/?p=3523","title":{"rendered":"Carta de Conjuntura &#8211; maio de 2020"},"content":{"rendered":"\n<p>19\/05\/2020 | <strong>Por Jaime Vasconcellos, economista.<\/strong><\/p>\n\n\n\n<p>Passados praticamente dois meses dos impactos da Covid-19 em nossa economia e a m\u00e1xima de vivenciarmos uma realidade sem precedentes se mant\u00e9m. Os \u00faltimos dados do Relat\u00f3rio Focus, 18 de maio, traduzem bem esse cen\u00e1rio. Produto Interno Bruto (PIB) abaixo dos -5% para 2020 e c\u00e2mbio acima dos R$5,00. Infla\u00e7\u00e3o cada vez mais pr\u00f3xima de 1% e Selic dos 2%. A economia brasileira desce ladeira em alta velocidade, sem observar altera\u00e7\u00e3o do \u00e2ngulo desse asfalto.<\/p>\n\n\n\n<p>Outro ponto a se citar, estima-se uma d\u00edvida bruta do setor p\u00fablico acima dos 90% do PIB, mesmo com a Selic ao menor patamar recorde. De toda forma, nesse momento de total emerg\u00eancia, a prioridade \u00e9 salvar vidas, bem como a capacidade produtiva. \u00c9 disso que estamos falando. Equil\u00edbrio fiscal e teto de gastos n\u00e3o devem ficar no mesmo patamar da palavra \u201csobreviv\u00eancia\u201d. O que nos aflige, mesmo ap\u00f3s semanas, \u00e9 que ainda h\u00e1 completa desorganiza\u00e7\u00e3o das esferas p\u00fablicas no combate \u00e0 doen\u00e7a e a\u00e7\u00f5es ineficazes de enfrentamento \u00e0 calamidade socioecon\u00f4mica de perda de renda, emprego e neg\u00f3cios.<\/p>\n\n\n\n<p>O cr\u00e9dito tradicional n\u00e3o chega, pois os intermedi\u00e1rios se preocupam com seus balan\u00e7os financeiros. S\u00e3o ainda mais seletivos em rela\u00e7\u00e3o aos tomadores. O cr\u00e9dito subsidiado n\u00e3o possui profundidade, porque \u00e9 pequeno, \u00e9 direcionado e exigente &#8211; muita burocracia e garantias de quem n\u00e3o possui energias ap\u00f3s tantas semanas com pouco ou nenhum faturamento. Sem contar as atividades impossibilitadas de atender normalmente seus clientes. Em outras palavras, o oxig\u00eanio \u00e9 pouco e seletivo num ambiente \u00e1vido por renova\u00e7\u00e3o do f\u00f4lego.<\/p>\n\n\n\n<p>Ao \u00e2mbito econ\u00f4mico, empresarial, a sa\u00edda n\u00e3o chegar\u00e1 para todos. Infelizmente, o poder da atual crise em peneirar o ambiente de neg\u00f3cios ser\u00e1 poderoso. Apenas empresas com reservas, pouco alavancadas, digitalizadas e com gest\u00e3o em dia conseguir\u00e3o traspor, n\u00e3o somente os dois meses que se passaram, mas alguns meses duros que vir\u00e3o. A reinven\u00e7\u00e3o dos modelos empresariais e profissionais passa por um processo de inova\u00e7\u00e3o que normalmente se sobressai em qualquer gera\u00e7\u00e3o. Neste momento, ele se imp\u00f4s durante dois meses. O barco virou muito r\u00e1pido e normalmente quando isso ocorre poucos continuam sobre sua superf\u00edcie, ainda que seja poss\u00edvel se manter ao vento. A sa\u00edda n\u00e3o vir\u00e1 do Governo. Vir\u00e1 do lado produtivo. Empresarial. Profissional. E o Sincomavi est\u00e1 do lado de quem busca por sua transforma\u00e7\u00e3o.<\/p>\n\n\n\n<h3 class=\"wp-block-heading\">Seguem abaixo, nossas proje\u00e7\u00f5es atualizadas para 2020:<strong>&nbsp;&nbsp;&nbsp;&nbsp;<\/strong><\/h3>\n\n\n\n<ul class=\"wp-block-list\"><li><strong>PIB<\/strong>: -5,5%&nbsp;&nbsp;&nbsp;&nbsp;&nbsp;&nbsp;&nbsp;&nbsp;&nbsp;&nbsp;&nbsp;&nbsp;&nbsp;&nbsp;&nbsp;&nbsp;&nbsp;&nbsp;&nbsp;&nbsp;&nbsp;&nbsp;&nbsp;&nbsp;&nbsp;&nbsp;&nbsp;&nbsp;&nbsp;&nbsp;&nbsp;&nbsp;&nbsp;&nbsp;&nbsp;&nbsp;&nbsp;&nbsp;&nbsp;&nbsp;&nbsp;&nbsp;&nbsp;&nbsp;&nbsp;&nbsp;&nbsp;&nbsp;<\/li><li><strong>IPCA\/IBGE<\/strong>: 2,0%&nbsp;&nbsp;&nbsp;&nbsp;&nbsp;&nbsp;&nbsp;&nbsp;&nbsp;&nbsp;&nbsp;&nbsp;&nbsp;&nbsp;&nbsp;&nbsp;&nbsp;&nbsp;&nbsp;&nbsp;&nbsp;&nbsp;&nbsp;&nbsp;&nbsp;&nbsp;&nbsp;&nbsp;&nbsp;&nbsp;&nbsp;&nbsp;&nbsp;&nbsp;&nbsp;&nbsp;&nbsp;&nbsp;&nbsp;&nbsp;&nbsp;&nbsp;&nbsp;&nbsp;&nbsp;&nbsp;&nbsp;&nbsp;&nbsp;&nbsp;&nbsp;&nbsp;&nbsp;&nbsp;&nbsp;&nbsp;&nbsp;&nbsp;&nbsp;&nbsp;&nbsp;&nbsp;&nbsp;&nbsp;&nbsp;&nbsp;&nbsp;&nbsp;&nbsp;<\/li><li><strong>SELIC<\/strong>: 2,25%&nbsp;&nbsp;&nbsp;&nbsp;&nbsp;&nbsp;&nbsp;&nbsp;&nbsp;&nbsp;&nbsp;&nbsp;&nbsp;&nbsp;&nbsp;&nbsp;&nbsp;&nbsp;&nbsp;&nbsp;&nbsp;&nbsp;&nbsp;&nbsp;&nbsp;&nbsp;&nbsp;&nbsp;&nbsp;&nbsp;&nbsp;&nbsp;&nbsp;&nbsp;&nbsp;&nbsp;&nbsp;&nbsp;&nbsp;&nbsp;&nbsp;&nbsp;&nbsp;&nbsp;&nbsp;&nbsp;&nbsp;&nbsp;&nbsp;&nbsp;&nbsp;&nbsp;&nbsp;&nbsp;<\/li><li><strong>Taxa de C\u00e2mbio:<\/strong> 5,50&nbsp;&nbsp;&nbsp;&nbsp;&nbsp;&nbsp;&nbsp;&nbsp;&nbsp;&nbsp;&nbsp;&nbsp;&nbsp;&nbsp;&nbsp;&nbsp;&nbsp;&nbsp;&nbsp;&nbsp;&nbsp;&nbsp;&nbsp;&nbsp;&nbsp;&nbsp;&nbsp;&nbsp;&nbsp;&nbsp;&nbsp;&nbsp;&nbsp;&nbsp;&nbsp;&nbsp;<\/li><li><strong>Balan\u00e7a comercial<\/strong>: + US$ 30 bi &nbsp;&nbsp;&nbsp;&nbsp;&nbsp;&nbsp;&nbsp;&nbsp;&nbsp;&nbsp;&nbsp;&nbsp;&nbsp;&nbsp;&nbsp;&nbsp;&nbsp;<\/li><li><strong>Vendas do varejo<\/strong>: -8,0%&nbsp;&nbsp;&nbsp;&nbsp;&nbsp;&nbsp;&nbsp;&nbsp;&nbsp;&nbsp;&nbsp;&nbsp;&nbsp;&nbsp;&nbsp;&nbsp;&nbsp;&nbsp;&nbsp;&nbsp;&nbsp;&nbsp;&nbsp;&nbsp;&nbsp;&nbsp;&nbsp;&nbsp;&nbsp;&nbsp;<\/li><li><strong>Volume dos servi\u00e7os<\/strong>: -6,0%<\/li><\/ul>\n\n\n<style>.wp-block-kadence-spacer.kt-block-spacer-_b8ab28-68 .kt-block-spacer{height:60px;}.wp-block-kadence-spacer.kt-block-spacer-_b8ab28-68 .kt-divider{border-top-width:1px;height:1px;border-top-color:#eee;width:80%;border-top-style:solid;}<\/style>\n<div class=\"wp-block-kadence-spacer aligncenter kt-block-spacer-_b8ab28-68\"><div class=\"kt-block-spacer kt-block-spacer-halign-center\" style=\"height:60px\"><hr class=\"kt-divider\" style=\"border-top-color:rgba(238, 238, 238, 1);border-top-width:1px;width:80%;border-top-style:solid\"\/><\/div><\/div>\n","protected":false},"excerpt":{"rendered":"<p>19\/05\/2020 | Por Jaime Vasconcellos, economista. Passados praticamente dois meses dos impactos da Covid-19 em nossa economia e a m\u00e1xima de vivenciarmos uma realidade sem precedentes se mant\u00e9m. Os \u00faltimos dados do Relat\u00f3rio Focus, 18 de maio, traduzem bem esse cen\u00e1rio. Produto Interno Bruto (PIB) abaixo dos -5% para 2020 e c\u00e2mbio acima dos R$5,00. [&hellip;]<\/p>\n","protected":false},"author":1,"featured_media":3524,"comment_status":"closed","ping_status":"open","sticky":false,"template":"","format":"standard","meta":{"tdm_status":"","tdm_grid_status":"","footnotes":""},"categories":[153],"tags":[275,272,156,273,202,203,417,274,200,75],"class_list":["post-3523","post","type-post","status-publish","format-standard","has-post-thumbnail","hentry","category-noticias","tag-balanca-comercial","tag-carta-de-conjuntura","tag-economia","tag-ipca","tag-pib","tag-selic","tag-servicos","tag-taxa-de-cambio","tag-varejo","tag-vendas"],"amp_enabled":true,"_links":{"self":[{"href":"https:\/\/sincomavi.org.br\/index.php?rest_route=\/wp\/v2\/posts\/3523","targetHints":{"allow":["GET"]}}],"collection":[{"href":"https:\/\/sincomavi.org.br\/index.php?rest_route=\/wp\/v2\/posts"}],"about":[{"href":"https:\/\/sincomavi.org.br\/index.php?rest_route=\/wp\/v2\/types\/post"}],"author":[{"embeddable":true,"href":"https:\/\/sincomavi.org.br\/index.php?rest_route=\/wp\/v2\/users\/1"}],"replies":[{"embeddable":true,"href":"https:\/\/sincomavi.org.br\/index.php?rest_route=%2Fwp%2Fv2%2Fcomments&post=3523"}],"version-history":[{"count":2,"href":"https:\/\/sincomavi.org.br\/index.php?rest_route=\/wp\/v2\/posts\/3523\/revisions"}],"predecessor-version":[{"id":3526,"href":"https:\/\/sincomavi.org.br\/index.php?rest_route=\/wp\/v2\/posts\/3523\/revisions\/3526"}],"wp:featuredmedia":[{"embeddable":true,"href":"https:\/\/sincomavi.org.br\/index.php?rest_route=\/wp\/v2\/media\/3524"}],"wp:attachment":[{"href":"https:\/\/sincomavi.org.br\/index.php?rest_route=%2Fwp%2Fv2%2Fmedia&parent=3523"}],"wp:term":[{"taxonomy":"category","embeddable":true,"href":"https:\/\/sincomavi.org.br\/index.php?rest_route=%2Fwp%2Fv2%2Fcategories&post=3523"},{"taxonomy":"post_tag","embeddable":true,"href":"https:\/\/sincomavi.org.br\/index.php?rest_route=%2Fwp%2Fv2%2Ftags&post=3523"}],"curies":[{"name":"wp","href":"https:\/\/api.w.org\/{rel}","templated":true}]}}