{"id":3516,"date":"2020-05-19T08:42:34","date_gmt":"2020-05-19T11:42:34","guid":{"rendered":"https:\/\/sincomavi.org.br\/?p=3516"},"modified":"2020-05-19T10:59:09","modified_gmt":"2020-05-19T13:59:09","slug":"atencao-20-e-21-de-maio-serao-feriados-em-sao-paulo","status":"publish","type":"post","link":"https:\/\/sincomavi.org.br\/?p=3516","title":{"rendered":"Aten\u00e7\u00e3o: 20 e 21 de maio ser\u00e3o feriados em S\u00e3o Paulo"},"content":{"rendered":"\n<p>19\/05\/2020 | 10h58 | Decreto n\u00ba 59.450 estabeleceu a antecipa\u00e7\u00e3o no munic\u00edpio de S\u00e3o Paulo dos feriados de Corpus Christi e do Dia da Consci\u00eancia Negra para os dias 20 e 21 de maio. O mesmo decreto determinou ainda ponto facultativo nas reparti\u00e7\u00f5es p\u00fablicas no dia 22 de maio.<\/p>\n\n\n\n<p>Esse decreto foi poss\u00edvel a partir da aprova\u00e7\u00e3o pela C\u00e2mara Municipal de S\u00e3o Paulo, em 18 de maio, da Lei n\u00ba 17.341, artigo 3\u00ba, que autorizou a antecipa\u00e7\u00e3o dos feriados de Corpus Christi (11 de julho de 2020) e Consci\u00eancia Negra (20 de novembro de 2020), para quarta-feira (20 de maio) e quinta-feira (21 de maio), respectivamente. O pretexto foi diminuir a movimenta\u00e7\u00e3o social em raz\u00e3o da pandemia da Covid-19.<\/p>\n\n\n\n<p>Vale ressaltar que o mesmo caminho deve ser seguido pela Assembleia Legislativa quanto ao feriado da Revolu\u00e7\u00e3o Constitucionalista (09 de julho de 2020), que provavelmente ser\u00e1 celebrado no dia 25 de maio, pr\u00f3xima segunda-feira.<\/p>\n\n\n\n<p>Em raz\u00e3o desses atos governamentais, as empresas que eventualmente decidirem abrir suas portas dever\u00e3o tratar essas antecipa\u00e7\u00f5es como feriados, tendo que observar todas as contrapartidas previstas nas respectivas cl\u00e1usulas da Conven\u00e7\u00e3o Coletiva de Trabalho 2019\/2020.<\/p>\n\n\n\n<p>Atente-se tamb\u00e9m que v\u00e1rias outras prefeituras da Regi\u00e3o Metropolitana de S\u00e3o Paulo (RMSP) poder\u00e3o adotar a antecipa\u00e7\u00e3o de seus feriados municipais, motivo pelo qual as empresas sediadas nesses munic\u00edpios dever\u00e3o acompanhar as determina\u00e7\u00f5es locais.<\/p>\n\n\n\n<p>O governador tamb\u00e9m j\u00e1 deu demonstra\u00e7\u00e3o p\u00fablica que pretende declarar a pr\u00f3xima sexta-feira (22 de maio) ponto facultativo para o funcionalismo estadual.<\/p>\n\n\n\n<p>Confira o conte\u00fado completo da Lei n\u00ba 17.341 e do decreto n\u00ba 59.450 no bot\u00e3o abaixo.<\/p>\n\n\n<style>.wp-block-kadence-advancedbtn.kb-btns_9ff99c-b9{gap:var(--global-kb-gap-xs, 0.5rem );justify-content:center;align-items:center;}.kt-btns_9ff99c-b9 .kt-button{font-weight:normal;font-style:normal;}.kt-btns_9ff99c-b9 .kt-btn-wrap-0{margin-right:5px;}.wp-block-kadence-advancedbtn.kt-btns_9ff99c-b9 .kt-btn-wrap-0 .kt-button{color:#555555;border-color:#555555;}.wp-block-kadence-advancedbtn.kt-btns_9ff99c-b9 .kt-btn-wrap-0 .kt-button:hover, .wp-block-kadence-advancedbtn.kt-btns_9ff99c-b9 .kt-btn-wrap-0 .kt-button:focus{color:#ffffff;border-color:#444444;}.wp-block-kadence-advancedbtn.kt-btns_9ff99c-b9 .kt-btn-wrap-0 .kt-button::before{display:none;}.wp-block-kadence-advancedbtn.kt-btns_9ff99c-b9 .kt-btn-wrap-0 .kt-button:hover, .wp-block-kadence-advancedbtn.kt-btns_9ff99c-b9 .kt-btn-wrap-0 .kt-button:focus{background:#444444;}<\/style>\n<div class=\"wp-block-kadence-advancedbtn kt-btn-align-center kt-btn-tablet-align-inherit kt-btn-mobile-align-inherit kt-btns-wrap kt-btns_9ff99c-b9\"><div class=\"kt-btn-wrap kt-btn-wrap-0\"><a class=\"kt-button button kt-btn-0-action kt-btn-size-standard kt-btn-style-basic kt-btn-svg-show-always kt-btn-has-text-true kt-btn-has-svg-false\" href=\"https:\/\/sincomavi.org.br\/wp-content\/uploads\/2020\/05\/pg_0001.pdf\" target=\"_blank\" rel=\"noreferrer noopener\"><span class=\"kt-btn-inner-text\">DOWNLOAD DECRETO<\/span><\/a><\/div><\/div>\n\n\n<style>.wp-block-kadence-spacer.kt-block-spacer-_f10d4e-b7 .kt-block-spacer{height:60px;}.wp-block-kadence-spacer.kt-block-spacer-_f10d4e-b7 .kt-divider{border-top-width:1px;height:1px;border-top-color:#eee;width:80%;border-top-style:solid;}<\/style>\n<div class=\"wp-block-kadence-spacer aligncenter kt-block-spacer-_f10d4e-b7\"><div class=\"kt-block-spacer kt-block-spacer-halign-center\" style=\"height:60px\"><hr class=\"kt-divider\" style=\"border-top-color:rgba(238, 238, 238, 1);border-top-width:1px;width:80%;border-top-style:solid\"\/><\/div><\/div>\n","protected":false},"excerpt":{"rendered":"<p>19\/05\/2020 | 10h58 | Decreto n\u00ba 59.450 estabeleceu a antecipa\u00e7\u00e3o no munic\u00edpio de S\u00e3o Paulo dos feriados de Corpus Christi e do Dia da Consci\u00eancia Negra para os dias 20 e 21 de maio. O mesmo decreto determinou ainda ponto facultativo nas reparti\u00e7\u00f5es p\u00fablicas no dia 22 de maio. Esse decreto foi poss\u00edvel a partir [&hellip;]<\/p>\n","protected":false},"author":1,"featured_media":3518,"comment_status":"closed","ping_status":"open","sticky":false,"template":"","format":"standard","meta":{"tdm_status":"","tdm_grid_status":"","footnotes":""},"categories":[157,153],"tags":[116,397,297,247],"class_list":["post-3516","post","type-post","status-publish","format-standard","has-post-thumbnail","hentry","category-alerta","category-noticias","tag-cct","tag-covid-19","tag-feriado","tag-pmsp"],"amp_enabled":true,"_links":{"self":[{"href":"https:\/\/sincomavi.org.br\/index.php?rest_route=\/wp\/v2\/posts\/3516","targetHints":{"allow":["GET"]}}],"collection":[{"href":"https:\/\/sincomavi.org.br\/index.php?rest_route=\/wp\/v2\/posts"}],"about":[{"href":"https:\/\/sincomavi.org.br\/index.php?rest_route=\/wp\/v2\/types\/post"}],"author":[{"embeddable":true,"href":"https:\/\/sincomavi.org.br\/index.php?rest_route=\/wp\/v2\/users\/1"}],"replies":[{"embeddable":true,"href":"https:\/\/sincomavi.org.br\/index.php?rest_route=%2Fwp%2Fv2%2Fcomments&post=3516"}],"version-history":[{"count":4,"href":"https:\/\/sincomavi.org.br\/index.php?rest_route=\/wp\/v2\/posts\/3516\/revisions"}],"predecessor-version":[{"id":3522,"href":"https:\/\/sincomavi.org.br\/index.php?rest_route=\/wp\/v2\/posts\/3516\/revisions\/3522"}],"wp:featuredmedia":[{"embeddable":true,"href":"https:\/\/sincomavi.org.br\/index.php?rest_route=\/wp\/v2\/media\/3518"}],"wp:attachment":[{"href":"https:\/\/sincomavi.org.br\/index.php?rest_route=%2Fwp%2Fv2%2Fmedia&parent=3516"}],"wp:term":[{"taxonomy":"category","embeddable":true,"href":"https:\/\/sincomavi.org.br\/index.php?rest_route=%2Fwp%2Fv2%2Fcategories&post=3516"},{"taxonomy":"post_tag","embeddable":true,"href":"https:\/\/sincomavi.org.br\/index.php?rest_route=%2Fwp%2Fv2%2Ftags&post=3516"}],"curies":[{"name":"wp","href":"https:\/\/api.w.org\/{rel}","templated":true}]}}