{"id":3510,"date":"2020-05-18T20:02:23","date_gmt":"2020-05-18T23:02:23","guid":{"rendered":"https:\/\/sincomavi.org.br\/?p=3510"},"modified":"2020-05-19T10:56:02","modified_gmt":"2020-05-19T13:56:02","slug":"importante-antecipacao-de-feriados","status":"publish","type":"post","link":"https:\/\/sincomavi.org.br\/?p=3510","title":{"rendered":"Importante: antecipa\u00e7\u00e3o de feriados"},"content":{"rendered":"\n<p>18\/05\/2020 | 19h54 | Tendo como pretexto diminuir a movimenta\u00e7\u00e3o social, a C\u00e2mara Municipal de S\u00e3o Paulo aprovou a antecipa\u00e7\u00e3o dos feriados de Corpus Christi (11 de julho de 2020) e Consci\u00eancia Negra (20 de novembro de 2020), para que sejam celebrados nas pr\u00f3ximas quarta-feira (20 de maio) e quinta-feira (21 de maio), respectivamente.<\/p>\n\n\n\n<p>No mesmo caminho deve seguir a Assembleia Legislativa quanto ao feriado da Revolu\u00e7\u00e3o Constitucionalista (09 de julho de 2020), que provavelmente ser\u00e1 celebrado no dia 25 de maio, pr\u00f3xima segunda-feira.<\/p>\n\n\n\n<p>Em raz\u00e3o desses atos governamentais, as empresas que eventualmente decidirem abrir suas portas nos dias 20, 21 e 25 de maio dever\u00e3o trat\u00e1-los como feriados, tendo que observar todas as contrapartidas previstas nas respectivas cl\u00e1usulas da Conven\u00e7\u00e3o Coletiva de Trabalho 2019\/2020.<\/p>\n\n\n\n<p>Atente-se tamb\u00e9m que v\u00e1rias outras prefeituras da Regi\u00e3o Metropolitana de S\u00e3o Paulo (RMSP) poder\u00e3o adotar a antecipa\u00e7\u00e3o de seus feriados municipais, motivo pelo qual as empresas sediadas nesses munic\u00edpios dever\u00e3o acompanhar as determina\u00e7\u00f5es locais.<\/p>\n\n\n\n<p>O prefeito de S\u00e3o Paulo e o governador tamb\u00e9m j\u00e1 deram demonstra\u00e7\u00e3o p\u00fablica que pretendem declarar a pr\u00f3xima sexta-feira (22 de maio) ponto facultativo para o funcionalismo municipal e estadual.<br>At\u00e9 o momento da elabora\u00e7\u00e3o dessa mat\u00e9ria, os referidos decretos ainda n\u00e3o tinham sido publicados. T\u00e3o logo isso ocorra, estar\u00e3o aqui dispon\u00edveis para consulta.<\/p>\n\n\n<style>.wp-block-kadence-spacer.kt-block-spacer-_bf57be-ae .kt-block-spacer{height:60px;}.wp-block-kadence-spacer.kt-block-spacer-_bf57be-ae .kt-divider{border-top-width:1px;height:1px;border-top-color:#eee;width:80%;border-top-style:solid;}<\/style>\n<div class=\"wp-block-kadence-spacer aligncenter kt-block-spacer-_bf57be-ae\"><div class=\"kt-block-spacer kt-block-spacer-halign-center\" style=\"height:60px\"><hr class=\"kt-divider\" style=\"border-top-color:rgba(238, 238, 238, 1);border-top-width:1px;width:80%;border-top-style:solid\"\/><\/div><\/div>\n","protected":false},"excerpt":{"rendered":"<p>18\/05\/2020 | 19h54 | Tendo como pretexto diminuir a movimenta\u00e7\u00e3o social, a C\u00e2mara Municipal de S\u00e3o Paulo aprovou a antecipa\u00e7\u00e3o dos feriados de Corpus Christi (11 de julho de 2020) e Consci\u00eancia Negra (20 de novembro de 2020), para que sejam celebrados nas pr\u00f3ximas quarta-feira (20 de maio) e quinta-feira (21 de maio), respectivamente. No [&hellip;]<\/p>\n","protected":false},"author":1,"featured_media":3511,"comment_status":"closed","ping_status":"open","sticky":false,"template":"","format":"standard","meta":{"tdm_status":"","tdm_grid_status":"","footnotes":""},"categories":[153],"tags":[349,397,283,297,247],"class_list":["post-3510","post","type-post","status-publish","format-standard","has-post-thumbnail","hentry","category-noticias","tag-coronavirus","tag-covid-19","tag-decreto","tag-feriado","tag-pmsp"],"amp_enabled":true,"_links":{"self":[{"href":"https:\/\/sincomavi.org.br\/index.php?rest_route=\/wp\/v2\/posts\/3510","targetHints":{"allow":["GET"]}}],"collection":[{"href":"https:\/\/sincomavi.org.br\/index.php?rest_route=\/wp\/v2\/posts"}],"about":[{"href":"https:\/\/sincomavi.org.br\/index.php?rest_route=\/wp\/v2\/types\/post"}],"author":[{"embeddable":true,"href":"https:\/\/sincomavi.org.br\/index.php?rest_route=\/wp\/v2\/users\/1"}],"replies":[{"embeddable":true,"href":"https:\/\/sincomavi.org.br\/index.php?rest_route=%2Fwp%2Fv2%2Fcomments&post=3510"}],"version-history":[{"count":2,"href":"https:\/\/sincomavi.org.br\/index.php?rest_route=\/wp\/v2\/posts\/3510\/revisions"}],"predecessor-version":[{"id":3513,"href":"https:\/\/sincomavi.org.br\/index.php?rest_route=\/wp\/v2\/posts\/3510\/revisions\/3513"}],"wp:featuredmedia":[{"embeddable":true,"href":"https:\/\/sincomavi.org.br\/index.php?rest_route=\/wp\/v2\/media\/3511"}],"wp:attachment":[{"href":"https:\/\/sincomavi.org.br\/index.php?rest_route=%2Fwp%2Fv2%2Fmedia&parent=3510"}],"wp:term":[{"taxonomy":"category","embeddable":true,"href":"https:\/\/sincomavi.org.br\/index.php?rest_route=%2Fwp%2Fv2%2Fcategories&post=3510"},{"taxonomy":"post_tag","embeddable":true,"href":"https:\/\/sincomavi.org.br\/index.php?rest_route=%2Fwp%2Fv2%2Ftags&post=3510"}],"curies":[{"name":"wp","href":"https:\/\/api.w.org\/{rel}","templated":true}]}}