{"id":3397,"date":"2020-05-08T11:16:05","date_gmt":"2020-05-08T14:16:05","guid":{"rendered":"https:\/\/sincomavi.org.br\/?p=3397"},"modified":"2020-05-18T07:55:26","modified_gmt":"2020-05-18T10:55:26","slug":"atencao-rodizio-emergencial-na-capital","status":"publish","type":"post","link":"https:\/\/sincomavi.org.br\/?p=3397","title":{"rendered":"Aten\u00e7\u00e3o: rod\u00edzio emergencial na capital"},"content":{"rendered":"<style>.wp-block-kadence-advancedbtn.kb-btns_28b3ef-77{gap:var(--global-kb-gap-xs, 0.5rem );justify-content:center;align-items:center;}.kt-btns_28b3ef-77 .kt-button{font-weight:normal;font-style:normal;}.kt-btns_28b3ef-77 .kt-btn-wrap-0{margin-right:5px;}.wp-block-kadence-advancedbtn.kt-btns_28b3ef-77 .kt-btn-wrap-0 .kt-button{color:#555555;border-color:#555555;}.wp-block-kadence-advancedbtn.kt-btns_28b3ef-77 .kt-btn-wrap-0 .kt-button:hover, .wp-block-kadence-advancedbtn.kt-btns_28b3ef-77 .kt-btn-wrap-0 .kt-button:focus{color:#ffffff;border-color:#444444;}.wp-block-kadence-advancedbtn.kt-btns_28b3ef-77 .kt-btn-wrap-0 .kt-button::before{display:none;}.wp-block-kadence-advancedbtn.kt-btns_28b3ef-77 .kt-btn-wrap-0 .kt-button:hover, .wp-block-kadence-advancedbtn.kt-btns_28b3ef-77 .kt-btn-wrap-0 .kt-button:focus{background:#444444;}<\/style>\n<div class=\"wp-block-kadence-advancedbtn kt-btn-align-center kt-btn-tablet-align-inherit kt-btn-mobile-align-inherit kt-btns-wrap kt-btns_28b3ef-77\"><div class=\"kt-btn-wrap kt-btn-wrap-0\"><a class=\"kt-button button kt-btn-0-action kt-btn-size-standard kt-btn-style-basic kt-btn-svg-show-always kt-btn-has-text-true kt-btn-has-svg-false\" href=\"https:\/\/sincomavi.org.br\/wp-content\/uploads\/2020\/05\/CET-Companhia-de-Engenharia-de-Trafego-Especial-COVID-19.pdf\" target=\"_blank\" rel=\"noreferrer noopener\"><span class=\"kt-btn-inner-text\">PERGUNTAS E RESPOSTAS &#8211; CET<\/span><\/a><\/div><\/div>\n\n\n<style>.wp-block-kadence-spacer.kt-block-spacer-_d4abdd-ee .kt-block-spacer{height:60px;}.wp-block-kadence-spacer.kt-block-spacer-_d4abdd-ee .kt-divider{border-top-width:1px;height:1px;border-top-color:#eee;width:80%;border-top-style:solid;}<\/style>\n<div class=\"wp-block-kadence-spacer aligncenter kt-block-spacer-_d4abdd-ee\"><div class=\"kt-block-spacer kt-block-spacer-halign-center\" style=\"height:60px\"><hr class=\"kt-divider\" style=\"border-top-color:rgba(238, 238, 238, 1);border-top-width:1px;width:80%;border-top-style:solid\"\/><\/div><\/div>\n\n\n\n<p>11\/05\/2020 &#8211; 14h27 | Assinado o <a rel=\"noreferrer noopener\" href=\"https:\/\/sincomavi.org.br\/wp-content\/uploads\/2020\/05\/200508-dec-oficial-rodizio-pg_0001.pdf\" target=\"_blank\"><strong>decreto n\u00ba 59.403<\/strong><\/a> que regulamenta o regime emergencial de restri\u00e7\u00e3o de circula\u00e7\u00e3o de ve\u00edculos no Munic\u00edpio de S\u00e3o Paulo (rod\u00edzio). Apesar da grande divulga\u00e7\u00e3o nos meios de comunica\u00e7\u00e3o, os principais pontos que afetam o setor podem ser consultados na tabela abaixo.<\/p>\n\n\n\n<p>Vale a pena lembrar que os caminh\u00f5es de material de constru\u00e7\u00e3o devem respeitar a Zona M\u00e1xima de Restri\u00e7\u00e3o \u00e0 Circula\u00e7\u00e3o (ZMRC), que \u00e9 v\u00e1lida de 2\u00aa a 6\u00aa feira, das 5h \u00e0s 21h, e aos s\u00e1bados, das 10h \u00e0s 14h. Caso contr\u00e1rio, esse ve\u00edculos, inclusive licenciados em outros munic\u00edpios brasileiros, est\u00e3o sujeitos \u00e0s penalidades previstas. <\/p>\n\n\n\n<p>J\u00e1 os <a rel=\"noreferrer noopener\" href=\"http:\/\/www.cetsp.com.br\/noticias\/2020\/05\/08\/caminhoes-nao-estao-incluidos-no-rodizio-emergencial-em-sao-paulo.aspx\" target=\"_blank\"><strong>Ve\u00edculos Urbanos de Carga (VUCs)<\/strong><\/a> est\u00e3o liberados para circula\u00e7\u00e3o em qualquer dia e hor\u00e1rio.<\/p>\n\n\n\n<h2 class=\"wp-block-heading\">Importante<\/h2>\n\n\n\n<p>A Prefeitura Municipal de S\u00e3o Paulo (PMSP) informou, em 12 de maio, que todos os requerimentos de isen\u00e7\u00e3o de rod\u00edzio ser\u00e3o respondidos por meio do Portal 156 ou e-mail, inclusive com rela\u00e7\u00e3o ao recebimento do pedido e de seu processamento. Qualquer caso de inconformidade nos dados solicitados para a isen\u00e7\u00e3o do rod\u00edzio tamb\u00e9m ser\u00e1 comunicado ao solicitante por mensagem eletr\u00f4nica, segundo a administra\u00e7\u00e3o municipal.<\/p>\n\n\n\n<p>Vale lembrar que \u201ccomo as novas regras passaram a valer j\u00e1 na segunda-feira, 11 de maio, os requerimentos de isen\u00e7\u00e3o de rod\u00edzio enviados em at\u00e9 10 dias corridos do in\u00edcio da restri\u00e7\u00e3o, ter\u00e3o seus efeitos retroagidos. O requerimento enviado ap\u00f3s este per\u00edodo, ou seja, a partir do 11\u00ba dia corrente de vig\u00eancia da restri\u00e7\u00e3o, ter\u00e3o sua validade a contar da data do recebimento do requerimento\u201d.<\/p>\n\n\n\n<ul class=\"wp-block-list\"><li>o rod\u00edzio dos ve\u00edculos, que abrange todas as vias da cidade, independentemente de sua localidade de licenciamento, ser\u00e1 realizado da seguinte forma: nos dias \u00edmpares somente poder\u00e3o circular ve\u00edculos com placa de finais \u00edmpares e nos dias pares somente os ve\u00edculos com placa de finais pares. O rod\u00edzio ocorrer\u00e1 todos os dias, incluindo s\u00e1bados, domingos e feriados, da 0h00 \u00e0s 23h59, com exce\u00e7\u00e3o do dia 31 de maio deste ano, quando todos os ve\u00edculos poder\u00e3o circular;<\/li><li>de um modo geral, no com\u00e9rcio varejista, ficam exclu\u00eddos da restri\u00e7\u00e3o os seguintes casos: motocicletas e similares; Ve\u00edculo Urbano de Carga (VUC), furg\u00e3o, caminh\u00e3o de pequeno porte, com dimens\u00f5es e caracter\u00edsticas que sejam adequadas \u00e0 distribui\u00e7\u00e3o de mercadorias e abastecimento no meio urbano, definidas em ato da Secretaria Municipal de Mobilidade e Transportes; os ve\u00edculos destinados \u00e0 manuten\u00e7\u00e3o e conserva\u00e7\u00e3o de elevadores, devidamente autorizados para a presta\u00e7\u00e3o deste servi\u00e7o; os ve\u00edculos com isen\u00e7\u00e3o decorrente de regime jur\u00eddico pr\u00f3prio, assim considerados os movidos por energia de propuls\u00e3o el\u00e9trica, a hidrog\u00eanio ou h\u00edbridos; os conduzidos por pessoa com defici\u00eancia da qual decorra comprometimento de mobilidade ou por quem as transporte; os conduzidos por pessoa com doen\u00e7a cr\u00f4nica que comprometa sua mobilidade ou que realize tratamento continuado, debilitante de doen\u00e7a grave, como quimioterapia para tratamento oncol\u00f3gico, ou por quem as transporte;<\/li><li>a restri\u00e7\u00e3o tamb\u00e9m n\u00e3o se aplica aos caminh\u00f5es, que permanecem regulados por normas espec\u00edficas;<\/li><li>a Secretaria Municipal de Mobilidade e Transportes fixar\u00e1 o procedimento a ser realizado para fins de cadastramento dos ve\u00edculos que gozar\u00e3o da excepcionalidade da restri\u00e7\u00e3o de circula\u00e7\u00e3o. O pedido de isen\u00e7\u00e3o ser\u00e1 autodeclarat\u00f3rio, respondendo o declarante pela falsidade de sua informa\u00e7\u00e3o, sujeitando-se \u00e0s san\u00e7\u00f5es cab\u00edveis, incluindo as penais e a autua\u00e7\u00e3o de tr\u00e2nsito;<\/li><li>fiscaliza\u00e7\u00e3o do cumprimento das restri\u00e7\u00f5es regulamentadas pelo texto legal e a aplica\u00e7\u00e3o da penalidade correspondente caber\u00e1 ao Departamento de Opera\u00e7\u00e3o do Sistema Vi\u00e1rio &#8211; DSV, da Secretaria Municipal de Mobilidade e Transportes.<\/li><\/ul>\n\n\n\n<p><em>As normas entrar\u00e3o em vigor em 11 de maio de 2020.<br><\/em><\/p>\n\n\n\n<p>O Sincomavi aos interessados o estudo completo e acompanhamento do assunto.<\/p>\n\n\n<style>.wp-block-kadence-advancedbtn.kb-btns_3f8e7c-b8{gap:var(--global-kb-gap-xs, 0.5rem );justify-content:center;align-items:center;}.kt-btns_3f8e7c-b8 .kt-button{font-weight:normal;font-style:normal;}.kt-btns_3f8e7c-b8 .kt-btn-wrap-0{margin-right:5px;}.wp-block-kadence-advancedbtn.kt-btns_3f8e7c-b8 .kt-btn-wrap-0 .kt-button{color:#555555;border-color:#555555;}.wp-block-kadence-advancedbtn.kt-btns_3f8e7c-b8 .kt-btn-wrap-0 .kt-button:hover, .wp-block-kadence-advancedbtn.kt-btns_3f8e7c-b8 .kt-btn-wrap-0 .kt-button:focus{color:#ffffff;border-color:#444444;}.wp-block-kadence-advancedbtn.kt-btns_3f8e7c-b8 .kt-btn-wrap-0 .kt-button::before{display:none;}.wp-block-kadence-advancedbtn.kt-btns_3f8e7c-b8 .kt-btn-wrap-0 .kt-button:hover, .wp-block-kadence-advancedbtn.kt-btns_3f8e7c-b8 .kt-btn-wrap-0 .kt-button:focus{background:#444444;}<\/style>\n<div class=\"wp-block-kadence-advancedbtn kt-btn-align-center kt-btn-tablet-align-inherit kt-btn-mobile-align-inherit kt-btns-wrap kt-btns_3f8e7c-b8\"><div class=\"kt-btn-wrap kt-btn-wrap-0\"><a class=\"kt-button button kt-btn-0-action kt-btn-size-standard kt-btn-style-basic kt-btn-svg-show-always kt-btn-has-text-true kt-btn-has-svg-false\" href=\"https:\/\/sincomavi.org.br\/wp-content\/uploads\/2020\/05\/200508-dec-oficial-rodizio-pg_0001.pdf\" target=\"_blank\" rel=\"noreferrer noopener\"><span class=\"kt-btn-inner-text\">Download do Decreto n\u00ba 59.403<\/span><\/a><\/div><\/div>\n\n\n\n<p><br>Fa\u00e7a o donwload do arquivo criado pela Companhia de Engenharia de Tr\u00e1fego (CET) com perguntas e respostas sobre o Regime Emergencial de Restri\u00e7\u00e3o de Circula\u00e7\u00e3o de Ve\u00edculos.<\/p>\n\n\n<style>.wp-block-kadence-advancedbtn.kb-btns_9f6647-98{gap:var(--global-kb-gap-xs, 0.5rem );justify-content:center;align-items:center;}.kt-btns_9f6647-98 .kt-button{font-weight:normal;font-style:normal;}.kt-btns_9f6647-98 .kt-btn-wrap-0{margin-right:5px;}.wp-block-kadence-advancedbtn.kt-btns_9f6647-98 .kt-btn-wrap-0 .kt-button{color:#555555;border-color:#555555;}.wp-block-kadence-advancedbtn.kt-btns_9f6647-98 .kt-btn-wrap-0 .kt-button:hover, .wp-block-kadence-advancedbtn.kt-btns_9f6647-98 .kt-btn-wrap-0 .kt-button:focus{color:#ffffff;border-color:#444444;}.wp-block-kadence-advancedbtn.kt-btns_9f6647-98 .kt-btn-wrap-0 .kt-button::before{display:none;}.wp-block-kadence-advancedbtn.kt-btns_9f6647-98 .kt-btn-wrap-0 .kt-button:hover, .wp-block-kadence-advancedbtn.kt-btns_9f6647-98 .kt-btn-wrap-0 .kt-button:focus{background:#444444;}<\/style>\n<div class=\"wp-block-kadence-advancedbtn kt-btn-align-center kt-btn-tablet-align-inherit kt-btn-mobile-align-inherit kt-btns-wrap kt-btns_9f6647-98\"><div class=\"kt-btn-wrap kt-btn-wrap-0\"><a class=\"kt-button button kt-btn-0-action kt-btn-size-standard kt-btn-style-basic kt-btn-svg-show-always kt-btn-has-text-true kt-btn-has-svg-false\" href=\"https:\/\/sincomavi.org.br\/wp-content\/uploads\/2020\/05\/CET-Companhia-de-Engenharia-de-Trafego-Especial-COVID-19.pdf\" target=\"_blank\" rel=\"noreferrer noopener\"><span class=\"kt-btn-inner-text\">DOWNLOAD<\/span><\/a><\/div><\/div>\n\n\n\n<p><br>Defini\u00e7\u00e3o de Ve\u00edculo Urbano de Carga (VUC): <strong><a rel=\"noreferrer noopener\" href=\"https:\/\/sincomavi.org.br\/wp-content\/uploads\/2020\/05\/PORTARIA-SECRETARIA-MUNICIPAL-DE-MOBILIDADE-E-TRANSPORTES-SMT-N\u00ba-137-DE-3-DE-AGOSTO-DE-2018-\u00ab-Cat\u00e1logo-de-Legisla\u00e7\u00e3o-Municipal.pdf\" target=\"_blank\">PORTARIA N\u00ba 137\/18-SMT.GAB<\/a><\/strong> &#8211; Cap\u00edtulo III<\/p>\n\n\n<style>.wp-block-kadence-spacer.kt-block-spacer-_2516e5-a7 .kt-block-spacer{height:60px;}.wp-block-kadence-spacer.kt-block-spacer-_2516e5-a7 .kt-divider{border-top-width:1px;height:1px;border-top-color:#eee;width:80%;border-top-style:solid;}<\/style>\n<div class=\"wp-block-kadence-spacer aligncenter kt-block-spacer-_2516e5-a7\"><div class=\"kt-block-spacer kt-block-spacer-halign-center\" style=\"height:60px\"><hr class=\"kt-divider\" style=\"border-top-color:rgba(238, 238, 238, 1);border-top-width:1px;width:80%;border-top-style:solid\"\/><\/div><\/div>\n","protected":false},"excerpt":{"rendered":"<p>11\/05\/2020 &#8211; 14h27 | Assinado o decreto n\u00ba 59.403 que regulamenta o regime emergencial de restri\u00e7\u00e3o de circula\u00e7\u00e3o de ve\u00edculos no Munic\u00edpio de S\u00e3o Paulo (rod\u00edzio). Apesar da grande divulga\u00e7\u00e3o nos meios de comunica\u00e7\u00e3o, os principais pontos que afetam o setor podem ser consultados na tabela abaixo. Vale a pena lembrar que os caminh\u00f5es de [&hellip;]<\/p>\n","protected":false},"author":1,"featured_media":3399,"comment_status":"closed","ping_status":"open","sticky":false,"template":"","format":"standard","meta":{"tdm_status":"","tdm_grid_status":"","footnotes":""},"categories":[153],"tags":[349,247,353],"class_list":["post-3397","post","type-post","status-publish","format-standard","has-post-thumbnail","hentry","category-noticias","tag-coronavirus","tag-pmsp","tag-rodizio"],"amp_enabled":true,"_links":{"self":[{"href":"https:\/\/sincomavi.org.br\/index.php?rest_route=\/wp\/v2\/posts\/3397","targetHints":{"allow":["GET"]}}],"collection":[{"href":"https:\/\/sincomavi.org.br\/index.php?rest_route=\/wp\/v2\/posts"}],"about":[{"href":"https:\/\/sincomavi.org.br\/index.php?rest_route=\/wp\/v2\/types\/post"}],"author":[{"embeddable":true,"href":"https:\/\/sincomavi.org.br\/index.php?rest_route=\/wp\/v2\/users\/1"}],"replies":[{"embeddable":true,"href":"https:\/\/sincomavi.org.br\/index.php?rest_route=%2Fwp%2Fv2%2Fcomments&post=3397"}],"version-history":[{"count":16,"href":"https:\/\/sincomavi.org.br\/index.php?rest_route=\/wp\/v2\/posts\/3397\/revisions"}],"predecessor-version":[{"id":3488,"href":"https:\/\/sincomavi.org.br\/index.php?rest_route=\/wp\/v2\/posts\/3397\/revisions\/3488"}],"wp:featuredmedia":[{"embeddable":true,"href":"https:\/\/sincomavi.org.br\/index.php?rest_route=\/wp\/v2\/media\/3399"}],"wp:attachment":[{"href":"https:\/\/sincomavi.org.br\/index.php?rest_route=%2Fwp%2Fv2%2Fmedia&parent=3397"}],"wp:term":[{"taxonomy":"category","embeddable":true,"href":"https:\/\/sincomavi.org.br\/index.php?rest_route=%2Fwp%2Fv2%2Fcategories&post=3397"},{"taxonomy":"post_tag","embeddable":true,"href":"https:\/\/sincomavi.org.br\/index.php?rest_route=%2Fwp%2Fv2%2Ftags&post=3397"}],"curies":[{"name":"wp","href":"https:\/\/api.w.org\/{rel}","templated":true}]}}