{"id":3390,"date":"2020-05-07T15:03:17","date_gmt":"2020-05-07T18:03:17","guid":{"rendered":"https:\/\/sincomavi.org.br\/?p=3390"},"modified":"2020-05-07T15:03:18","modified_gmt":"2020-05-07T18:03:18","slug":"suspensao-do-parcelamento-do-fgts-por-ate-seis-meses","status":"publish","type":"post","link":"https:\/\/sincomavi.org.br\/?p=3390","title":{"rendered":"Suspens\u00e3o do parcelamento do FGTS por at\u00e9 seis meses"},"content":{"rendered":"\n<p>A resolu\u00e7\u00e3o n\u00ba 961 do Conselho Curador do Fundo de Garantia do Tempo de Servi\u00e7o (FGTS), publicada no Di\u00e1rio Oficial da Uni\u00e3o (DOU), hoje, 07 de maio, estabelece as regras de parcelamentos de d\u00e9bitos das empresas em fun\u00e7\u00e3o da pandemia do Coronav\u00edrus. As parcelas com vencimento entre os meses de mar\u00e7o e agosto de 2020 eventualmente inadimplidas [descumpridas] n\u00e3o implicar\u00e3o na rescis\u00e3o autom\u00e1tica do contrato de parcelamento. Em outras palavras, as empresas passam a ter at\u00e9 seis meses a mais para recolher o FGTS em atraso.<\/p>\n\n\n\n<p>Na possibilidade de n\u00e3o quita\u00e7\u00e3o das parcelas, a resolu\u00e7\u00e3o autoriza a reprograma\u00e7\u00e3o de vencimentos em aberto de maneira sequencial a partir de setembro de 2020, independente de formaliza\u00e7\u00e3o de aditamento contratual. Vale lembrar que est\u00e1 prevista a incid\u00eancia de atualiza\u00e7\u00e3o, multa e demais encargos.<\/p>\n\n\n\n<p>Por outro lado, ser\u00e1 concedido aos novos contratos firmados at\u00e9 31 de dezembro de 2020 car\u00eancia de 90 dias para o in\u00edcio do vencimento das parcelas do acordo. Aten\u00e7\u00e3o: a car\u00eancia concedida n\u00e3o se aplicar\u00e1 aos d\u00e9bitos de FGTS rescis\u00f3rios.<\/p>\n\n\n\n<p>Fa\u00e7a o download da resolu\u00e7\u00e3o N\u00ba 961 no link abaixo.<\/p>\n\n\n<style>.wp-block-kadence-advancedbtn.kb-btns_7ea14d-1a{gap:var(--global-kb-gap-xs, 0.5rem );justify-content:center;align-items:center;}.kt-btns_7ea14d-1a .kt-button{font-weight:normal;font-style:normal;}.kt-btns_7ea14d-1a .kt-btn-wrap-0{margin-right:5px;}.wp-block-kadence-advancedbtn.kt-btns_7ea14d-1a .kt-btn-wrap-0 .kt-button{color:#555555;border-color:#555555;}.wp-block-kadence-advancedbtn.kt-btns_7ea14d-1a .kt-btn-wrap-0 .kt-button:hover, .wp-block-kadence-advancedbtn.kt-btns_7ea14d-1a .kt-btn-wrap-0 .kt-button:focus{color:#ffffff;border-color:#444444;}.wp-block-kadence-advancedbtn.kt-btns_7ea14d-1a .kt-btn-wrap-0 .kt-button::before{display:none;}.wp-block-kadence-advancedbtn.kt-btns_7ea14d-1a .kt-btn-wrap-0 .kt-button:hover, .wp-block-kadence-advancedbtn.kt-btns_7ea14d-1a .kt-btn-wrap-0 .kt-button:focus{background:#444444;}<\/style>\n<div class=\"wp-block-kadence-advancedbtn kt-btn-align-center kt-btn-tablet-align-inherit kt-btn-mobile-align-inherit kt-btns-wrap kt-btns_7ea14d-1a\"><div class=\"kt-btn-wrap kt-btn-wrap-0\"><a class=\"kt-button button kt-btn-0-action kt-btn-size-standard kt-btn-style-basic kt-btn-svg-show-always kt-btn-has-text-true kt-btn-has-svg-false\" href=\"https:\/\/sincomavi.org.br\/wp-content\/uploads\/2020\/05\/RESOLU\u00c7\u00c3O-N\u00ba-961-DE-5-DE-MAIO-DE-2020-RESOLU\u00c7\u00c3O-N\u00ba-961-DE-5-DE-MAIO-DE-2020-DOU-Imprensa-Nacional.pdf\" target=\"_blank\" rel=\"noreferrer noopener\"><span class=\"kt-btn-inner-text\">CLIQUE AQUI<\/span><\/a><\/div><\/div>\n","protected":false},"excerpt":{"rendered":"<p>A resolu\u00e7\u00e3o n\u00ba 961 do Conselho Curador do Fundo de Garantia do Tempo de Servi\u00e7o (FGTS), publicada no Di\u00e1rio Oficial da Uni\u00e3o (DOU), hoje, 07 de maio, estabelece as regras de parcelamentos de d\u00e9bitos das empresas em fun\u00e7\u00e3o da pandemia do Coronav\u00edrus. As parcelas com vencimento entre os meses de mar\u00e7o e agosto de 2020 [&hellip;]<\/p>\n","protected":false},"author":1,"featured_media":3391,"comment_status":"closed","ping_status":"open","sticky":false,"template":"","format":"standard","meta":{"tdm_status":"","tdm_grid_status":"","footnotes":""},"categories":[153],"tags":[349,397,83,405,406],"class_list":["post-3390","post","type-post","status-publish","format-standard","has-post-thumbnail","hentry","category-noticias","tag-coronavirus","tag-covid-19","tag-fgts","tag-parcelamento","tag-resolucao"],"amp_enabled":true,"_links":{"self":[{"href":"https:\/\/sincomavi.org.br\/index.php?rest_route=\/wp\/v2\/posts\/3390","targetHints":{"allow":["GET"]}}],"collection":[{"href":"https:\/\/sincomavi.org.br\/index.php?rest_route=\/wp\/v2\/posts"}],"about":[{"href":"https:\/\/sincomavi.org.br\/index.php?rest_route=\/wp\/v2\/types\/post"}],"author":[{"embeddable":true,"href":"https:\/\/sincomavi.org.br\/index.php?rest_route=\/wp\/v2\/users\/1"}],"replies":[{"embeddable":true,"href":"https:\/\/sincomavi.org.br\/index.php?rest_route=%2Fwp%2Fv2%2Fcomments&post=3390"}],"version-history":[{"count":1,"href":"https:\/\/sincomavi.org.br\/index.php?rest_route=\/wp\/v2\/posts\/3390\/revisions"}],"predecessor-version":[{"id":3392,"href":"https:\/\/sincomavi.org.br\/index.php?rest_route=\/wp\/v2\/posts\/3390\/revisions\/3392"}],"wp:featuredmedia":[{"embeddable":true,"href":"https:\/\/sincomavi.org.br\/index.php?rest_route=\/wp\/v2\/media\/3391"}],"wp:attachment":[{"href":"https:\/\/sincomavi.org.br\/index.php?rest_route=%2Fwp%2Fv2%2Fmedia&parent=3390"}],"wp:term":[{"taxonomy":"category","embeddable":true,"href":"https:\/\/sincomavi.org.br\/index.php?rest_route=%2Fwp%2Fv2%2Fcategories&post=3390"},{"taxonomy":"post_tag","embeddable":true,"href":"https:\/\/sincomavi.org.br\/index.php?rest_route=%2Fwp%2Fv2%2Ftags&post=3390"}],"curies":[{"name":"wp","href":"https:\/\/api.w.org\/{rel}","templated":true}]}}