{"id":3378,"date":"2020-05-07T11:59:26","date_gmt":"2020-05-07T14:59:26","guid":{"rendered":"https:\/\/sincomavi.org.br\/?p=3378"},"modified":"2020-05-07T11:59:27","modified_gmt":"2020-05-07T14:59:27","slug":"e-obrigatorio-o-fornecimento-de-mascara-aos-colaboradores","status":"publish","type":"post","link":"https:\/\/sincomavi.org.br\/?p=3378","title":{"rendered":"\u00c9 obrigat\u00f3rio o fornecimento de m\u00e1scara aos colaboradores"},"content":{"rendered":"\n<p>Com as \u00faltimas decis\u00f5es e medidas tomadas nas esferas federal e estadual a respeito da COVID-19, as empresas do segmento ficam obrigadas a fornecer gratuitamente m\u00e1scaras de prote\u00e7\u00e3o facial a todos os seus colaboradores. A publica\u00e7\u00e3o do Decreto 64.959, do governo do Estado de S\u00e3o Paulo, estabeleceu as normas sobre o uso geral e, com a derrubada de dois dispositivos trabalhistas na Medida Provis\u00f3ria (MP) 927\/2020, pelo Supremo Tribunal Federal (STF), entre eles o Art. 29 que determinava <em>\u201cOs casos de contamina\u00e7\u00e3o pelo coronav\u00edrus (covid-19) n\u00e3o ser\u00e3o considerados ocupacionais, exceto mediante comprova\u00e7\u00e3o do nexo causal\u201d, <\/em>reafirmaram esse entendimento. Em outras palavras, as m\u00e1scaras podem ser equiparadas a Equipamento de Prote\u00e7\u00e3o Individual (EPI).<\/p>\n\n\n\n<p>Vale lembrar que a Norma Regulamentadora n\u00ba 06 estabelece que \u201cEPI \u00e9, todo dispositivo ou produto, de uso individual utilizado pelo trabalhador, destinado \u00e0 prote\u00e7\u00e3o de riscos suscet\u00edveis de amea\u00e7ar a seguran\u00e7a e a sa\u00fade no trabalho\u201d. Tamb\u00e9m \u00e9 preciso ressaltar que a n\u00e3o utiliza\u00e7\u00e3o de m\u00e1scara de prote\u00e7\u00e3o no atendimento dos consumidores j\u00e1 est\u00e1 sendo fiscalizada e penalizada pelo PROCON de outros estados da uni\u00e3o e, no \u00e2mbito do estado de S\u00e3o Paulo, esse trabalho ser\u00e1 efetuado pelas prefeituras, com auxilio dos demais \u00f3rg\u00e3os estaduais.<\/p>\n\n\n\n<h2 class=\"wp-block-heading\">Entrega documentada<\/h2>\n\n\n\n<p>Diante de tal quadro e para evitar problemas trabalhistas e de fiscaliza\u00e7\u00e3o municipal, a recomenda\u00e7\u00e3o \u00e9 que os comerciantes do segmento passem a fornecer esse EPI a seus colaboradores e fa\u00e7am todo o registro de entrega, com instru\u00e7\u00f5es de uso e manuseio. Deve ser utilizado o mesmo cuidado adotado com os outros EPIs obrigat\u00f3rios, realidade para muitas empresas do setor, como: luvas, capacete, botas, protetor auditivo etc.<\/p>\n\n\n\n<p><strong>Para facilitar o registro de entrega, o Sincomavi oferece modelo b\u00e1sico de registro de entrega de EPI.<\/strong><\/p>\n\n\n<style>.wp-block-kadence-advancedbtn.kb-btns_83521b-72{gap:var(--global-kb-gap-xs, 0.5rem );justify-content:flex-start;align-items:center;}.kt-btns_83521b-72 .kt-button{font-weight:normal;font-style:normal;}.kt-btns_83521b-72 .kt-btn-wrap-0{margin-right:5px;}.wp-block-kadence-advancedbtn.kt-btns_83521b-72 .kt-btn-wrap-0 .kt-button{color:#555555;border-color:#555555;}.wp-block-kadence-advancedbtn.kt-btns_83521b-72 .kt-btn-wrap-0 .kt-button:hover, .wp-block-kadence-advancedbtn.kt-btns_83521b-72 .kt-btn-wrap-0 .kt-button:focus{color:#ffffff;border-color:#444444;}.wp-block-kadence-advancedbtn.kt-btns_83521b-72 .kt-btn-wrap-0 .kt-button::before{display:none;}.wp-block-kadence-advancedbtn.kt-btns_83521b-72 .kt-btn-wrap-0 .kt-button:hover, .wp-block-kadence-advancedbtn.kt-btns_83521b-72 .kt-btn-wrap-0 .kt-button:focus{background:#444444;}<\/style>\n<div class=\"wp-block-kadence-advancedbtn kt-btn-align-left kt-btn-tablet-align-inherit kt-btn-mobile-align-inherit kt-btns-wrap kt-btns_83521b-72\"><div class=\"kt-btn-wrap kt-btn-wrap-0\"><a class=\"kt-button button kt-btn-0-action kt-btn-size-standard kt-btn-style-basic kt-btn-svg-show-always kt-btn-has-text-true kt-btn-has-svg-false\" href=\"https:\/\/sincomavi.org.br\/wp-content\/uploads\/2020\/05\/FICHA-DE-CONTROLE.docx\" target=\"_blank\" rel=\"noreferrer noopener\"><span class=\"kt-btn-inner-text\">DOWNLOAD<\/span><\/a><\/div><\/div>\n\n\n\n<p>Para os interessados recomenda-se a leitura atenta da NR6, que apresenta todas as exig\u00eancias referentes a Equipamentos de Prote\u00e7\u00e3o Individual.<\/p>\n\n\n<style>.wp-block-kadence-advancedbtn.kb-btns_2d07d6-3a{gap:var(--global-kb-gap-xs, 0.5rem );justify-content:flex-start;align-items:center;}.kt-btns_2d07d6-3a .kt-button{font-weight:normal;font-style:normal;}.kt-btns_2d07d6-3a .kt-btn-wrap-0{margin-right:5px;}.wp-block-kadence-advancedbtn.kt-btns_2d07d6-3a .kt-btn-wrap-0 .kt-button{color:#555555;border-color:#555555;}.wp-block-kadence-advancedbtn.kt-btns_2d07d6-3a .kt-btn-wrap-0 .kt-button:hover, .wp-block-kadence-advancedbtn.kt-btns_2d07d6-3a .kt-btn-wrap-0 .kt-button:focus{color:#ffffff;border-color:#444444;}.wp-block-kadence-advancedbtn.kt-btns_2d07d6-3a .kt-btn-wrap-0 .kt-button::before{display:none;}.wp-block-kadence-advancedbtn.kt-btns_2d07d6-3a .kt-btn-wrap-0 .kt-button:hover, .wp-block-kadence-advancedbtn.kt-btns_2d07d6-3a .kt-btn-wrap-0 .kt-button:focus{background:#444444;}<\/style>\n<div class=\"wp-block-kadence-advancedbtn kt-btn-align-left kt-btn-tablet-align-inherit kt-btn-mobile-align-inherit kt-btns-wrap kt-btns_2d07d6-3a\"><div class=\"kt-btn-wrap kt-btn-wrap-0\"><a class=\"kt-button button kt-btn-0-action kt-btn-size-standard kt-btn-style-basic kt-btn-svg-show-always kt-btn-has-text-true kt-btn-has-svg-false\" href=\"https:\/\/sincomavi.org.br\/wp-content\/uploads\/2020\/05\/nr-06-atualizada-2018.pdf\" target=\"_blank\" rel=\"noreferrer noopener\"><span class=\"kt-btn-inner-text\">DOWNLOAD NR6<\/span><\/a><\/div><\/div>\n","protected":false},"excerpt":{"rendered":"<p>Com as \u00faltimas decis\u00f5es e medidas tomadas nas esferas federal e estadual a respeito da COVID-19, as empresas do segmento ficam obrigadas a fornecer gratuitamente m\u00e1scaras de prote\u00e7\u00e3o facial a todos os seus colaboradores. A publica\u00e7\u00e3o do Decreto 64.959, do governo do Estado de S\u00e3o Paulo, estabeleceu as normas sobre o uso geral e, com [&hellip;]<\/p>\n","protected":false},"author":1,"featured_media":3382,"comment_status":"closed","ping_status":"open","sticky":false,"template":"","format":"standard","meta":{"tdm_status":"","tdm_grid_status":"","footnotes":""},"categories":[157],"tags":[349,404,403,363],"class_list":["post-3378","post","type-post","status-publish","format-standard","has-post-thumbnail","hentry","category-alerta","tag-coronavirus","tag-epi","tag-nr-6","tag-relacoes-trabalhistas"],"amp_enabled":true,"_links":{"self":[{"href":"https:\/\/sincomavi.org.br\/index.php?rest_route=\/wp\/v2\/posts\/3378","targetHints":{"allow":["GET"]}}],"collection":[{"href":"https:\/\/sincomavi.org.br\/index.php?rest_route=\/wp\/v2\/posts"}],"about":[{"href":"https:\/\/sincomavi.org.br\/index.php?rest_route=\/wp\/v2\/types\/post"}],"author":[{"embeddable":true,"href":"https:\/\/sincomavi.org.br\/index.php?rest_route=\/wp\/v2\/users\/1"}],"replies":[{"embeddable":true,"href":"https:\/\/sincomavi.org.br\/index.php?rest_route=%2Fwp%2Fv2%2Fcomments&post=3378"}],"version-history":[{"count":1,"href":"https:\/\/sincomavi.org.br\/index.php?rest_route=\/wp\/v2\/posts\/3378\/revisions"}],"predecessor-version":[{"id":3383,"href":"https:\/\/sincomavi.org.br\/index.php?rest_route=\/wp\/v2\/posts\/3378\/revisions\/3383"}],"wp:featuredmedia":[{"embeddable":true,"href":"https:\/\/sincomavi.org.br\/index.php?rest_route=\/wp\/v2\/media\/3382"}],"wp:attachment":[{"href":"https:\/\/sincomavi.org.br\/index.php?rest_route=%2Fwp%2Fv2%2Fmedia&parent=3378"}],"wp:term":[{"taxonomy":"category","embeddable":true,"href":"https:\/\/sincomavi.org.br\/index.php?rest_route=%2Fwp%2Fv2%2Fcategories&post=3378"},{"taxonomy":"post_tag","embeddable":true,"href":"https:\/\/sincomavi.org.br\/index.php?rest_route=%2Fwp%2Fv2%2Ftags&post=3378"}],"curies":[{"name":"wp","href":"https:\/\/api.w.org\/{rel}","templated":true}]}}