{"id":3366,"date":"2020-05-13T10:12:00","date_gmt":"2020-05-13T13:12:00","guid":{"rendered":"https:\/\/sincomavi.org.br\/?p=3366"},"modified":"2020-09-29T08:47:54","modified_gmt":"2020-09-29T11:47:54","slug":"sincomavi-oferece-cartaz-sobre-uso-obrigatorio-de-mascara","status":"publish","type":"post","link":"https:\/\/sincomavi.org.br\/?p=3366","title":{"rendered":"Sincomavi oferece cartaz sobre uso obrigat\u00f3rio de m\u00e1scara"},"content":{"rendered":"<style>.wp-block-kadence-spacer.kt-block-spacer-_7cfc0c-3f .kt-block-spacer{height:60px;}.wp-block-kadence-spacer.kt-block-spacer-_7cfc0c-3f .kt-divider{border-top-width:1px;height:1px;border-top-color:#eee;width:80%;border-top-style:solid;}<\/style>\n<div class=\"wp-block-kadence-spacer aligncenter kt-block-spacer-_7cfc0c-3f\"><div class=\"kt-block-spacer kt-block-spacer-halign-center\" style=\"height:60px\"><hr class=\"kt-divider\" style=\"border-top-color:rgba(238, 238, 238, 1);border-top-width:1px;width:80%;border-top-style:solid\"\/><\/div><\/div>\n\n\n\n<p><strong>Aten\u00e7\u00e3o: para o cartaz da Resolu\u00e7\u00e3o SS-96, da Secretaria Estadual de Sa\u00fade, de 29 de junho de 2020: <\/strong><a href=\"https:\/\/sincomavi.org.br\/cartaz-obrigatorio-uso-mascara\/\"><strong>clique aqui<\/strong><\/a><\/p>\n\n\n\n<p>Para colaborar na divulga\u00e7\u00e3o da necessidade de uso da m\u00e1scara de prote\u00e7\u00e3o facial, conforme estabelece o decreto 64.959, do Governo do Estado de S\u00e3o Paulo, o Sincomavi criou um cartaz orientativo dirigido aos consumidores. O objetivo \u00e9 evitar problemas com a clientela, bem como as pesadas penalidades previstas na nova legisla\u00e7\u00e3o.<\/p>\n\n\n<style>.wp-block-kadence-advancedbtn.kb-btns_ea65bd-18{gap:var(--global-kb-gap-xs, 0.5rem );justify-content:center;align-items:center;}.kt-btns_ea65bd-18 .kt-button{font-weight:normal;font-style:normal;}.kt-btns_ea65bd-18 .kt-btn-wrap-0{margin-right:5px;}.wp-block-kadence-advancedbtn.kt-btns_ea65bd-18 .kt-btn-wrap-0 .kt-button{color:#555555;border-color:#555555;}.wp-block-kadence-advancedbtn.kt-btns_ea65bd-18 .kt-btn-wrap-0 .kt-button:hover, .wp-block-kadence-advancedbtn.kt-btns_ea65bd-18 .kt-btn-wrap-0 .kt-button:focus{color:#ffffff;border-color:#444444;}.wp-block-kadence-advancedbtn.kt-btns_ea65bd-18 .kt-btn-wrap-0 .kt-button::before{display:none;}.wp-block-kadence-advancedbtn.kt-btns_ea65bd-18 .kt-btn-wrap-0 .kt-button:hover, .wp-block-kadence-advancedbtn.kt-btns_ea65bd-18 .kt-btn-wrap-0 .kt-button:focus{background:#444444;}<\/style>\n<div class=\"wp-block-kadence-advancedbtn kt-btn-align-center kt-btn-tablet-align-inherit kt-btn-mobile-align-inherit kt-btns-wrap kt-btns_ea65bd-18\"><div class=\"kt-btn-wrap kt-btn-wrap-0\"><a class=\"kt-button button kt-btn-0-action kt-btn-size-standard kt-btn-style-basic kt-btn-svg-show-always kt-btn-has-text-true kt-btn-has-svg-false\" href=\"https:\/\/sincomavi.org.br\/wp-content\/uploads\/2020\/05\/MASCARA_OBRIGATORIA.pdf\" target=\"_blank\" rel=\"noreferrer noopener\"><span class=\"kt-btn-inner-text\">DOWNLOAD<\/span><\/a><\/div><\/div>\n\n\n<style>.wp-block-kadence-spacer.kt-block-spacer-_c7eaff-82 .kt-block-spacer{height:60px;}.wp-block-kadence-spacer.kt-block-spacer-_c7eaff-82 .kt-divider{border-top-width:1px;height:1px;border-top-color:#eee;width:80%;border-top-style:solid;}<\/style>\n<div class=\"wp-block-kadence-spacer aligncenter kt-block-spacer-_c7eaff-82\"><div class=\"kt-block-spacer kt-block-spacer-halign-center\" style=\"height:60px\"><hr class=\"kt-divider\" style=\"border-top-color:rgba(238, 238, 238, 1);border-top-width:1px;width:80%;border-top-style:solid\"\/><\/div><\/div>\n","protected":false},"excerpt":{"rendered":"<p>Aten\u00e7\u00e3o: para o cartaz da Resolu\u00e7\u00e3o SS-96, da Secretaria Estadual de Sa\u00fade, de 29 de junho de 2020: clique aqui Para colaborar na divulga\u00e7\u00e3o da necessidade de uso da m\u00e1scara de prote\u00e7\u00e3o facial, conforme estabelece o decreto 64.959, do Governo do Estado de S\u00e3o Paulo, o Sincomavi criou um cartaz orientativo dirigido aos consumidores. O [&hellip;]<\/p>\n","protected":false},"author":1,"featured_media":3369,"comment_status":"closed","ping_status":"open","sticky":false,"template":"","format":"standard","meta":{"tdm_status":"","tdm_grid_status":"","footnotes":""},"categories":[153],"tags":[379,349],"class_list":["post-3366","post","type-post","status-publish","format-standard","has-post-thumbnail","hentry","category-noticias","tag-cartazes","tag-coronavirus"],"amp_enabled":true,"_links":{"self":[{"href":"https:\/\/sincomavi.org.br\/index.php?rest_route=\/wp\/v2\/posts\/3366","targetHints":{"allow":["GET"]}}],"collection":[{"href":"https:\/\/sincomavi.org.br\/index.php?rest_route=\/wp\/v2\/posts"}],"about":[{"href":"https:\/\/sincomavi.org.br\/index.php?rest_route=\/wp\/v2\/types\/post"}],"author":[{"embeddable":true,"href":"https:\/\/sincomavi.org.br\/index.php?rest_route=\/wp\/v2\/users\/1"}],"replies":[{"embeddable":true,"href":"https:\/\/sincomavi.org.br\/index.php?rest_route=%2Fwp%2Fv2%2Fcomments&post=3366"}],"version-history":[{"count":4,"href":"https:\/\/sincomavi.org.br\/index.php?rest_route=\/wp\/v2\/posts\/3366\/revisions"}],"predecessor-version":[{"id":5070,"href":"https:\/\/sincomavi.org.br\/index.php?rest_route=\/wp\/v2\/posts\/3366\/revisions\/5070"}],"wp:featuredmedia":[{"embeddable":true,"href":"https:\/\/sincomavi.org.br\/index.php?rest_route=\/wp\/v2\/media\/3369"}],"wp:attachment":[{"href":"https:\/\/sincomavi.org.br\/index.php?rest_route=%2Fwp%2Fv2%2Fmedia&parent=3366"}],"wp:term":[{"taxonomy":"category","embeddable":true,"href":"https:\/\/sincomavi.org.br\/index.php?rest_route=%2Fwp%2Fv2%2Fcategories&post=3366"},{"taxonomy":"post_tag","embeddable":true,"href":"https:\/\/sincomavi.org.br\/index.php?rest_route=%2Fwp%2Fv2%2Ftags&post=3366"}],"curies":[{"name":"wp","href":"https:\/\/api.w.org\/{rel}","templated":true}]}}