{"id":3360,"date":"2020-05-05T19:24:19","date_gmt":"2020-05-05T22:24:19","guid":{"rendered":"https:\/\/sincomavi.org.br\/?p=3360"},"modified":"2020-05-08T10:41:06","modified_gmt":"2020-05-08T13:41:06","slug":"comercio-uso-de-mascara-de-protecao-passa-a-ser-obrigatorio","status":"publish","type":"post","link":"https:\/\/sincomavi.org.br\/?p=3360","title":{"rendered":"Com\u00e9rcio: uso de m\u00e1scara de prote\u00e7\u00e3o passa a ser obrigat\u00f3rio"},"content":{"rendered":"\n<p>O Decreto 64.959 estabeleceu as normas sobre o uso geral e obrigat\u00f3rio de m\u00e1scaras de prote\u00e7\u00e3o facial no contexto da pandemia da COVID-19 no Estado de S\u00e3o Paulo. Dentre elas destacam-se as seguintes, de interesse para o setor:<\/p>\n\n\n\n<ul class=\"wp-block-list\"><li>determinado o uso obrigat\u00f3rio de m\u00e1scaras de prote\u00e7\u00e3o facial por consumidores, fornecedores e clientes;<\/li><li> empregados e colaboradores, preferencialmente de uso n\u00e3o profissional, no interior de estabelecimentos que tem a permiss\u00e3o de funcionamento no Estado de S\u00e3o Paulo;<\/li><li>o descumprimento dessa norma sujeitar\u00e1 o infrator, conforme o caso, \u00e0s penas que variam de advert\u00eancia, multa de R$ 276,10 a R$ 276.100,00, interdi\u00e7\u00e3o parcial ou total do estabelecimento, se\u00e7\u00f5es, depend\u00eancias e ve\u00edculos; sem preju\u00edzo de outras penalidades pesad\u00edssimas, como deten\u00e7\u00e3o de quinze dias a um ano;<\/li><li> o uso de m\u00e1scaras de prote\u00e7\u00e3o facial constitui condi\u00e7\u00e3o de ingresso e frequ\u00eancia eventual ou permanente, nos estabelecimentos acima citados.<\/li><li> as atribui\u00e7\u00f5es de fiscaliza\u00e7\u00e3o ser\u00e3o delegadas aos Munic\u00edpios, cabendo \u00e0 Secretaria da Sa\u00fade a representa\u00e7\u00e3o do Estado nos respectivos instrumentos.<\/li><\/ul>\n\n\n\n<p>  O decreto entra em vigor em 7 de maio de 2020 <\/p>\n\n\n<style>.wp-block-kadence-advancedbtn.kb-btns_82ec7a-19{gap:var(--global-kb-gap-xs, 0.5rem );justify-content:center;align-items:center;}.kt-btns_82ec7a-19 .kt-button{font-weight:normal;font-style:normal;}.kt-btns_82ec7a-19 .kt-btn-wrap-0{margin-right:5px;}.wp-block-kadence-advancedbtn.kt-btns_82ec7a-19 .kt-btn-wrap-0 .kt-button{color:#555555;border-color:#555555;}.wp-block-kadence-advancedbtn.kt-btns_82ec7a-19 .kt-btn-wrap-0 .kt-button:hover, .wp-block-kadence-advancedbtn.kt-btns_82ec7a-19 .kt-btn-wrap-0 .kt-button:focus{color:#ffffff;border-color:#444444;}.wp-block-kadence-advancedbtn.kt-btns_82ec7a-19 .kt-btn-wrap-0 .kt-button::before{display:none;}.wp-block-kadence-advancedbtn.kt-btns_82ec7a-19 .kt-btn-wrap-0 .kt-button:hover, .wp-block-kadence-advancedbtn.kt-btns_82ec7a-19 .kt-btn-wrap-0 .kt-button:focus{background:#444444;}<\/style>\n<div class=\"wp-block-kadence-advancedbtn kt-btn-align-center kt-btn-tablet-align-inherit kt-btn-mobile-align-inherit kt-btns-wrap kt-btns_82ec7a-19\"><div class=\"kt-btn-wrap kt-btn-wrap-0\"><a class=\"kt-button button kt-btn-0-action kt-btn-size-standard kt-btn-style-basic kt-btn-svg-show-always kt-btn-has-text-true kt-btn-has-svg-false\" href=\"https:\/\/sincomavi.org.br\/wp-content\/uploads\/2020\/05\/DECRETO-N\u00ba-64.959-uso-obrigat\u00f3rio-de-m\u00e1scaras-.pdf\" target=\"_blank\" rel=\"noreferrer noopener\"><span class=\"kt-btn-inner-text\">DOWNLOAD<\/span><\/a><\/div><\/div>\n\n\n\n<ul class=\"wp-block-list\"><li><a href=\"https:\/\/sincomavi.org.br\/sincomavi-oferece-cartaz-sobre-uso-obrigatorio-de-mascara\/\" target=\"_blank\" rel=\"noreferrer noopener\"><strong>Sincomavi oferece cartaz sobre uso obrigat\u00f3rio de m\u00e1scara<\/strong><\/a><\/li><\/ul>\n","protected":false},"excerpt":{"rendered":"<p>O Decreto 64.959 estabeleceu as normas sobre o uso geral e obrigat\u00f3rio de m\u00e1scaras de prote\u00e7\u00e3o facial no contexto da pandemia da COVID-19 no Estado de S\u00e3o Paulo. Dentre elas destacam-se as seguintes, de interesse para o setor: determinado o uso obrigat\u00f3rio de m\u00e1scaras de prote\u00e7\u00e3o facial por consumidores, fornecedores e clientes; empregados e colaboradores, [&hellip;]<\/p>\n","protected":false},"author":1,"featured_media":3362,"comment_status":"closed","ping_status":"open","sticky":false,"template":"","format":"standard","meta":{"tdm_status":"","tdm_grid_status":"","footnotes":""},"categories":[157],"tags":[199,349,283,402],"class_list":["post-3360","post","type-post","status-publish","format-standard","has-post-thumbnail","hentry","category-alerta","tag-comercio","tag-coronavirus","tag-decreto","tag-governo-estadual"],"amp_enabled":true,"_links":{"self":[{"href":"https:\/\/sincomavi.org.br\/index.php?rest_route=\/wp\/v2\/posts\/3360","targetHints":{"allow":["GET"]}}],"collection":[{"href":"https:\/\/sincomavi.org.br\/index.php?rest_route=\/wp\/v2\/posts"}],"about":[{"href":"https:\/\/sincomavi.org.br\/index.php?rest_route=\/wp\/v2\/types\/post"}],"author":[{"embeddable":true,"href":"https:\/\/sincomavi.org.br\/index.php?rest_route=\/wp\/v2\/users\/1"}],"replies":[{"embeddable":true,"href":"https:\/\/sincomavi.org.br\/index.php?rest_route=%2Fwp%2Fv2%2Fcomments&post=3360"}],"version-history":[{"count":2,"href":"https:\/\/sincomavi.org.br\/index.php?rest_route=\/wp\/v2\/posts\/3360\/revisions"}],"predecessor-version":[{"id":3396,"href":"https:\/\/sincomavi.org.br\/index.php?rest_route=\/wp\/v2\/posts\/3360\/revisions\/3396"}],"wp:featuredmedia":[{"embeddable":true,"href":"https:\/\/sincomavi.org.br\/index.php?rest_route=\/wp\/v2\/media\/3362"}],"wp:attachment":[{"href":"https:\/\/sincomavi.org.br\/index.php?rest_route=%2Fwp%2Fv2%2Fmedia&parent=3360"}],"wp:term":[{"taxonomy":"category","embeddable":true,"href":"https:\/\/sincomavi.org.br\/index.php?rest_route=%2Fwp%2Fv2%2Fcategories&post=3360"},{"taxonomy":"post_tag","embeddable":true,"href":"https:\/\/sincomavi.org.br\/index.php?rest_route=%2Fwp%2Fv2%2Ftags&post=3360"}],"curies":[{"name":"wp","href":"https:\/\/api.w.org\/{rel}","templated":true}]}}