{"id":3342,"date":"2020-05-05T09:07:51","date_gmt":"2020-05-05T12:07:51","guid":{"rendered":"https:\/\/sincomavi.org.br\/?p=3342"},"modified":"2020-08-21T10:51:33","modified_gmt":"2020-08-21T13:51:33","slug":"sincomavi-participa-de-plataforma-de-oferta-de-empregos","status":"publish","type":"post","link":"https:\/\/sincomavi.org.br\/?p=3342","title":{"rendered":"Sincomavi participa de plataforma de oferta de empregos"},"content":{"rendered":"<style>.wp-block-kadence-spacer.kt-block-spacer-_cd6c62-61 .kt-block-spacer{height:60px;}.wp-block-kadence-spacer.kt-block-spacer-_cd6c62-61 .kt-divider{border-top-width:1px;height:1px;border-top-color:#eee;width:80%;border-top-style:solid;}<\/style>\n<div class=\"wp-block-kadence-spacer aligncenter kt-block-spacer-_cd6c62-61\"><div class=\"kt-block-spacer kt-block-spacer-halign-center\" style=\"height:60px\"><hr class=\"kt-divider\" style=\"border-top-color:rgba(238, 238, 238, 1);border-top-width:1px;width:80%;border-top-style:solid\"\/><\/div><\/div>\n\n\n\n<p>Foi\nlan\u00e7ado em 01 de maio, com o apoio do Sincomavi, a plataforma online Vagas no\nVarejo. Idealizada pela Associa\u00e7\u00e3o Brasileira de Redes de Farm\u00e1cias e Drogarias\n(Abrafarma), Associa\u00e7\u00e3o Brasileira de Preven\u00e7\u00e3o de Perdas (Abrappe) e Associa\u00e7\u00e3o\nBrasileira de Supermercados (Abras), o projeto conseguiu reunir 29 entidades e\nconta com aplicativo, vers\u00f5es iOS e Android, para facilitar a oferta e o\npreenchimento de postos de trabalho no com\u00e9rcio. Os profissionais interessados\nem concorrer \u00e0s vagas dispon\u00edveis devem apenas realizar um cadastro a partir da\nrede social preferida ou e-mail. O objetivo \u00e9 estabelecer uma conex\u00e3o simples e\nautodid\u00e1tica, sem as dificuldades impostas por canais tradicionais de empregos.\nDepois dessa etapa, o candidato dever\u00e1 definir sua \u00e1rea de atua\u00e7\u00e3o, experi\u00eancias\nanteriores e disponibilidade de hor\u00e1rios, podendo tamb\u00e9m inserir seu curr\u00edculo.\nAs entrevistas e avalia\u00e7\u00f5es ser\u00e3o realizadas online.<\/p>\n\n\n\n<p>J\u00e1 as empresas interessadas em anunciar suas vagas t\u00eam dispon\u00edvel uma \u00e1rea exclusiva no portal <a href=\"http:\/\/www.vagasnovarejo.com.br\"><strong>www.vagasnovarejo.com.br<\/strong><\/a>, no qual poder\u00e3o cadastrar suas oportunidades. Elas ser\u00e3o respons\u00e1veis por excluir as vagas que forem preenchidas e assinar\u00e3o um termo no qual se comprometem a n\u00e3o utilizar as informa\u00e7\u00f5es dos candidatos para qualquer outra finalidade, como venda de produtos ou servi\u00e7os. <\/p>\n\n\n\n<h2 class=\"wp-block-heading\"><strong>Vagas no Varejo &#8211; apoio e realiza\u00e7\u00e3o<\/strong><\/h2>\n\n\n\n<ul class=\"wp-block-list\"><li>Acelera Varejo  <\/li><li>Associa\u00e7\u00e3o Brasileira das Ag\u00eancias de Propaganda (Abap)<\/li><li>Associa\u00e7\u00e3o Brasileira do Atacado Farmac\u00eautico (Abafarma)<\/li><li>Associa\u00e7\u00e3o Brasileira das Perfumarias Seletivas (ABPS)<\/li><li>Associa\u00e7\u00e3o Brasileira das Redes Associativistas de Farm\u00e1cias e Drogarias (Abrafad)<\/li><li>Associa\u00e7\u00e3o Brasileira de Automa\u00e7\u00e3o (GS1 Brasil)<\/li><li>Associa\u00e7\u00e3o Brasileira de Distribui\u00e7\u00e3o e Log\u00edstica de Produtos Farmac\u00eauticos (Abradilan)<\/li><li>Associa\u00e7\u00e3o Brasileira de Emissoras de R\u00e1dio e Televis\u00e3o (Abert)<\/li><li>Associa\u00e7\u00e3o Brasileira de Franchising (ABF)<\/li><li>Associa\u00e7\u00e3o Brasileira de Franqueados (ASBRAF)<\/li><li>Associa\u00e7\u00e3o Brasileira de Log\u00edstica (Abralog)<\/li><li>Associa\u00e7\u00e3o Brasileira de Marcas Pr\u00f3prias (ABMAPRO)<\/li><li>Associa\u00e7\u00e3o Brasileira de Preven\u00e7\u00e3o de Perdas (Abrappe)<\/li><li>Associa\u00e7\u00e3o Brasileira de Profissionais de Seguran\u00e7a (ABSEG)<\/li><li>Associa\u00e7\u00e3o Brasileira de Redes de Farm\u00e1cias e Drogarias (Abrafarma)<\/li><li>Associa\u00e7\u00e3o Brasileira de Supermercados (Abras)<\/li><li>Associa\u00e7\u00e3o Brasileira do Varejo T\u00eaxtil (ABVTEX)<\/li><li>Associa\u00e7\u00e3o Brasileira dos Lojistas Sat\u00e9lites (ABLOS)<\/li><li>Associa\u00e7\u00e3o do Com\u00e9rcio Farmac\u00eautico do Estado do Rio de Janeiro (Ascoferj) <\/li><li>Associa\u00e7\u00e3o Nacional dos Comerciantes de Material de Constru\u00e7\u00e3o (Anamaco)<\/li><li>Associa\u00e7\u00e3o Nacional de Jornais (ANJ)<\/li><li>Federa\u00e7\u00e3o Brasileira das Redes Associativistas e Independentes de Farm\u00e1cias (Febrafar)<\/li><li>Mulheres do Varejo<\/li><li>Rede Nacional de Distribuidores de Medicamentos (Redifar) <\/li><li>Sindicato do Com\u00e9rcio Atacadista, Importador, Exportador e Distribuidor de Material de Constru\u00e7\u00e3o e de Material El\u00e9trico no Estado de S\u00e3o Paulo (Sincomaco)<\/li><li>Sindicato do Com\u00e9rcio Varejista de Produtos Farmac\u00eauticos do Estado de S\u00e3o Paulo (Sincofarma)<\/li><li>Sindicato do Com\u00e9rcio Varejista de Material de Constru\u00e7\u00e3o, Maquinismos, Ferragens, Tintas, Lou\u00e7as e Vidros da Grande S\u00e3o Paulo (Sincomavi) <\/li><li>Sociedade Brasileira de Varejo e Consumo (SBVC)<\/li><li>Uni\u00e3o de Farm\u00e1cias Brasileiras (Unifabra)<\/li><\/ul>\n\n\n<style>.wp-block-kadence-spacer.kt-block-spacer-_7d0a64-4e .kt-block-spacer{height:60px;}.wp-block-kadence-spacer.kt-block-spacer-_7d0a64-4e .kt-divider{border-top-width:1px;height:1px;border-top-color:#eee;width:80%;border-top-style:solid;}<\/style>\n<div class=\"wp-block-kadence-spacer aligncenter kt-block-spacer-_7d0a64-4e\"><div class=\"kt-block-spacer kt-block-spacer-halign-center\" style=\"height:60px\"><hr class=\"kt-divider\" style=\"border-top-color:rgba(238, 238, 238, 1);border-top-width:1px;width:80%;border-top-style:solid\"\/><\/div><\/div>\n","protected":false},"excerpt":{"rendered":"<p>Foi lan\u00e7ado em 01 de maio, com o apoio do Sincomavi, a plataforma online Vagas no Varejo. Idealizada pela Associa\u00e7\u00e3o Brasileira de Redes de Farm\u00e1cias e Drogarias (Abrafarma), Associa\u00e7\u00e3o Brasileira de Preven\u00e7\u00e3o de Perdas (Abrappe) e Associa\u00e7\u00e3o Brasileira de Supermercados (Abras), o projeto conseguiu reunir 29 entidades e conta com aplicativo, vers\u00f5es iOS e Android, [&hellip;]<\/p>\n","protected":false},"author":1,"featured_media":3343,"comment_status":"closed","ping_status":"open","sticky":false,"template":"","format":"standard","meta":{"tdm_status":"","tdm_grid_status":"","footnotes":""},"categories":[153],"tags":[53],"class_list":["post-3342","post","type-post","status-publish","format-standard","has-post-thumbnail","hentry","category-noticias","tag-emprego"],"amp_enabled":true,"_links":{"self":[{"href":"https:\/\/sincomavi.org.br\/index.php?rest_route=\/wp\/v2\/posts\/3342","targetHints":{"allow":["GET"]}}],"collection":[{"href":"https:\/\/sincomavi.org.br\/index.php?rest_route=\/wp\/v2\/posts"}],"about":[{"href":"https:\/\/sincomavi.org.br\/index.php?rest_route=\/wp\/v2\/types\/post"}],"author":[{"embeddable":true,"href":"https:\/\/sincomavi.org.br\/index.php?rest_route=\/wp\/v2\/users\/1"}],"replies":[{"embeddable":true,"href":"https:\/\/sincomavi.org.br\/index.php?rest_route=%2Fwp%2Fv2%2Fcomments&post=3342"}],"version-history":[{"count":2,"href":"https:\/\/sincomavi.org.br\/index.php?rest_route=\/wp\/v2\/posts\/3342\/revisions"}],"predecessor-version":[{"id":4615,"href":"https:\/\/sincomavi.org.br\/index.php?rest_route=\/wp\/v2\/posts\/3342\/revisions\/4615"}],"wp:featuredmedia":[{"embeddable":true,"href":"https:\/\/sincomavi.org.br\/index.php?rest_route=\/wp\/v2\/media\/3343"}],"wp:attachment":[{"href":"https:\/\/sincomavi.org.br\/index.php?rest_route=%2Fwp%2Fv2%2Fmedia&parent=3342"}],"wp:term":[{"taxonomy":"category","embeddable":true,"href":"https:\/\/sincomavi.org.br\/index.php?rest_route=%2Fwp%2Fv2%2Fcategories&post=3342"},{"taxonomy":"post_tag","embeddable":true,"href":"https:\/\/sincomavi.org.br\/index.php?rest_route=%2Fwp%2Fv2%2Ftags&post=3342"}],"curies":[{"name":"wp","href":"https:\/\/api.w.org\/{rel}","templated":true}]}}