{"id":3304,"date":"2020-04-30T10:23:25","date_gmt":"2020-04-30T13:23:25","guid":{"rendered":"https:\/\/sincomavi.org.br\/?p=3304"},"modified":"2020-04-30T10:43:30","modified_gmt":"2020-04-30T13:43:30","slug":"flexibilizacao-das-operacoes-sera-gradativa-e-regionalizada","status":"publish","type":"post","link":"https:\/\/sincomavi.org.br\/?p=3304","title":{"rendered":"Flexibiliza\u00e7\u00e3o das opera\u00e7\u00f5es ser\u00e1 gradativa e regionalizada"},"content":{"rendered":"\n<p>Representantes\ndos com\u00e9rcios varejista e atacadista se reuniram virtualmente mais uma vez, em\n29 de abril, com Fl\u00e1vio Amary, secret\u00e1rio da Habita\u00e7\u00e3o do Estado de S\u00e3o Paulo,\npara a troca de informa\u00e7\u00f5es sobre a flexibiliza\u00e7\u00e3o das opera\u00e7\u00f5es das empresas\ndesses segmentos. A confer\u00eancia contou com a participa\u00e7\u00e3o de Reinaldo Pedro\nCorrea, presidente do Sincomavi e vice-presidente do Conselho do Com\u00e9rcio\nVarejista (CCV), Paulo Gullo, presidente do CCV, Vicente Amato Sobrinho,\nvice-presidente do Conselho do Com\u00e9rcio Atacadista (CCA), J\u00falio Galinari,\npresidente do Sincomercio Pen\u00e1polis e diretor do CCV, Edison Maltoni,\npresidente do Sincomercio Jundia\u00ed e diretor do CCV, Jaime Vasconcellos,\nassessor econ\u00f4mico da FecomercioSP, e Noboru Takarabe, assessor econ\u00f4mico da\nFecomercioSP.<\/p>\n\n\n\n<p>O secret\u00e1rio estadual apresentou as diretrizes que servir\u00e3o de base para o \u201cPlano S\u00e3o Paulo\u201d, que ser\u00e1 divulgado em 08 de maio e prev\u00ea a volta gradativa da atividade econ\u00f4mica em territ\u00f3rio paulista. A abertura n\u00e3o s\u00f3 do com\u00e9rcio, considerado n\u00e3o essencial, mas de todos os demais setores, depender\u00e1 de quatro fatores: capacidade de atendimento do sistema de sa\u00fade, situa\u00e7\u00e3o regional em rela\u00e7\u00e3o \u00e0 pandemia, risco por atividade e maior vulnerabilidade econ\u00f4mica, e abordagem setorial para defini\u00e7\u00e3o, implementa\u00e7\u00e3o e monitoramento de protocolos. Para estabelecer tais crit\u00e9rios, a administra\u00e7\u00e3o p\u00fablica se munir\u00e1 de proje\u00e7\u00f5es, n\u00famero de leitos ocupados por regi\u00e3o, acompanhamento da evolu\u00e7\u00e3o de casos por munic\u00edpio, an\u00e1lise do PIB e da taxa de isolamento social. \u201cEm rela\u00e7\u00e3o aos protocolos, o pedido \u00e9 que exista o apoio da iniciativa privada para a testagem de seus colaboradores (PCR e teste r\u00e1pido), com poss\u00edvel rastreamento de contato\u201d. Al\u00e9m disso, ser\u00e1 solicitado tamb\u00e9m a elabora\u00e7\u00e3o de protocolos setoriais de sa\u00fade e higiene no ambiente de trabalho, com as adapta\u00e7\u00f5es necess\u00e1rias para cada atividade econ\u00f4mica. \u201cIsso ser\u00e1 uma recomenda\u00e7\u00e3o mais do que uma obriga\u00e7\u00e3o\u201d, ressaltou Fl\u00e1vio durante a reuni\u00e3o. <\/p>\n\n\n\n<figure class=\"wp-block-image size-large\"><img loading=\"lazy\" decoding=\"async\" width=\"1024\" height=\"537\" src=\"https:\/\/sincomavi.org.br\/wp-content\/uploads\/2020\/04\/TELA-COVID1-1024x537.jpg\" alt=\"\" class=\"wp-image-3306\" srcset=\"https:\/\/sincomavi.org.br\/wp-content\/uploads\/2020\/04\/TELA-COVID1-1024x537.jpg 1024w, https:\/\/sincomavi.org.br\/wp-content\/uploads\/2020\/04\/TELA-COVID1-300x157.jpg 300w, https:\/\/sincomavi.org.br\/wp-content\/uploads\/2020\/04\/TELA-COVID1-768x403.jpg 768w, https:\/\/sincomavi.org.br\/wp-content\/uploads\/2020\/04\/TELA-COVID1-801x420.jpg 801w, https:\/\/sincomavi.org.br\/wp-content\/uploads\/2020\/04\/TELA-COVID1-640x336.jpg 640w, https:\/\/sincomavi.org.br\/wp-content\/uploads\/2020\/04\/TELA-COVID1-681x357.jpg 681w, https:\/\/sincomavi.org.br\/wp-content\/uploads\/2020\/04\/TELA-COVID1.jpg 1156w\" sizes=\"auto, (max-width: 1024px) 100vw, 1024px\" \/><\/figure>\n\n\n\n<p>A poss\u00edvel permiss\u00e3o estadual n\u00e3o significa a libera\u00e7\u00e3o autom\u00e1tica das atividades empresariais, pois depender\u00e1 do aval da administra\u00e7\u00e3o municipal. \u201cSer\u00e1 feita na pr\u00f3xima sexta-feira, 08 de maio, uma reuni\u00e3o com o governador, com defini\u00e7\u00e3o das bases para a flexibiliza\u00e7\u00e3o: faseada, setorizada e regionalizada. No entanto, esse an\u00fancio servir\u00e1 como sugest\u00e3o aos prefeitos\u201d, advertiu. <\/p>\n\n\n\n<figure class=\"wp-block-image size-large\"><img loading=\"lazy\" decoding=\"async\" width=\"997\" height=\"528\" src=\"https:\/\/sincomavi.org.br\/wp-content\/uploads\/2020\/04\/TELA-COVID2.jpg\" alt=\"\" class=\"wp-image-3308\" srcset=\"https:\/\/sincomavi.org.br\/wp-content\/uploads\/2020\/04\/TELA-COVID2.jpg 997w, https:\/\/sincomavi.org.br\/wp-content\/uploads\/2020\/04\/TELA-COVID2-300x160.jpg 300w, https:\/\/sincomavi.org.br\/wp-content\/uploads\/2020\/04\/TELA-COVID2-768x407.jpg 768w, https:\/\/sincomavi.org.br\/wp-content\/uploads\/2020\/04\/TELA-COVID2-793x420.jpg 793w, https:\/\/sincomavi.org.br\/wp-content\/uploads\/2020\/04\/TELA-COVID2-640x339.jpg 640w, https:\/\/sincomavi.org.br\/wp-content\/uploads\/2020\/04\/TELA-COVID2-681x361.jpg 681w\" sizes=\"auto, (max-width: 997px) 100vw, 997px\" \/><\/figure>\n\n\n\n<p>Ao final da webconfer\u00eancia, Paulo Gullo, presidente do CCV, afirmou que os comerciantes est\u00e3o cobrando intensamente pela permiss\u00e3o de abertura das empresas, principalmente nos casos dos munic\u00edpios que n\u00e3o registraram ainda nenhum caso de Covid-19. O secret\u00e1rio foi questionado ainda sobre a possibilidade de ado\u00e7\u00e3o do sistema de drive-thru ou retira para os estabelecimentos considerados n\u00e3o essenciais antes dos Dia das M\u00e3es, considerada a segunda principal data do com\u00e9rcio brasileiro. Tal sugest\u00e3o foi descartada de imediato pelo secret\u00e1rio estadual. Por sua vez, Paulo, presidente do CCV, considerou absurda a proposta de mudan\u00e7a do Dia das M\u00e3es para outro per\u00edodo do ano.<\/p>\n\n\n\n<p>Sobre\na revis\u00e3o para a abertura dos atacados, Fl\u00e1vio, secret\u00e1rio estadual, afirmou\nque refor\u00e7ar\u00e1 essa solicita\u00e7\u00e3o. Tamb\u00e9m ser\u00e1 pedida a participa\u00e7\u00e3o de um\nrepresentante do com\u00e9rcio nas reuni\u00f5es semanais do Comit\u00ea Econ\u00f4mico Empresarial,\nmembro que dever\u00e1 ser indicado pela FecomercioSP.<\/p>\n","protected":false},"excerpt":{"rendered":"<p>Representantes dos com\u00e9rcios varejista e atacadista se reuniram virtualmente mais uma vez, em 29 de abril, com Fl\u00e1vio Amary, secret\u00e1rio da Habita\u00e7\u00e3o do Estado de S\u00e3o Paulo, para a troca de informa\u00e7\u00f5es sobre a flexibiliza\u00e7\u00e3o das opera\u00e7\u00f5es das empresas desses segmentos. A confer\u00eancia contou com a participa\u00e7\u00e3o de Reinaldo Pedro Correa, presidente do Sincomavi e [&hellip;]<\/p>\n","protected":false},"author":1,"featured_media":3309,"comment_status":"closed","ping_status":"open","sticky":false,"template":"","format":"standard","meta":{"tdm_status":"","tdm_grid_status":"","footnotes":""},"categories":[153],"tags":[349],"class_list":["post-3304","post","type-post","status-publish","format-standard","has-post-thumbnail","hentry","category-noticias","tag-coronavirus"],"amp_enabled":true,"_links":{"self":[{"href":"https:\/\/sincomavi.org.br\/index.php?rest_route=\/wp\/v2\/posts\/3304","targetHints":{"allow":["GET"]}}],"collection":[{"href":"https:\/\/sincomavi.org.br\/index.php?rest_route=\/wp\/v2\/posts"}],"about":[{"href":"https:\/\/sincomavi.org.br\/index.php?rest_route=\/wp\/v2\/types\/post"}],"author":[{"embeddable":true,"href":"https:\/\/sincomavi.org.br\/index.php?rest_route=\/wp\/v2\/users\/1"}],"replies":[{"embeddable":true,"href":"https:\/\/sincomavi.org.br\/index.php?rest_route=%2Fwp%2Fv2%2Fcomments&post=3304"}],"version-history":[{"count":5,"href":"https:\/\/sincomavi.org.br\/index.php?rest_route=\/wp\/v2\/posts\/3304\/revisions"}],"predecessor-version":[{"id":3314,"href":"https:\/\/sincomavi.org.br\/index.php?rest_route=\/wp\/v2\/posts\/3304\/revisions\/3314"}],"wp:featuredmedia":[{"embeddable":true,"href":"https:\/\/sincomavi.org.br\/index.php?rest_route=\/wp\/v2\/media\/3309"}],"wp:attachment":[{"href":"https:\/\/sincomavi.org.br\/index.php?rest_route=%2Fwp%2Fv2%2Fmedia&parent=3304"}],"wp:term":[{"taxonomy":"category","embeddable":true,"href":"https:\/\/sincomavi.org.br\/index.php?rest_route=%2Fwp%2Fv2%2Fcategories&post=3304"},{"taxonomy":"post_tag","embeddable":true,"href":"https:\/\/sincomavi.org.br\/index.php?rest_route=%2Fwp%2Fv2%2Ftags&post=3304"}],"curies":[{"name":"wp","href":"https:\/\/api.w.org\/{rel}","templated":true}]}}