{"id":3298,"date":"2020-04-30T09:55:44","date_gmt":"2020-04-30T12:55:44","guid":{"rendered":"https:\/\/sincomavi.org.br\/?p=3298"},"modified":"2020-04-30T09:55:45","modified_gmt":"2020-04-30T12:55:45","slug":"quarentena-queda-de-20-no-movimento-do-comercio","status":"publish","type":"post","link":"https:\/\/sincomavi.org.br\/?p=3298","title":{"rendered":"Quarentena: queda de 20% no movimento do com\u00e9rcio"},"content":{"rendered":"\n<p>A Boa Vista realizou um levantamento tendo em an\u00e1lise os dados dos trinta dias da quarentena imposta para combater a Covid-19. \u00a0O Indicador de Movimento do Com\u00e9rcio registrou um recuo de 20,1% para o per\u00edodo compreendido entre os dias 17 de mar\u00e7o e 15 de abril, na compara\u00e7\u00e3o com os 30 dias imediatamente anteriores (16 de fevereiro a 16 de mar\u00e7o). O \u00faltimo levantamento mensal do indicador, que acompanha o desempenho das vendas no varejo em todo o Brasil, j\u00e1 havia apontado queda de 5,1% em mar\u00e7o na varia\u00e7\u00e3o contra o m\u00eas de fevereiro, feitos os ajustes sazonais.<\/p>\n\n\n\n<div class=\"wp-block-image\"><figure class=\"aligncenter size-large\"><img loading=\"lazy\" decoding=\"async\" width=\"500\" height=\"229\" src=\"https:\/\/sincomavi.org.br\/wp-content\/uploads\/2020\/04\/boa1.png\" alt=\"\" class=\"wp-image-3299\" srcset=\"https:\/\/sincomavi.org.br\/wp-content\/uploads\/2020\/04\/boa1.png 500w, https:\/\/sincomavi.org.br\/wp-content\/uploads\/2020\/04\/boa1-300x137.png 300w\" sizes=\"auto, (max-width: 500px) 100vw, 500px\" \/><\/figure><\/div>\n\n\n\n<p>Para os analistas da Boa Vista, \u201cos dados refletem os efeitos das medidas de isolamento social e restri\u00e7\u00f5es impostas ao com\u00e9rcio com a chegada da pandemia do novo coronav\u00edrus e indicam uma desacelera\u00e7\u00e3o do setor nos pr\u00f3ximos meses\u201d. A expectativa inicial \u00e9 uma queda de 3,3% na atividade econ\u00f4mica em 2020.<\/p>\n\n\n\n<div class=\"wp-block-image\"><figure class=\"aligncenter size-large\"><img loading=\"lazy\" decoding=\"async\" width=\"500\" height=\"216\" src=\"https:\/\/sincomavi.org.br\/wp-content\/uploads\/2020\/04\/boa2.png\" alt=\"\" class=\"wp-image-3300\" srcset=\"https:\/\/sincomavi.org.br\/wp-content\/uploads\/2020\/04\/boa2.png 500w, https:\/\/sincomavi.org.br\/wp-content\/uploads\/2020\/04\/boa2-300x130.png 300w\" sizes=\"auto, (max-width: 500px) 100vw, 500px\" \/><\/figure><\/div>\n","protected":false},"excerpt":{"rendered":"<p>A Boa Vista realizou um levantamento tendo em an\u00e1lise os dados dos trinta dias da quarentena imposta para combater a Covid-19. \u00a0O Indicador de Movimento do Com\u00e9rcio registrou um recuo de 20,1% para o per\u00edodo compreendido entre os dias 17 de mar\u00e7o e 15 de abril, na compara\u00e7\u00e3o com os 30 dias imediatamente anteriores (16 [&hellip;]<\/p>\n","protected":false},"author":1,"featured_media":3301,"comment_status":"closed","ping_status":"open","sticky":false,"template":"","format":"standard","meta":{"tdm_status":"","tdm_grid_status":"","footnotes":""},"categories":[153],"tags":[199,349,75],"class_list":["post-3298","post","type-post","status-publish","format-standard","has-post-thumbnail","hentry","category-noticias","tag-comercio","tag-coronavirus","tag-vendas"],"amp_enabled":true,"_links":{"self":[{"href":"https:\/\/sincomavi.org.br\/index.php?rest_route=\/wp\/v2\/posts\/3298","targetHints":{"allow":["GET"]}}],"collection":[{"href":"https:\/\/sincomavi.org.br\/index.php?rest_route=\/wp\/v2\/posts"}],"about":[{"href":"https:\/\/sincomavi.org.br\/index.php?rest_route=\/wp\/v2\/types\/post"}],"author":[{"embeddable":true,"href":"https:\/\/sincomavi.org.br\/index.php?rest_route=\/wp\/v2\/users\/1"}],"replies":[{"embeddable":true,"href":"https:\/\/sincomavi.org.br\/index.php?rest_route=%2Fwp%2Fv2%2Fcomments&post=3298"}],"version-history":[{"count":1,"href":"https:\/\/sincomavi.org.br\/index.php?rest_route=\/wp\/v2\/posts\/3298\/revisions"}],"predecessor-version":[{"id":3302,"href":"https:\/\/sincomavi.org.br\/index.php?rest_route=\/wp\/v2\/posts\/3298\/revisions\/3302"}],"wp:featuredmedia":[{"embeddable":true,"href":"https:\/\/sincomavi.org.br\/index.php?rest_route=\/wp\/v2\/media\/3301"}],"wp:attachment":[{"href":"https:\/\/sincomavi.org.br\/index.php?rest_route=%2Fwp%2Fv2%2Fmedia&parent=3298"}],"wp:term":[{"taxonomy":"category","embeddable":true,"href":"https:\/\/sincomavi.org.br\/index.php?rest_route=%2Fwp%2Fv2%2Fcategories&post=3298"},{"taxonomy":"post_tag","embeddable":true,"href":"https:\/\/sincomavi.org.br\/index.php?rest_route=%2Fwp%2Fv2%2Ftags&post=3298"}],"curies":[{"name":"wp","href":"https:\/\/api.w.org\/{rel}","templated":true}]}}