{"id":3282,"date":"2020-04-28T13:33:47","date_gmt":"2020-04-28T16:33:47","guid":{"rendered":"https:\/\/sincomavi.org.br\/?p=3282"},"modified":"2020-04-28T13:34:32","modified_gmt":"2020-04-28T16:34:32","slug":"atencao-termo-de-aditamento-osasco-e-regiao-mp-936","status":"publish","type":"post","link":"https:\/\/sincomavi.org.br\/?p=3282","title":{"rendered":"Aten\u00e7\u00e3o: Termo de Aditamento Osasco e Regi\u00e3o (MP 936)"},"content":{"rendered":"\n<p>O Sincomavi assinou Termo de Aditamento \u00e0 Conven\u00e7\u00e3o Coletiva de\nTrabalho 2019-2020 com o Sindicato dos Empregados no Com\u00e9rcio de Osasco e\nRegi\u00e3o, abrangendo o disposto nas Medidas Provis\u00f3rias 927 e 936.<\/p>\n\n\n\n<p>O\nTermo estabelece os procedimentos para a ado\u00e7\u00e3o da amplia\u00e7\u00e3o do prazo do banco\nde horas, concess\u00e3o especial de f\u00e9rias, adapta\u00e7\u00e3o ao trabalho remoto (home\noffice), redu\u00e7\u00e3o da jornada de trabalho e do sal\u00e1rio, suspens\u00e3o tempor\u00e1ria do\ncontrato de trabalho, garantia provis\u00f3ria de emprego, penaliza\u00e7\u00e3o pelo descumprimento,\ncomunica\u00e7\u00e3o aos sindicatos patronal e laboral, medidas de seguran\u00e7a e prote\u00e7\u00e3o\ne assist\u00eancia \u00e0 rescis\u00e3o.<\/p>\n\n\n\n<p>Dada a import\u00e2ncia do assunto, o departamento Jur\u00eddico do Sincomavi recomenda o estudo completo.<\/p>\n\n\n<style>.wp-block-kadence-advancedbtn.kb-btns_1a1d85-09{gap:var(--global-kb-gap-xs, 0.5rem );justify-content:center;align-items:center;}.kt-btns_1a1d85-09 .kt-button{font-weight:normal;font-style:normal;}.kt-btns_1a1d85-09 .kt-btn-wrap-0{margin-right:5px;}.wp-block-kadence-advancedbtn.kt-btns_1a1d85-09 .kt-btn-wrap-0 .kt-button{color:#555555;border-color:#555555;}.wp-block-kadence-advancedbtn.kt-btns_1a1d85-09 .kt-btn-wrap-0 .kt-button:hover, .wp-block-kadence-advancedbtn.kt-btns_1a1d85-09 .kt-btn-wrap-0 .kt-button:focus{color:#ffffff;border-color:#444444;}.wp-block-kadence-advancedbtn.kt-btns_1a1d85-09 .kt-btn-wrap-0 .kt-button::before{display:none;}.wp-block-kadence-advancedbtn.kt-btns_1a1d85-09 .kt-btn-wrap-0 .kt-button:hover, .wp-block-kadence-advancedbtn.kt-btns_1a1d85-09 .kt-btn-wrap-0 .kt-button:focus{background:#444444;}<\/style>\n<div class=\"wp-block-kadence-advancedbtn kt-btn-align-center kt-btn-tablet-align-inherit kt-btn-mobile-align-inherit kt-btns-wrap kt-btns_1a1d85-09\"><div class=\"kt-btn-wrap kt-btn-wrap-0\"><a class=\"kt-button button kt-btn-0-action kt-btn-size-standard kt-btn-style-basic kt-btn-svg-show-always kt-btn-has-text-true kt-btn-has-svg-false\" href=\"https:\/\/sincomavi.org.br\/wp-content\/uploads\/2020\/04\/SINCOMAVI-OSASCO-Termo-de-Aditamento-\u00e0-Conven\u00e7\u00e3o.pdf\" target=\"_blank\" rel=\"noreferrer noopener\"><span class=\"kt-btn-inner-text\">DOWNLOAD<\/span><\/a><\/div><\/div>\n","protected":false},"excerpt":{"rendered":"<p>O Sincomavi assinou Termo de Aditamento \u00e0 Conven\u00e7\u00e3o Coletiva de Trabalho 2019-2020 com o Sindicato dos Empregados no Com\u00e9rcio de Osasco e Regi\u00e3o, abrangendo o disposto nas Medidas Provis\u00f3rias 927 e 936. O Termo estabelece os procedimentos para a ado\u00e7\u00e3o da amplia\u00e7\u00e3o do prazo do banco de horas, concess\u00e3o especial de f\u00e9rias, adapta\u00e7\u00e3o ao trabalho [&hellip;]<\/p>\n","protected":false},"author":1,"featured_media":3284,"comment_status":"closed","ping_status":"open","sticky":false,"template":"","format":"standard","meta":{"tdm_status":"","tdm_grid_status":"","footnotes":""},"categories":[157],"tags":[349,392,395],"class_list":["post-3282","post","type-post","status-publish","format-standard","has-post-thumbnail","hentry","category-alerta","tag-coronavirus","tag-mp-936","tag-termo-de-aditamento"],"amp_enabled":true,"_links":{"self":[{"href":"https:\/\/sincomavi.org.br\/index.php?rest_route=\/wp\/v2\/posts\/3282","targetHints":{"allow":["GET"]}}],"collection":[{"href":"https:\/\/sincomavi.org.br\/index.php?rest_route=\/wp\/v2\/posts"}],"about":[{"href":"https:\/\/sincomavi.org.br\/index.php?rest_route=\/wp\/v2\/types\/post"}],"author":[{"embeddable":true,"href":"https:\/\/sincomavi.org.br\/index.php?rest_route=\/wp\/v2\/users\/1"}],"replies":[{"embeddable":true,"href":"https:\/\/sincomavi.org.br\/index.php?rest_route=%2Fwp%2Fv2%2Fcomments&post=3282"}],"version-history":[{"count":2,"href":"https:\/\/sincomavi.org.br\/index.php?rest_route=\/wp\/v2\/posts\/3282\/revisions"}],"predecessor-version":[{"id":3286,"href":"https:\/\/sincomavi.org.br\/index.php?rest_route=\/wp\/v2\/posts\/3282\/revisions\/3286"}],"wp:featuredmedia":[{"embeddable":true,"href":"https:\/\/sincomavi.org.br\/index.php?rest_route=\/wp\/v2\/media\/3284"}],"wp:attachment":[{"href":"https:\/\/sincomavi.org.br\/index.php?rest_route=%2Fwp%2Fv2%2Fmedia&parent=3282"}],"wp:term":[{"taxonomy":"category","embeddable":true,"href":"https:\/\/sincomavi.org.br\/index.php?rest_route=%2Fwp%2Fv2%2Fcategories&post=3282"},{"taxonomy":"post_tag","embeddable":true,"href":"https:\/\/sincomavi.org.br\/index.php?rest_route=%2Fwp%2Fv2%2Ftags&post=3282"}],"curies":[{"name":"wp","href":"https:\/\/api.w.org\/{rel}","templated":true}]}}